{"id":107409,"date":"2025-07-07T14:29:18","date_gmt":"2025-07-07T12:29:18","guid":{"rendered":"https:\/\/www.tuicamper.com\/?p=107409"},"modified":"2025-06-30T14:31:20","modified_gmt":"2025-06-30T12:31:20","slug":"camping-in-carcassonne-tipps-und-stellplaetze","status":"publish","type":"post","link":"https:\/\/www.tuicamper.com\/magazin\/camping-in-carcassonne-tipps-und-stellplaetze\/","title":{"rendered":"Camping in Carcassonne \u2013 Tipps &#038; Stellpl\u00e4tze in der franz\u00f6sischen Festungsstadt"},"content":{"rendered":"<div id='av_section_1'  class='avia-section av-3w6e5rbl-2e24a3da693a17f76e0fd75f49eb927a main_color avia-section-default avia-no-border-styling  avia-builder-el-0  el_before_av_textblock  avia-builder-el-first  reduced-content avia-bg-style-scroll container_wrap sidebar_right'  ><div class='container av-section-cont-open' ><main  role=\"main\" itemprop=\"mainContentOfPage\"  class='template-page content  av-content-small alpha units'><div class='post-entry post-entry-type-page post-entry-107409'><div class='entry-content-wrapper clearfix'>\n\n<style type=\"text\/css\" data-created_by=\"avia_inline_auto\" id=\"style-css-av-3qyr1lox-38c73ca0c59b15b45e1d979ec4bb45b3\">\n.flex_column.av-3qyr1lox-38c73ca0c59b15b45e1d979ec4bb45b3{\nborder-radius:0px 0px 0px 0px;\npadding:0px 0px 0px 0px;\n}\n<\/style>\n<div  class='flex_column av-3qyr1lox-38c73ca0c59b15b45e1d979ec4bb45b3 av_one_full  avia-builder-el-1  avia-builder-el-no-sibling  first flex_column_div av-zero-column-padding  '     ><section  class='av_textblock_section av-mcivnqyk-c24305be671d8fd1f6297c8602cd52b3 '   itemscope=\"itemscope\" itemtype=\"https:\/\/schema.org\/BlogPosting\" itemprop=\"blogPost\" ><div class='avia_textblock'  itemprop=\"text\" ><p>52 T\u00fcrme, zwei massive Festungsmauern von je 3 Kilometern L\u00e4nge und eine imposante Burg im inneren einer mittelalterlichen Festungsstadt. In der auf einem H\u00fcgel thronenden Cit\u00e9 von Carcassonne wird das Mittelalter lebendig. Aus gutem Grund hat die gewaltige Festungsanlage eine immense internationale Strahlkraft. Ein Tag ist da schon fast zu kurz, um das mittelalterliche Flair wirklich genie\u00dfen zu k\u00f6nnen. Die gute Nachricht: Wer mit dem Wohnmobil nach Carcassonne reist, findet direkt am Fu\u00df der Stadt einen gut ausgestatteten Campingplatz. Wir zeigen Ihnen, was Sie rund um das Camping in Carcassonne wissen m\u00fcssen.<\/p>\n<\/div><\/section><\/div>\n<\/div><\/div><\/main><!-- close content main element --><\/div><\/div><div id='after_section_1'  class='main_color av_default_container_wrap container_wrap sidebar_right'  ><div class='container av-section-cont-open' ><div class='template-page content  av-content-small alpha units'><div class='post-entry post-entry-type-page post-entry-107409'><div class='entry-content-wrapper clearfix'>\n<section  class='av_textblock_section av-3msdwhld-569c0bbed7dff156a7dd2658f876af73 '   itemscope=\"itemscope\" itemtype=\"https:\/\/schema.org\/BlogPosting\" itemprop=\"blogPost\" ><div class='avia_textblock'  itemprop=\"text\" >\n<\/div><\/section>\n<\/div><\/div><\/div><!-- close content main div --><\/div><\/div><div id='av_section_2'  class='avia-section av-cl4pykx-3e199b342a8b8f47833bef6b6d959a82 main_color avia-section-default avia-no-border-styling  avia-builder-el-4  el_after_av_textblock  el_before_av_section  reduced-content avia-bg-style-scroll container_wrap sidebar_right'  ><div class='container av-section-cont-open' ><div class='template-page content  av-content-small alpha units'><div class='post-entry post-entry-type-page post-entry-107409'><div class='entry-content-wrapper clearfix'>\n<section  class='av_textblock_section av-3cdbet75-1ac6df85c6d75ce4fe752819d56b56bd '   itemscope=\"itemscope\" itemtype=\"https:\/\/schema.org\/BlogPosting\" itemprop=\"blogPost\" ><div class='avia_textblock'  itemprop=\"text\" ><div id=\"js-table-of-contents\">\r\n    <strong>Inhaltsverzeichnis<\/strong>\r\n<\/div>\n<\/div><\/section>\n\n<\/div><\/div><\/div><!-- close content main div --><\/div><\/div><div id='av_section_3'  class='avia-section av-37f4ulld-1868dd8153a7adfb06800096cfe85104 main_color avia-section-default avia-no-border-styling  avia-builder-el-6  el_after_av_section  el_before_av_section  reduced-content avia-bg-style-scroll container_wrap sidebar_right'  ><div class='container av-section-cont-open' ><div class='template-page content  av-content-small alpha units'><div class='post-entry post-entry-type-page post-entry-107409'><div class='entry-content-wrapper clearfix'>\n\n<style type=\"text\/css\" data-created_by=\"avia_inline_auto\" id=\"style-css-av-36occdld-2bab6c4f551eb80b0ca4a33f8b8e3108\">\n.flex_column.av-36occdld-2bab6c4f551eb80b0ca4a33f8b8e3108{\nborder-radius:0px 0px 0px 0px;\npadding:0px 0px 0px 0px;\n}\n<\/style>\n<div  class='flex_column av-36occdld-2bab6c4f551eb80b0ca4a33f8b8e3108 av_one_full  avia-builder-el-7  avia-builder-el-no-sibling  first flex_column_div av-zero-column-padding  '     ><section  class='av_textblock_section av-mcivxe4h-fef38d19431a1d3f517a1e622ad7bd5e '   itemscope=\"itemscope\" itemtype=\"https:\/\/schema.org\/BlogPosting\" itemprop=\"blogPost\" ><div class='avia_textblock'  itemprop=\"text\" ><h2>Carcassonne mit dem Wohnmobil: 3 Tipps f\u00fcr den Besuch<\/h2>\n<p>Auch unter Campern steht das mittelalterliche Flair von Carcassonne hoch im Kurs. Und die Stadt kommt den Bed\u00fcrfnissen von Wohnmobil-Reisenden auch entgegen. Trotzdem sollten Sie vor Ihrer Anreise folgende Tipps beachten.<\/p>\n<ol>\n<li><strong>Reservieren Sie fr\u00fchzeitig.<\/strong> Gerade in den Sommermonaten k\u00f6nnen die Stellpl\u00e4tze rund um Carcassonne knapp werden. Immerhin hat die Cit\u00e9 von Carcassonne eine gro\u00dfe Strahlkraft \u2013 und zieht sowohl franz\u00f6sische als auch internationale Camper an.<\/li>\n<li><strong>Seien Sie wachsam.<\/strong> Seit Jahren machen Ger\u00fcchte \u00fcber Einbr\u00fcche auf den Park- und Stellpl\u00e4tzen rund um die mittelalterliche Festung die Runde. Es empfiehlt sich, unsere grundlegenden Tipps zur Sicherheit im Wohnmobil zu beachten.<\/li>\n<li><strong>Nutzen Sie Parkpl\u00e4tze.<\/strong> Auch, wenn Sie nicht in der Stadt \u00fcbernachten und Carcassonne nur f\u00fcr einen Tag besuchen wollen, ist es ratsam, direkt einen \u00f6ffentlichen Parkplatz anzusteuern. Denn die Stra\u00dfen in der Stadt sind eng und \u2013 vor allem in der Hauptsaison \u2013 sehr stark frequentiert. Gerade mit gr\u00f6\u00dferen Wohnmobilen ist die Navigation herausfordernd.<\/li>\n<\/ol>\n<\/div><\/section><\/div>\n\n<\/div><\/div><\/div><!-- close content main div --><\/div><\/div><div id='av_section_4'  class='avia-section av-314q6dzl-7236b0ad3d3ccc5dc5a32c2ee4f4a44d main_color avia-section-default avia-no-border-styling  avia-builder-el-9  el_after_av_section  el_before_av_section  reduced-content avia-bg-style-scroll container_wrap sidebar_right'  ><div class='container av-section-cont-open' ><div class='template-page content  av-content-small alpha units'><div class='post-entry post-entry-type-page post-entry-107409'><div class='entry-content-wrapper clearfix'>\n\n<style type=\"text\/css\" data-created_by=\"avia_inline_auto\" id=\"style-css-av-2vyfvryp-129920dd89a5e347395c34017c2eda14\">\n.avia-image-container.av-2vyfvryp-129920dd89a5e347395c34017c2eda14 img.avia_image{\nbox-shadow:none;\n}\n.avia-image-container.av-2vyfvryp-129920dd89a5e347395c34017c2eda14 .av-caption-image-overlay-bg{\nopacity:0.4;\nbackground-color:#000000;\n}\n.avia-image-container.av-2vyfvryp-129920dd89a5e347395c34017c2eda14 .av-image-caption-overlay-center{\ncolor:#ffffff;\n}\n<\/style>\n<div  class='avia-image-container av-2vyfvryp-129920dd89a5e347395c34017c2eda14 av-styling- av-img-linked avia_animated_image av-animated-when-visible-95 fade-in avia-align-center  avia-builder-el-10  el_before_av_hr  avia-builder-el-first  noHover av-overlay-on-hover'   itemprop=\"image\" itemscope=\"itemscope\" itemtype=\"https:\/\/schema.org\/ImageObject\" ><div class=\"avia-image-container-inner\"><div class=\"avia-image-overlay-wrap\"><a href=\"https:\/\/www.tuicamper.com\/wp-docker\/wp-content\/uploads\/2025\/06\/camping-carcassonne-burg-1030x644.jpg\" data-srcset=\"https:\/\/www.tuicamper.com\/wp-docker\/wp-content\/uploads\/2025\/06\/camping-carcassonne-burg-1030x644.jpg 1030w, https:\/\/www.tuicamper.com\/wp-docker\/wp-content\/uploads\/2025\/06\/camping-carcassonne-burg-300x188.jpg 300w, https:\/\/www.tuicamper.com\/wp-docker\/wp-content\/uploads\/2025\/06\/camping-carcassonne-burg-768x480.jpg 768w, https:\/\/www.tuicamper.com\/wp-docker\/wp-content\/uploads\/2025\/06\/camping-carcassonne-burg-705x441.jpg 705w, https:\/\/www.tuicamper.com\/wp-docker\/wp-content\/uploads\/2025\/06\/camping-carcassonne-burg.jpg 1440w\" data-sizes=\"(max-width: 1030px) 100vw, 1030px\" class='avia_image '  aria-label='Carcassonne  Burg'><div class=\"av-image-caption-overlay\"><div class=\"av-caption-image-overlay-bg\"><\/div><div class=\"av-image-caption-overlay-position\"><div class=\"av-image-caption-overlay-center\"><p>Blick auf die mittelalterliche Burg Carcassone<\/p>\n<\/div><\/div><\/div><img decoding=\"async\" fetchpriority=\"high\" class='wp-image-107417 avia-img-lazy-loading-not-107417 avia_image ' src=\"https:\/\/www.tuicamper.com\/wp-docker\/wp-content\/uploads\/2025\/06\/camping-carcassonne-burg-845x684.jpg\" alt='' title='Carcassonne  Burg'  height=\"684\" width=\"845\"  itemprop=\"thumbnailUrl\" srcset=\"https:\/\/www.tuicamper.com\/wp-docker\/wp-content\/uploads\/2025\/06\/camping-carcassonne-burg-845x684.jpg 845w, https:\/\/www.tuicamper.com\/wp-docker\/wp-content\/uploads\/2025\/06\/camping-carcassonne-burg-495x400.jpg 495w\" sizes=\"(max-width: 845px) 100vw, 845px\" \/><\/a><\/div><\/div><\/div>\n\n<style type=\"text\/css\" data-created_by=\"avia_inline_auto\" id=\"style-css-av-2p8csmvl-8fdf887f4b9f81f4a444381e00c9a4c7\">\n#top .hr.hr-invisible.av-2p8csmvl-8fdf887f4b9f81f4a444381e00c9a4c7{\nheight:25px;\n}\n<\/style>\n<div  class='hr av-2p8csmvl-8fdf887f4b9f81f4a444381e00c9a4c7 hr-invisible  avia-builder-el-11  el_after_av_image  avia-builder-el-last '><span class='hr-inner '><span class=\"hr-inner-style\"><\/span><\/span><\/div>\n\n<\/div><\/div><\/div><!-- close content main div --><\/div><\/div><div id='av_section_5'  class='avia-section av-2l17o5ch-1570dcd04098c303c744b1a809684c24 main_color avia-section-default avia-no-border-styling  avia-builder-el-12  el_after_av_section  el_before_av_section  reduced-content avia-bg-style-scroll container_wrap sidebar_right'  ><div class='container av-section-cont-open' ><div class='template-page content  av-content-small alpha units'><div class='post-entry post-entry-type-page post-entry-107409'><div class='entry-content-wrapper clearfix'>\n<section  class='av_textblock_section av-6mxfnf5-f41edff85391904b8cbd712b2d5f049b '   itemscope=\"itemscope\" itemtype=\"https:\/\/schema.org\/BlogPosting\" itemprop=\"blogPost\" ><div class='avia_textblock'  itemprop=\"text\" ><h2>\u00dcbersichtskarte der Stellpl\u00e4tze und Highlights<\/h2>\n<\/div><\/section>\n\n\n<\/div><\/div><\/div><!-- close content main div --><\/div><\/div><div id='av_section_6'  class='avia-section av-hwhsnbl-50a2e5366bc7fd4a24072f91b7d51737 main_color avia-section-default avia-no-border-styling  avia-builder-el-15  el_after_av_section  el_before_av_section  reduced-content avia-bg-style-scroll container_wrap sidebar_right'  ><div class='container av-section-cont-open' ><div class='template-page content  av-content-small alpha units'><div class='post-entry post-entry-type-page post-entry-107409'><div class='entry-content-wrapper clearfix'>\n\n<style type=\"text\/css\" data-created_by=\"avia_inline_auto\" id=\"style-css-av-14ae8i9-067065a756273eccb3c67e0dc58a8a49\">\n.flex_column.av-14ae8i9-067065a756273eccb3c67e0dc58a8a49{\nborder-radius:0px 0px 0px 0px;\npadding:0px 0px 0px 0px;\n}\n<\/style>\n<div  class='flex_column av-14ae8i9-067065a756273eccb3c67e0dc58a8a49 av_one_full  avia-builder-el-16  avia-builder-el-no-sibling  first flex_column_div av-zero-column-padding  '     ><section  class='av_textblock_section av-7h5s18x-dc98af168d479610e3c1640b6c21b68e '   itemscope=\"itemscope\" itemtype=\"https:\/\/schema.org\/BlogPosting\" itemprop=\"blogPost\" ><div class='avia_textblock'  itemprop=\"text\" ><h2>Stell- und Campingpl\u00e4tze in Carcassonne<\/h2>\n<p>M\u00f6chten Sie eine Nacht oder mehrere N\u00e4chte mit dem Wohnmobil in Carcassonne verbringen, kommen zwei M\u00f6glichkeiten in Betracht.<\/p>\n<ol>\n<li><a href=\"https:\/\/campingcitecarcassonne.com\/\" target=\"_blank\" rel=\"noopener\"><strong>Camping de la Cit\u00e9<\/strong><\/a>: Der 4-Sterne Campingplatz befindet sich etwa 3 Kilometer vom Canal du Midi entfernt und direkt am Fu\u00df der beeindruckenden Festungsstadt. Kurze Wege sind damit garantiert. Der Platz ist gut ausgestattet und verf\u00fcgt \u00fcber Pool, Spielplatz und eine Snack-Bar. Insgesamt stehen 38 Stellpl\u00e4tze f\u00fcr Wohnmobile mit einer L\u00e4nge von maximal 8 Metern zur Verf\u00fcgung. \u00dcber die Wintermonate hat der Campingplatz geschlossen.<\/li>\n<li><strong>P2 \u2013 Porte d\u2019Aude<\/strong>: Wenn Sie nur eine Nacht in Carcassonne bleiben m\u00f6chten, kann auch der Parkplatz P2 &#8211; Porte d&#8217;Aude eine gute Option sein. Laut dem Touristenb\u00fcro der Stadt Carcassonne ist der Parkplatz zwischen dem 1. April und dem 31. Oktober neben Camping de la Cit\u00e9 die einzige M\u00f6glichkeit, mit dem Wohnmobil \u00fcber Nacht zu stehen. Praktisch: Vom Parkplatz aus ist die Cit\u00e9 ebenfalls in wenigen Minuten zu erreichen.<\/li>\n<\/ol>\n<\/div><\/section><\/div>\n\n<\/div><\/div><\/div><!-- close content main div --><\/div><\/div><div id='av_section_7'  class='avia-section av-2cuonh01-d880e54d6245027de7703110fc501a6d main_color avia-section-default avia-no-border-styling  avia-builder-el-18  el_after_av_section  el_before_av_section  reduced-content avia-bg-style-scroll container_wrap sidebar_right'  ><div class='container av-section-cont-open' ><div class='template-page content  av-content-small alpha units'><div class='post-entry post-entry-type-page post-entry-107409'><div class='entry-content-wrapper clearfix'>\n\n<style type=\"text\/css\" data-created_by=\"avia_inline_auto\" id=\"style-css-av-26m2vic1-8683fe9ba730c0fded7b4824cc64e854\">\n.avia-image-container.av-26m2vic1-8683fe9ba730c0fded7b4824cc64e854 img.avia_image{\nbox-shadow:none;\n}\n.avia-image-container.av-26m2vic1-8683fe9ba730c0fded7b4824cc64e854 .av-caption-image-overlay-bg{\nopacity:0.4;\nbackground-color:#000000;\n}\n.avia-image-container.av-26m2vic1-8683fe9ba730c0fded7b4824cc64e854 .av-image-caption-overlay-center{\ncolor:#ffffff;\n}\n<\/style>\n<div  class='avia-image-container av-26m2vic1-8683fe9ba730c0fded7b4824cc64e854 av-styling- av-img-linked avia_animated_image av-animated-when-visible-95 fade-in avia-align-center  avia-builder-el-19  el_before_av_hr  avia-builder-el-first  noHover av-overlay-on-hover'   itemprop=\"image\" itemscope=\"itemscope\" itemtype=\"https:\/\/schema.org\/ImageObject\" ><div class=\"avia-image-container-inner\"><div class=\"avia-image-overlay-wrap\"><a href=\"https:\/\/www.tuicamper.com\/wp-docker\/wp-content\/uploads\/2025\/06\/camping-carcassonne-gasse-1030x644.jpg\" data-srcset=\"https:\/\/www.tuicamper.com\/wp-docker\/wp-content\/uploads\/2025\/06\/camping-carcassonne-gasse-1030x644.jpg 1030w, https:\/\/www.tuicamper.com\/wp-docker\/wp-content\/uploads\/2025\/06\/camping-carcassonne-gasse-300x188.jpg 300w, https:\/\/www.tuicamper.com\/wp-docker\/wp-content\/uploads\/2025\/06\/camping-carcassonne-gasse-768x480.jpg 768w, https:\/\/www.tuicamper.com\/wp-docker\/wp-content\/uploads\/2025\/06\/camping-carcassonne-gasse-705x441.jpg 705w, https:\/\/www.tuicamper.com\/wp-docker\/wp-content\/uploads\/2025\/06\/camping-carcassonne-gasse.jpg 1440w\" data-sizes=\"(max-width: 1030px) 100vw, 1030px\" class='avia_image '  aria-label='Carcassonne Altstadt'><div class=\"av-image-caption-overlay\"><div class=\"av-caption-image-overlay-bg\"><\/div><div class=\"av-image-caption-overlay-position\"><div class=\"av-image-caption-overlay-center\"><p>Gasse in der wundersch\u00f6nen Altstadt von Carcassonne<\/p>\n<\/div><\/div><\/div><img decoding=\"async\" fetchpriority=\"high\" class='wp-image-107427 avia-img-lazy-loading-not-107427 avia_image ' src=\"https:\/\/www.tuicamper.com\/wp-docker\/wp-content\/uploads\/2025\/06\/camping-carcassonne-gasse-845x684.jpg\" alt='' title='Carcassonne Altstadt'  height=\"684\" width=\"845\"  itemprop=\"thumbnailUrl\" srcset=\"https:\/\/www.tuicamper.com\/wp-docker\/wp-content\/uploads\/2025\/06\/camping-carcassonne-gasse-845x684.jpg 845w, https:\/\/www.tuicamper.com\/wp-docker\/wp-content\/uploads\/2025\/06\/camping-carcassonne-gasse-495x400.jpg 495w\" sizes=\"(max-width: 845px) 100vw, 845px\" \/><\/a><\/div><\/div><\/div>\n\n<style type=\"text\/css\" data-created_by=\"avia_inline_auto\" id=\"style-css-av-256lh45t-65a470fe92392574e71de19fbe7c66fc\">\n#top .hr.hr-invisible.av-256lh45t-65a470fe92392574e71de19fbe7c66fc{\nheight:25px;\n}\n<\/style>\n<div  class='hr av-256lh45t-65a470fe92392574e71de19fbe7c66fc hr-invisible  avia-builder-el-20  el_after_av_image  avia-builder-el-last '><span class='hr-inner '><span class=\"hr-inner-style\"><\/span><\/span><\/div>\n<\/div><\/div><\/div><!-- close content main div --><\/div><\/div><div id='av_section_8'  class='avia-section av-1xieq5ox-2b92c5ced157a3f679337eba7d4900e0 main_color avia-section-default avia-no-border-styling  avia-builder-el-21  el_after_av_section  el_before_av_section  reduced-content avia-bg-style-scroll container_wrap sidebar_right'  ><div class='container av-section-cont-open' ><div class='template-page content  av-content-small alpha units'><div class='post-entry post-entry-type-page post-entry-107409'><div class='entry-content-wrapper clearfix'>\n\n<style type=\"text\/css\" data-created_by=\"avia_inline_auto\" id=\"style-css-av-1vt32ukx-6ad348eca4e69338debe3731eab4c14a\">\n.flex_column.av-1vt32ukx-6ad348eca4e69338debe3731eab4c14a{\nborder-radius:0px 0px 0px 0px;\npadding:0px 0px 0px 0px;\n}\n<\/style>\n<div  class='flex_column av-1vt32ukx-6ad348eca4e69338debe3731eab4c14a av_one_full  avia-builder-el-22  avia-builder-el-no-sibling  first flex_column_div av-zero-column-padding  '     ><section  class='av_textblock_section av-mcivyauw-bea6daa2494bab6a5ac4518ad51b50d1 '   itemscope=\"itemscope\" itemtype=\"https:\/\/schema.org\/BlogPosting\" itemprop=\"blogPost\" ><div class='avia_textblock'  itemprop=\"text\" ><h2>Parken f\u00fcr einen Tag<\/h2>\n<p>Sie entdecken gerade <a href=\"https:\/\/www.tuicamper.com\/magazin\/wohnmobil-frankreich\/\">Frankreich mit dem Wohnmobil<\/a> \u2013 und legen in Carcassonne nur einen kurzen Stopp ein? In dem Fall stehen Ihnen gleich mehrere Parkoptionen zur Verf\u00fcgung.<\/p>\n<ul>\n<li>Parkplatz P1 \u2013 am Chemin de Montlegun, nur wenige hundert Meter bis zur Cit\u00e9<\/li>\n<li>Parkplatz am Boulevard Marcou \u2013 zwischen der Rue de Verdun und der Rue Aim\u00e9 Ramond<\/li>\n<li>Die Route Minervoise \u2013 direkt am Ufer des Canal du Midi<\/li>\n<li>Der Boulevard Jean Jaur\u00e8s \u2013 Nummer 28 bis 36<\/li>\n<li>Pl\u00e4tze am Boulevard de Varsovie \u2013 nur w\u00e4hrend der Sommerferien<\/li>\n<\/ul>\n<p>Auf den genannten Parkpl\u00e4tzen d\u00fcrfen Sie mit dem Wohnmobil tags\u00fcber stehen. Eine \u00dcbernachtung ist nicht erlaubt!<\/p>\n<p>Eine aktuelle \u00dcbersicht der Parkm\u00f6glichkeiten in Carcassonne finden Sie auf der <a href=\"https:\/\/www.tourisme-carcassonne.fr\/de\/praktik\/parken\/\" target=\"_blank\" rel=\"noopener\">Website des Touristenb\u00fcros von Carcassonne<\/a>.<\/p>\n<\/div><\/section><\/div>\n<\/p>\n<\/div><\/div><\/div><!-- close content main div --><\/div><\/div><div id='av_section_9'  class='avia-section av-11m4400h-6e8fbd9f22d327de678155d51ce218df main_color avia-section-default avia-no-border-styling  avia-builder-el-24  el_after_av_section  el_before_av_section  routes-breaker fullwidth_section avia-bg-style-scroll container_wrap sidebar_right'  ><div class='container av-section-cont-open' ><div class='template-page content  av-content-small alpha units'><div class='post-entry post-entry-type-page post-entry-107409'><div class='entry-content-wrapper clearfix'>\n<section  class='av_textblock_section av-wvvbus1-3ceca04944403d5d4198d451ecf1679f '   itemscope=\"itemscope\" itemtype=\"https:\/\/schema.org\/BlogPosting\" itemprop=\"blogPost\" ><div class='avia_textblock'  itemprop=\"text\" >\r\n<div class=\"flex_column av_one_full flex_column_div av-zero-column-padding first avia-builder-el-first\">\r\n    <section class=\"av_textblock_section \" itemscope=\"itemscope\"\r\n             itemtype=\"https:\/\/schema.org\/CreativeWork\">\r\n        <div class=\"avia_textblock\" itemprop=\"text\">\r\n            Die besten Routentipps        <\/div>\r\n    <\/section>\r\n    <div class=\"route-breaker-items\">\r\n                    <div class=\"route-breaker-item\">\r\n                <a href=\"https:\/\/www.tuicamper.com\/routen\/frankreich-routen\/marseille-reise\/\">\r\n                                            <div\r\n                                class=\"route-breaker-item-thumbnail\"\r\n                                style=\"background-image: url(https:\/\/www.tuicamper.com\/wp-docker\/wp-content\/uploads\/2024\/10\/nizza-panorama-400x200.jpg);\"\r\n                        ><\/div>\r\n                                        <span>Marseille Reise: Mit dem Camper durch die Auvergne und die Provence<\/span>\r\n                <\/a>\r\n            <\/div>\r\n                    <div class=\"route-breaker-item\">\r\n                <a href=\"https:\/\/www.tuicamper.com\/routen\/frankreich-routen\/rundreise-suedfrankreich-nordspanien\/\">\r\n                                            <div\r\n                                class=\"route-breaker-item-thumbnail\"\r\n                                style=\"background-image: url(https:\/\/www.tuicamper.com\/wp-docker\/wp-content\/uploads\/2024\/10\/Bordeaux_Weinstock-400x200.jpg);\"\r\n                        ><\/div>\r\n                                        <span>Rundreise durch S\u00fcdfrankreich mit Pyren\u00e4en und Barcelona<\/span>\r\n                <\/a>\r\n            <\/div>\r\n                    <div class=\"route-breaker-item\">\r\n                <a href=\"https:\/\/www.tuicamper.com\/routen\/frankreich-routen\/ab-paris-in-die-normandie-und-bretagne\/\">\r\n                                            <div\r\n                                class=\"route-breaker-item-thumbnail\"\r\n                                style=\"background-image: url(https:\/\/www.tuicamper.com\/wp-docker\/wp-content\/uploads\/2024\/10\/Le_Mont_Saint_Michel-400x200.jpg);\"\r\n                        ><\/div>\r\n                                        <span>Ab Paris mit dem Wohnmobil an die K\u00fcsten der Normandie und Bretagne<\/span>\r\n                <\/a>\r\n            <\/div>\r\n                    <\/div>\r\n            <div class=\"route-breaker-countries-footer mode-footer_inline\">\r\n            <div><p>Alle Routen f\u00fcr:<\/p><\/div>\r\n            <div>\r\n                                    <a href=\"https:\/\/www.tuicamper.com\/routen\/frankreich-routen\/\">\r\n                                                    <img decoding=\"async\" src=\"https:\/\/www.tuicamper.com\/wp-docker\/wp-content\/uploads\/2022\/04\/fr-circle.png\" alt=\"Frankreich\">\r\n                                                Frankreich                    <\/a>\r\n                            <\/div>\r\n        <\/div>\r\n                <div class=\"route-breaker-countries-footer mode-overview no-border\">\r\n            <p><i class=\"tui-cars-icon tuicars-icon-arrow-left\"><\/i><a href=\"https:\/\/www.tuicamper.com\/routen\/\">Zur Routen-\u00dcbersicht<\/a><\/p>\r\n        <\/div>\r\n    <\/div>\r\n\n<\/div><\/section>\n\n<\/div><\/div><\/div><!-- close content main div --><\/div><\/div><div id='av_section_10'  class='avia-section av-1c3p3kcx-422178e3cc04b902b3be187614d88bdc main_color avia-section-default avia-no-border-styling  avia-builder-el-26  el_after_av_section  el_before_av_section  reduced-content avia-bg-style-scroll container_wrap sidebar_right'  ><div class='container av-section-cont-open' ><div class='template-page content  av-content-small alpha units'><div class='post-entry post-entry-type-page post-entry-107409'><div class='entry-content-wrapper clearfix'>\n\n<style type=\"text\/css\" data-created_by=\"avia_inline_auto\" id=\"style-css-av-475s80h-ad0e23b1e024fb84956b4f2bb3801ad1\">\n.flex_column.av-475s80h-ad0e23b1e024fb84956b4f2bb3801ad1{\nborder-radius:0px 0px 0px 0px;\npadding:0px 0px 0px 0px;\n}\n<\/style>\n<div  class='flex_column av-475s80h-ad0e23b1e024fb84956b4f2bb3801ad1 av_one_full  avia-builder-el-27  avia-builder-el-no-sibling  first flex_column_div av-zero-column-padding  '     ><section  class='av_textblock_section av-mcivyvrj-c8450239e41d741eddd6319a8afd31b2 '   itemscope=\"itemscope\" itemtype=\"https:\/\/schema.org\/BlogPosting\" itemprop=\"blogPost\" ><div class='avia_textblock'  itemprop=\"text\" ><h2>Diese 7 Carcassonne-Sehensw\u00fcrdigkeiten d\u00fcrfen Sie nicht verpassen<\/h2>\n<p>Keine Frage, die seit 1997 zum UNESCO Weltkulturerbe z\u00e4hlende Cit\u00e9 von Carcassonne ist der absolute H\u00f6hepunkt eines Camping-Trips nach Carcassonne. Die meisten Sehensw\u00fcrdigkeiten befinden sich innerhalb der imposanten Mauern der Festungsstadt. Ein Spaziergang durch die Stadt kann gut und gerne einen gesamten Tag in Anspruch nehmen. Zumal die schmalen G\u00e4sschen und kleinen Pl\u00e4tze mit ihren uralten H\u00e4uschen von Restaurants, Caf\u00e9s und interessanten L\u00e4dchen ges\u00e4umt werden.<\/p>\n<p>Wir stellen Ihnen die Top-Sehensw\u00fcrdigkeiten von Carcassonne vor:<\/p>\n<ol>\n<li><strong>Porte Narbonnaise<\/strong>: \u00dcber das gewaltige Eingangstor gelangen Sie durch die massiven Wehrmauern ins Innere der Festung \u2013 und beginnen Ihre Reise ins Mittelalter.<\/li>\n<li><strong>Ch\u00e2teau Comtal<\/strong>: Die beeindruckende Burg ist das Herzst\u00fcck der Festung. Der Eintrittspreis von 13\u20ac (Stand: Dezember 2024) lohnt sich schon deshalb, weil Sie auf diese Weise auf den rund 1,3 Kilometer langen Burgmauern entlang laufen k\u00f6nnen \u2013 und einen atemberaubenden Ausblick auf Carcassonne geboten bekommen.<\/li>\n<li><strong>Mus\u00e9e de l&#8217;Inquisition<\/strong>: Das Inquisitionsmuseum ist nichts f\u00fcr schwache Nerven. Hier werden mittelalterliche Folterinstrumente vorgestellt.<\/li>\n<li><strong>Th\u00e9\u00e2tre Jean-Deschamps<\/strong>: In dem Open-Air-Theater werden immer wieder Konzerte, Shows und Theaterst\u00fccke aufgef\u00fchrt \u2013 vor eine Kulisse, wie es sie so kein zweites Mal gibt.<\/li>\n<li><strong>Basilika St-Nazaire und St-Celse<\/strong>: Die majest\u00e4tische gotische Kirche liegt am Rande der Cit\u00e9 \u2013 und l\u00e4uft dank ihrer beeindruckenden Architektur und dem pr\u00e4chtigen Innenraum der in der Unterstadt gelegenen Kathedrale von Carcassonne regelm\u00e4\u00dfig den Rang ab.<\/li>\n<li><strong>Pont Vieux<\/strong>: Die alte Br\u00fccke verbindet die Cit\u00e9 (Oberstadt) mit dem moderneren Teil von Carcassonne (Unterstadt oder Bastide de Saint-Louis). Mit der Festungsstadt im Hintergrund lassen sich hier besonders ikonische Fotos schie\u00dfen.<\/li>\n<li><strong>Mus\u00e9e des Beaux-Arts de Carcassonne<\/strong>: Auch die nicht zum UNESCO Weltkulturerbe z\u00e4hlende Unterstadt von Carcassonne ist einen Besuch wert. Sehenswert ist insbesondere das bereits 1836 gegr\u00fcndete kleine Kunstmuseum der Stadt.<\/li>\n<\/ol>\n<p><strong>Gut zu wissen:<\/strong> Carcassonne befindet sich direkt am 240 Kilometer langen Canal du Midi, der seit 1996 ebenfalls zum UNESCO Weltkulturerbe z\u00e4hlt. Es lohnt sich, dem Kanal im Rahmen einer Wohnmobil-Tour durch Frankreich eine Weile zu folgen<\/p>\n<\/div><\/section><\/div>\n\n<\/div><\/div><\/div><!-- close content main div --><\/div><\/div><div id='av_section_11'  class='avia-section av-h5mb9ap-ebb179e277ca69809d06046c640990ce main_color avia-section-default avia-no-border-styling  avia-builder-el-29  el_after_av_section  avia-builder-el-last  reduced-content avia-bg-style-scroll container_wrap sidebar_right'  ><div class='container av-section-cont-open' ><div class='template-page content  av-content-small alpha units'><div class='post-entry post-entry-type-page post-entry-107409'><div class='entry-content-wrapper clearfix'>\n<div  class='avia-button-wrap av-mcivzqa6-607c8d045662ddafa1f51f32a7ba9549-wrap avia-button-center  avia-builder-el-30  el_before_av_one_full  avia-builder-el-first '><a href='https:\/\/www.tuicamper.com\/reiseziele\/europa\/frankreich\/'  class='avia-button av-mcivzqa6-607c8d045662ddafa1f51f32a7ba9549 av-link-btn avia-icon_select-yes-right-icon avia-size-large avia-position-center avia-color-theme-color'   aria-label=\"Jetzt Wohnmobil mieten f\u00fcr Frankreich\"><span class='avia_iconbox_title' >Jetzt Wohnmobil mieten f\u00fcr Frankreich<\/span><span class='avia_button_icon avia_button_icon_right avia-iconfont avia-font-entypo-fontello' data-av_icon='\ue875' data-av_iconfont='entypo-fontello' ><\/span><\/a><\/div>\n\n<style type=\"text\/css\" data-created_by=\"avia_inline_auto\" id=\"style-css-av-atu82hd-326ebf9f0d8bc0283d554f340f58f195\">\n.flex_column.av-atu82hd-326ebf9f0d8bc0283d554f340f58f195{\nborder-radius:0px 0px 0px 0px;\npadding:0px 0px 0px 0px;\n}\n<\/style>\n<div  class='flex_column av-atu82hd-326ebf9f0d8bc0283d554f340f58f195 av_one_full  avia-builder-el-31  el_after_av_button  el_before_av_social_share  first flex_column_div av-zero-column-padding  '     ><style type=\"text\/css\" data-created_by=\"avia_inline_auto\" id=\"style-css-av-mcivzb2h-db944fedc337b6ed0b77f11a83eaa572\">\n#top .av_textblock_section.av-mcivzb2h-db944fedc337b6ed0b77f11a83eaa572 .avia_textblock{\nfont-size:28px;\n}\n<\/style>\n<section  class='av_textblock_section av-mcivzb2h-db944fedc337b6ed0b77f11a83eaa572 '   itemscope=\"itemscope\" itemtype=\"https:\/\/schema.org\/BlogPosting\" itemprop=\"blogPost\" ><div class='avia_textblock'  itemprop=\"text\" ><p><strong>Ihr TUI CAMPER-Team w\u00fcnscht Ihnen eine unvergessliche Zeit beim Entdecken von Carcassonne mit dem Wohnmobil!<\/strong><\/p>\n<\/div><\/section><\/div><div  class='av-social-sharing-box av-5veqcsx-42d37ba8d3a3386235bd7930e75e68f6 av-social-sharing-box-default  avia-builder-el-33  el_after_av_one_full  avia-builder-el-last  av-social-sharing-box-fullwidth'><div class=\"av-share-box\"><ul class=\"av-share-box-list noLightbox\"><li class='av-share-link av-social-link-facebook avia_social_iconfont' ><a target=\"_blank\" aria-label=\"Teilen auf Facebook\" href='https:\/\/www.facebook.com\/sharer.php?u=https:\/\/www.tuicamper.com\/magazin\/camping-in-carcassonne-tipps-und-stellplaetze\/&#038;t=Camping%20in%20Carcassonne%20%E2%80%93%20Tipps%20%26%20Stellpl%C3%A4tze%20in%20der%20franz%C3%B6sischen%20Festungsstadt' data-av_icon='\ue8f3' data-av_iconfont='entypo-fontello'  title='' data-avia-related-tooltip='Teilen auf Facebook'><span class='avia_hidden_link_text'>Teilen auf Facebook<\/span><\/a><\/li><li class='av-share-link av-social-link-twitter avia_social_iconfont' ><a target=\"_blank\" aria-label=\"Teilen auf X\" href='https:\/\/twitter.com\/share?text=Camping%20in%20Carcassonne%20%E2%80%93%20Tipps%20%26%20Stellpl%C3%A4tze%20in%20der%20franz%C3%B6sischen%20Festungsstadt&#038;url=https:\/\/www.tuicamper.com\/magazin\/camping-in-carcassonne-tipps-und-stellplaetze\/' data-av_icon='\ue932' data-av_iconfont='entypo-fontello'  title='' data-avia-related-tooltip='Teilen auf X'><span class='avia_hidden_link_text'>Teilen auf X<\/span><\/a><\/li><li class='av-share-link av-social-link-whatsapp avia_social_iconfont' ><a target=\"_blank\" aria-label=\"Teilen auf WhatsApp\" href='https:\/\/api.whatsapp.com\/send?text=https:\/\/www.tuicamper.com\/magazin\/camping-in-carcassonne-tipps-und-stellplaetze\/' data-av_icon='\uf232' data-av_iconfont='entypo-fontello'  title='' data-avia-related-tooltip='Teilen auf WhatsApp'><span class='avia_hidden_link_text'>Teilen auf WhatsApp<\/span><\/a><\/li><li class='av-share-link av-social-link-pinterest avia_social_iconfont' ><a target=\"_blank\" aria-label=\"Teilen auf Pinterest\" href='https:\/\/pinterest.com\/pin\/create\/button\/?url=https%3A%2F%2Fwww.tuicamper.com%2Fmagazin%2Fcamping-in-carcassonne-tipps-und-stellplaetze%2F&#038;description=Camping%20in%20Carcassonne%20%E2%80%93%20Tipps%20%26%20Stellpl%C3%A4tze%20in%20der%20franz%C3%B6sischen%20Festungsstadt&#038;media=https%3A%2F%2Fwww.tuicamper.com%2Fwp-docker%2Fwp-content%2Fuploads%2F2025%2F06%2Fcamping-carcassonne-header-705x271.jpg' data-av_icon='\ue8f8' data-av_iconfont='entypo-fontello'  title='' data-avia-related-tooltip='Teilen auf Pinterest'><span class='avia_hidden_link_text'>Teilen auf Pinterest<\/span><\/a><\/li><li class='av-share-link av-social-link-mail avia_social_iconfont' ><a  aria-label=\"Per E-Mail teilen\" href='mailto:?subject=Camping%20in%20Carcassonne%20%E2%80%93%20Tipps%20%26%20Stellpl%C3%A4tze%20in%20der%20franz%C3%B6sischen%20Festungsstadt&#038;body=https:\/\/www.tuicamper.com\/magazin\/camping-in-carcassonne-tipps-und-stellplaetze\/' data-av_icon='\ue805' data-av_iconfont='entypo-fontello'  title='' data-avia-related-tooltip='Per E-Mail teilen'><span class='avia_hidden_link_text'>Per E-Mail teilen<\/span><\/a><\/li><\/ul><\/div><\/div>\n<\/div><\/div><\/div><!-- close content main div --><\/div><\/div><div id='after_section_11'  class='main_color av_default_container_wrap container_wrap sidebar_right'  ><div class='container av-section-cont-open' ><div class='template-page content  av-content-small alpha units'><div class='post-entry post-entry-type-page post-entry-107409'><div class='entry-content-wrapper clearfix'>\n","protected":false},"excerpt":{"rendered":"<p>In der Festungsstadt Carcassonne begeben Sie sich auf eine mittelalterliche Zeitreise \u2013 direkt vom Wohnmobil aus. Erfahren Sie alles zum Camping in Carcassonne!<\/p>\n","protected":false},"author":5,"featured_media":107416,"comment_status":"open","ping_status":"open","sticky":false,"template":"","format":"standard","meta":{"footnotes":""},"categories":[8],"tags":[24,53],"class_list":["post-107409","post","type-post","status-publish","format-standard","has-post-thumbnail","hentry","category-reiselaender","tag-frankreich","tag-kultur"],"yoast_head":"<!-- This site is optimized with the Yoast SEO plugin v27.4 - https:\/\/yoast.com\/product\/yoast-seo-wordpress\/ -->\n<title>Camping in Carcassonne \u2013 Stellpl\u00e4tze, Tipps &amp; Highlights - TUI CAMPER<\/title>\n<meta name=\"description\" content=\"Bereit f\u00fcr Ihre Zeitreise ins Mittelalter? Wir zeigen Ihnen, wie Ihre Wohnmobil-Tour in die mittelalterliche Festungsstadt gelingt!\" \/>\n<meta name=\"robots\" content=\"index, follow, max-snippet:-1, max-image-preview:large, max-video-preview:-1\" \/>\n<link rel=\"canonical\" href=\"https:\/\/www.tuicamper.com\/magazin\/camping-in-carcassonne-tipps-und-stellplaetze\/\" \/>\n<meta property=\"og:locale\" content=\"de_DE\" \/>\n<meta property=\"og:type\" content=\"article\" \/>\n<meta property=\"og:title\" content=\"Camping in Carcassonne \u2013 Stellpl\u00e4tze, Tipps &amp; Highlights - TUI CAMPER\" \/>\n<meta property=\"og:description\" content=\"Bereit f\u00fcr Ihre Zeitreise ins Mittelalter? Wir zeigen Ihnen, wie Ihre Wohnmobil-Tour in die mittelalterliche Festungsstadt gelingt!\" \/>\n<meta property=\"og:url\" content=\"https:\/\/www.tuicamper.com\/magazin\/camping-in-carcassonne-tipps-und-stellplaetze\/\" \/>\n<meta property=\"og:site_name\" content=\"TUI Camper Magazin\" \/>\n<meta property=\"article:published_time\" content=\"2025-07-07T12:29:18+00:00\" \/>\n<meta property=\"og:image\" content=\"https:\/\/www.tuicamper.com\/wp-docker\/wp-content\/uploads\/2025\/06\/camping-carcassonne-header.jpg\" \/>\n\t<meta property=\"og:image:width\" content=\"1280\" \/>\n\t<meta property=\"og:image:height\" content=\"492\" \/>\n\t<meta property=\"og:image:type\" content=\"image\/jpeg\" \/>\n<meta name=\"author\" content=\"Olli\" \/>\n<meta name=\"twitter:card\" content=\"summary_large_image\" \/>\n<meta name=\"twitter:label1\" content=\"Verfasst von\" \/>\n\t<meta name=\"twitter:data1\" content=\"Olli\" \/>\n\t<meta name=\"twitter:label2\" content=\"Gesch\u00e4tzte Lesezeit\" \/>\n\t<meta name=\"twitter:data2\" content=\"6\u00a0Minuten\" \/>\n<!-- \/ Yoast SEO plugin. -->","yoast_head_json":{"title":"Camping in Carcassonne \u2013 Stellpl\u00e4tze, Tipps & Highlights - TUI CAMPER","description":"Bereit f\u00fcr Ihre Zeitreise ins Mittelalter? Wir zeigen Ihnen, wie Ihre Wohnmobil-Tour in die mittelalterliche Festungsstadt gelingt!","robots":{"index":"index","follow":"follow","max-snippet":"max-snippet:-1","max-image-preview":"max-image-preview:large","max-video-preview":"max-video-preview:-1"},"canonical":"https:\/\/www.tuicamper.com\/magazin\/camping-in-carcassonne-tipps-und-stellplaetze\/","og_locale":"de_DE","og_type":"article","og_title":"Camping in Carcassonne \u2013 Stellpl\u00e4tze, Tipps & Highlights - TUI CAMPER","og_description":"Bereit f\u00fcr Ihre Zeitreise ins Mittelalter? Wir zeigen Ihnen, wie Ihre Wohnmobil-Tour in die mittelalterliche Festungsstadt gelingt!","og_url":"https:\/\/www.tuicamper.com\/magazin\/camping-in-carcassonne-tipps-und-stellplaetze\/","og_site_name":"TUI Camper Magazin","article_published_time":"2025-07-07T12:29:18+00:00","og_image":[{"width":1280,"height":492,"url":"https:\/\/www.tuicamper.com\/wp-docker\/wp-content\/uploads\/2025\/06\/camping-carcassonne-header.jpg","type":"image\/jpeg"}],"author":"Olli","twitter_card":"summary_large_image","twitter_misc":{"Verfasst von":"Olli","Gesch\u00e4tzte Lesezeit":"6\u00a0Minuten"},"schema":{"@context":"https:\/\/schema.org","@graph":[{"@type":"Article","@id":"https:\/\/www.tuicamper.com\/magazin\/camping-in-carcassonne-tipps-und-stellplaetze\/#article","isPartOf":{"@id":"https:\/\/www.tuicamper.com\/magazin\/camping-in-carcassonne-tipps-und-stellplaetze\/"},"author":{"name":"Olli","@id":"https:\/\/www.tuicamper.com\/wp-docker\/#\/schema\/person\/98975e733813f701672fd75ef9df8b69"},"headline":"Camping in Carcassonne \u2013 Tipps &#038; Stellpl\u00e4tze in der franz\u00f6sischen Festungsstadt","datePublished":"2025-07-07T12:29:18+00:00","mainEntityOfPage":{"@id":"https:\/\/www.tuicamper.com\/magazin\/camping-in-carcassonne-tipps-und-stellplaetze\/"},"wordCount":4192,"commentCount":0,"image":{"@id":"https:\/\/www.tuicamper.com\/magazin\/camping-in-carcassonne-tipps-und-stellplaetze\/#primaryimage"},"thumbnailUrl":"https:\/\/www.tuicamper.com\/wp-docker\/wp-content\/uploads\/2025\/06\/camping-carcassonne-header.jpg","keywords":["Frankreich","Kultur"],"articleSection":["Reisel\u00e4nder"],"inLanguage":"de","potentialAction":[{"@type":"CommentAction","name":"Comment","target":["https:\/\/www.tuicamper.com\/magazin\/camping-in-carcassonne-tipps-und-stellplaetze\/#respond"]}]},{"@type":"WebPage","@id":"https:\/\/www.tuicamper.com\/magazin\/camping-in-carcassonne-tipps-und-stellplaetze\/","url":"https:\/\/www.tuicamper.com\/magazin\/camping-in-carcassonne-tipps-und-stellplaetze\/","name":"Camping in Carcassonne \u2013 Stellpl\u00e4tze, Tipps & Highlights - TUI CAMPER","isPartOf":{"@id":"https:\/\/www.tuicamper.com\/#website"},"primaryImageOfPage":{"@id":"https:\/\/www.tuicamper.com\/magazin\/camping-in-carcassonne-tipps-und-stellplaetze\/#primaryimage"},"image":{"@id":"https:\/\/www.tuicamper.com\/magazin\/camping-in-carcassonne-tipps-und-stellplaetze\/#primaryimage"},"thumbnailUrl":"https:\/\/www.tuicamper.com\/wp-content\/uploads\/2025\/06\/camping-carcassonne-header.jpg","datePublished":"2025-07-07T12:29:18+00:00","author":{"@id":"https:\/\/www.tuicamper.com\/#\/schema\/person\/98975e733813f701672fd75ef9df8b69"},"description":"Bereit f\u00fcr Ihre Zeitreise ins Mittelalter? Wir zeigen Ihnen, wie Ihre Wohnmobil-Tour in die mittelalterliche Festungsstadt gelingt!","breadcrumb":{"@id":"https:\/\/www.tuicamper.com\/magazin\/camping-in-carcassonne-tipps-und-stellplaetze\/#breadcrumb"},"inLanguage":"de","potentialAction":["Array"]},{"@type":"ImageObject","inLanguage":"de","@id":"https:\/\/www.tuicamper.com\/magazin\/camping-in-carcassonne-tipps-und-stellplaetze\/#primaryimage","url":"https:\/\/www.tuicamper.com\/wp-docker\/wp-content\/uploads\/2025\/06\/camping-carcassonne-header.jpg","contentUrl":"https:\/\/www.tuicamper.com\/wp-docker\/wp-content\/uploads\/2025\/06\/camping-carcassonne-header.jpg","width":1280,"height":492,"caption":"Mittelalterliche Burgstadt Carcassone bei Sonnenuntergang"},{"@type":"BreadcrumbList","@id":"https:\/\/www.tuicamper.com\/magazin\/camping-in-carcassonne-tipps-und-stellplaetze\/#breadcrumb","itemListElement":[{"@type":"ListItem","position":1,"name":"Startseite","item":"https:\/\/www.tuicamper.com\/wp-docker\/"},{"@type":"ListItem","position":2,"name":"Camping in Carcassonne \u2013 Tipps &#038; Stellpl\u00e4tze in der franz\u00f6sischen Festungsstadt"}]},{"@type":"WebSite","@id":"https:\/\/www.tuicamper.com\/#website","url":"https:\/\/www.tuicamper.com\/","name":"TUI Camper Magazin","description":"","potentialAction":["Array"],"inLanguage":"de"},{"@type":"Person","@id":"https:\/\/www.tuicamper.com\/wp-docker\/#\/schema\/person\/98975e733813f701672fd75ef9df8b69","name":"Olli","image":{"@type":"ImageObject","inLanguage":"de","@id":"https:\/\/secure.gravatar.com\/avatar\/4529b17b9a4dec34d38f705f89e1db8c906d30537b64d795d775d528c07951ff?s=96&d=mm&r=g","url":"https:\/\/secure.gravatar.com\/avatar\/4529b17b9a4dec34d38f705f89e1db8c906d30537b64d795d775d528c07951ff?s=96&d=mm&r=g","contentUrl":"https:\/\/secure.gravatar.com\/avatar\/4529b17b9a4dec34d38f705f89e1db8c906d30537b64d795d775d528c07951ff?s=96&d=mm&r=g","caption":"Olli"},"url":"https:\/\/www.tuicamper.com\/wp-docker\/magazin\/author\/olli\/"}]}},"_links":{"self":[{"href":"https:\/\/www.tuicamper.com\/wp-docker\/wp-json\/wp\/v2\/posts\/107409","targetHints":{"allow":["GET"]}}],"collection":[{"href":"https:\/\/www.tuicamper.com\/wp-docker\/wp-json\/wp\/v2\/posts"}],"about":[{"href":"https:\/\/www.tuicamper.com\/wp-docker\/wp-json\/wp\/v2\/types\/post"}],"author":[{"embeddable":true,"href":"https:\/\/www.tuicamper.com\/wp-docker\/wp-json\/wp\/v2\/users\/5"}],"replies":[{"embeddable":true,"href":"https:\/\/www.tuicamper.com\/wp-docker\/wp-json\/wp\/v2\/comments?post=107409"}],"version-history":[{"count":16,"href":"https:\/\/www.tuicamper.com\/wp-docker\/wp-json\/wp\/v2\/posts\/107409\/revisions"}],"predecessor-version":[{"id":107429,"href":"https:\/\/www.tuicamper.com\/wp-docker\/wp-json\/wp\/v2\/posts\/107409\/revisions\/107429"}],"wp:featuredmedia":[{"embeddable":true,"href":"https:\/\/www.tuicamper.com\/wp-docker\/wp-json\/wp\/v2\/media\/107416"}],"wp:attachment":[{"href":"https:\/\/www.tuicamper.com\/wp-docker\/wp-json\/wp\/v2\/media?parent=107409"}],"wp:term":[{"taxonomy":"category","embeddable":true,"href":"https:\/\/www.tuicamper.com\/wp-docker\/wp-json\/wp\/v2\/categories?post=107409"},{"taxonomy":"post_tag","embeddable":true,"href":"https:\/\/www.tuicamper.com\/wp-docker\/wp-json\/wp\/v2\/tags?post=107409"}],"curies":[{"name":"wp","href":"https:\/\/api.w.org\/{rel}","templated":true}]}}