{"id":1071,"date":"2019-04-16T11:18:01","date_gmt":"2019-04-16T09:18:01","guid":{"rendered":"https:\/\/www.tuicamper.com\/wp-docker\/?p=1071"},"modified":"2019-05-03T11:12:53","modified_gmt":"2019-05-03T09:12:53","slug":"reisetipps-spanien","status":"publish","type":"post","link":"https:\/\/www.tuicamper.com\/magazin\/reisetipps-spanien\/","title":{"rendered":"Reisetipps Spanien: Die besten Tipps f\u00fcr Ihre Wohnmobil-Tour"},"content":{"rendered":"<div id='av_section_1'  class='avia-section av-jt5vrdgv-4386718e65b314e69682ca60ae604601 main_color avia-section-default avia-no-border-styling  avia-builder-el-0  el_before_av_textblock  avia-builder-el-first  reduced-content avia-bg-style-scroll container_wrap sidebar_right'  ><div class='container av-section-cont-open' ><main  role=\"main\" itemprop=\"mainContentOfPage\"  class='template-page content  av-content-small alpha units'><div class='post-entry post-entry-type-page post-entry-1071'><div class='entry-content-wrapper clearfix'>\n\n<style type=\"text\/css\" data-created_by=\"avia_inline_auto\" id=\"style-css-av-1g5aou-6e8505d9de1136ce38f66b0d0e5d2a36\">\n.flex_column.av-1g5aou-6e8505d9de1136ce38f66b0d0e5d2a36{\nborder-radius:0px 0px 0px 0px;\npadding:0px 0px 0px 0px;\n}\n<\/style>\n<div  class='flex_column av-1g5aou-6e8505d9de1136ce38f66b0d0e5d2a36 av_one_full  avia-builder-el-1  avia-builder-el-no-sibling  first flex_column_div av-zero-column-padding  '     ><section  class='av_textblock_section av-jt5tjyk0-1e04ddf86ca9bd8201b4b17bbb4a6491 '   itemscope=\"itemscope\" itemtype=\"https:\/\/schema.org\/BlogPosting\" itemprop=\"blogPost\" ><div class='avia_textblock'  itemprop=\"text\" ><p>Idyllische K\u00fcstenabschnitte, traumhafte Sandstr\u00e4nde, pulsierende Metropolen und Sonne satt: <a href=\"https:\/\/www.tuicamper.com\/reiseziele\/europa\/spanien\/\">Spanien<\/a> steht bei Campern verst\u00e4ndlicherweise hoch im Kurs. Doch bei der Fahrt durch das Camper-Eldorado gilt es eine ganze Reihe von Punkten zu beachten. Wir nehmen das mediterrane Traumziel unter die Lupe und geben Ihnen Tipps f\u00fcr Ihre erste Camper-Tour durch Spanien an die Hand.<\/p>\n<\/div><\/section><\/div>\n<\/div><\/div><\/main><!-- close content main element --><\/div><\/div><div id='after_section_1'  class='main_color av_default_container_wrap container_wrap sidebar_right'  ><div class='container av-section-cont-open' ><div class='template-page content  av-content-small alpha units'><div class='post-entry post-entry-type-page post-entry-1071'><div class='entry-content-wrapper clearfix'>\n<section  class='av_textblock_section av-jtpqpty6-550c066a997ebaf648fccc87d0b9ff16 '   itemscope=\"itemscope\" itemtype=\"https:\/\/schema.org\/BlogPosting\" itemprop=\"blogPost\" ><div class='avia_textblock'  itemprop=\"text\" >\n<\/div><\/section>\n<\/div><\/div><\/div><!-- close content main div --><\/div><\/div><div id='av_section_2'  class='avia-section av-jt5vrdgv-4386718e65b314e69682ca60ae604601 main_color avia-section-default avia-no-border-styling  avia-builder-el-4  el_after_av_textblock  el_before_av_section  reduced-content avia-bg-style-scroll container_wrap sidebar_right'  ><div class='container av-section-cont-open' ><div class='template-page content  av-content-small alpha units'><div class='post-entry post-entry-type-page post-entry-1071'><div class='entry-content-wrapper clearfix'>\n<section  class='av_textblock_section av-jt5tjyk0-1e04ddf86ca9bd8201b4b17bbb4a6491 '   itemscope=\"itemscope\" itemtype=\"https:\/\/schema.org\/BlogPosting\" itemprop=\"blogPost\" ><div class='avia_textblock'  itemprop=\"text\" ><div id=\"js-table-of-contents\">\r\n    <strong>Inhaltsverzeichnis<\/strong>\r\n<\/div>\n<\/div><\/section>\n\n<\/div><\/div><\/div><!-- close content main div --><\/div><\/div><div id='av_section_3'  class='avia-section av-jt5vrdgv-4386718e65b314e69682ca60ae604601 main_color avia-section-default avia-no-border-styling  avia-builder-el-6  el_after_av_section  el_before_av_section  reduced-content avia-bg-style-scroll container_wrap sidebar_right'  ><div class='container av-section-cont-open' ><div class='template-page content  av-content-small alpha units'><div class='post-entry post-entry-type-page post-entry-1071'><div class='entry-content-wrapper clearfix'>\n\n<style type=\"text\/css\" data-created_by=\"avia_inline_auto\" id=\"style-css-av-1g5aou-6e8505d9de1136ce38f66b0d0e5d2a36\">\n.flex_column.av-1g5aou-6e8505d9de1136ce38f66b0d0e5d2a36{\nborder-radius:0px 0px 0px 0px;\npadding:0px 0px 0px 0px;\n}\n<\/style>\n<div  class='flex_column av-1g5aou-6e8505d9de1136ce38f66b0d0e5d2a36 av_one_full  avia-builder-el-7  avia-builder-el-no-sibling  first flex_column_div av-zero-column-padding  '     ><section  class='av_textblock_section av-jt5tjyk0-1e04ddf86ca9bd8201b4b17bbb4a6491 '   itemscope=\"itemscope\" itemtype=\"https:\/\/schema.org\/BlogPosting\" itemprop=\"blogPost\" ><div class='avia_textblock'  itemprop=\"text\" ><h2>Erste Camper-Reise Spanien: Darum ist das sonnige Land eine Camper-Tour wert<\/h2>\n<p>Ganz egal, ob Sie mit dem Wohnmobil durch die traumwandlerisch sch\u00f6ne Landschaft Andalusiens fahren oder Spanien entlang der atemberaubenden Mittelmeer- oder Atlantikk\u00fcste erkunden: Den ersten Wohnmobil-Urlaub in Spanien werden Sie so schnell nicht vergessen. Daf\u00fcr sind die Eindr\u00fccke, die sich \u00fcberall im Land ergeben, zu faszinierend. Um nur einige Impressionen anzurei\u00dfen:<\/p>\n<ul>\n<li>Entdecken Sie den Zauber Andalusiens und st\u00fcrzen Sie sich in das Nachtleben\u00a0<a href=\"https:\/\/www.tuicamper.com\/reiseziele\/europa\/spanien\/sevilla\/\">Sevillas<\/a>, wo die hei\u00dfen Rhythmen des Flamencos die Nacht zum Tag werden lassen.<\/li>\n<li>Bestaunen Sie die malerischen Buchten der Costa Brava oder genie\u00dfen Sie an den paradiesischen Sandstr\u00e4nden der Costa de la Luz ein ausgiebiges Sonnenbad.<\/li>\n<li>Erkunden Sie pulsierende Metropolen wie\u00a0<a href=\"https:\/\/www.tuicamper.com\/reiseziele\/europa\/spanien\/madrid\/\">Madrid<\/a>\u00a0und\u00a0<a href=\"https:\/\/www.tuicamper.com\/reiseziele\/europa\/spanien\/barcelona\/\">Barcelona<\/a>\u00a0und besichtigen Sie weltber\u00fchmte Kulturdenkm\u00e4ler wie die Sagrada Familia oder den Palacio Real.<\/li>\n<li>Durchfahren Sie Galicien und statten Sie der Kathedrale von Santiago de Compostela, dem j\u00e4hrlichen Ziel von hunderttausenden Pilgern, einen Besuch ab.<\/li>\n<li>Lernen Sie die idyllischen St\u00e4dte und D\u00f6rfer der Region La Rioja kennen, gehen Sie mit den Einheimischen auf Tuchf\u00fchlung und genie\u00dfen Sie die erstklassigen Weine der Gegend.<\/li>\n<\/ul>\n<p><strong>Tipps f\u00fcr eine Camper-Tour in Andalusien finden Sie in unserem Artikel:\u00a0<\/strong><br \/>\n<a href=\"https:\/\/www.tuicamper.com\/magazin\/andalusien-highlights\/\">Mit dem Wohnmobil durch Andalusien &#8211; 10 Highlights f\u00fcr eine Camper-Reise<\/a><\/p>\n<\/div><\/section><\/div>\n\n<\/div><\/div><\/div><!-- close content main div --><\/div><\/div><div id='av_section_4'  class='avia-section av-b7gvl-1eb57de5f7b7a94c40602e8cf977ebb0 main_color avia-section-default avia-no-border-styling  avia-builder-el-9  el_after_av_section  el_before_av_section  reduced-content avia-bg-style-scroll container_wrap sidebar_right'  ><div class='container av-section-cont-open' ><div class='template-page content  av-content-small alpha units'><div class='post-entry post-entry-type-page post-entry-1071'><div class='entry-content-wrapper clearfix'>\n\n<style type=\"text\/css\" data-created_by=\"avia_inline_auto\" id=\"style-css-av-jtplvt5k-2710bdab5dd56e48f0d5704dfdbffaa6\">\n.avia-image-container.av-jtplvt5k-2710bdab5dd56e48f0d5704dfdbffaa6 img.avia_image{\nbox-shadow:none;\n}\n.avia-image-container.av-jtplvt5k-2710bdab5dd56e48f0d5704dfdbffaa6 .av-caption-image-overlay-bg{\nopacity:0.4;\nbackground-color:#000000;\n}\n.avia-image-container.av-jtplvt5k-2710bdab5dd56e48f0d5704dfdbffaa6 .av-image-caption-overlay-center{\ncolor:#ffffff;\n}\n<\/style>\n<div  class='avia-image-container av-jtplvt5k-2710bdab5dd56e48f0d5704dfdbffaa6 av-styling- av-img-linked avia_animated_image av-animated-when-visible-95 fade-in avia-align-center  avia-builder-el-10  avia-builder-el-no-sibling  noHover av-overlay-on-hover'   itemprop=\"image\" itemscope=\"itemscope\" itemtype=\"https:\/\/schema.org\/ImageObject\" ><div class=\"avia-image-container-inner\"><div class=\"avia-image-overlay-wrap\"><a href=\"https:\/\/www.tuicamper.com\/wp-docker\/wp-content\/uploads\/2019\/04\/alhambra-granada-1030x637.jpg\" data-srcset=\"https:\/\/www.tuicamper.com\/wp-docker\/wp-content\/uploads\/2019\/04\/alhambra-granada-1030x637.jpg 1030w, https:\/\/www.tuicamper.com\/wp-docker\/wp-content\/uploads\/2019\/04\/alhambra-granada-300x185.jpg 300w, https:\/\/www.tuicamper.com\/wp-docker\/wp-content\/uploads\/2019\/04\/alhambra-granada-768x475.jpg 768w, https:\/\/www.tuicamper.com\/wp-docker\/wp-content\/uploads\/2019\/04\/alhambra-granada-705x436.jpg 705w, https:\/\/www.tuicamper.com\/wp-docker\/wp-content\/uploads\/2019\/04\/alhambra-granada-450x278.jpg 450w, https:\/\/www.tuicamper.com\/wp-docker\/wp-content\/uploads\/2019\/04\/alhambra-granada.jpg 1280w\" data-sizes=\"(max-width: 1030px) 100vw, 1030px\" class='avia_image '  aria-label='Alhambra Granada'><div class=\"av-image-caption-overlay\"><div class=\"av-caption-image-overlay-bg\"><\/div><div class=\"av-image-caption-overlay-position\"><div class=\"av-image-caption-overlay-center\"><p>Die Alhambra in Granada<\/p>\n<\/div><\/div><\/div><img decoding=\"async\" fetchpriority=\"high\" class='wp-image-1378 avia-img-lazy-loading-not-1378 avia_image ' src=\"https:\/\/www.tuicamper.com\/wp-docker\/wp-content\/uploads\/2019\/04\/alhambra-granada-1280x630.jpg\" alt='Die Alhambra in Granada' title='Alhambra Granada'  height=\"630\" width=\"1280\"  itemprop=\"thumbnailUrl\"  \/><\/a><\/div><\/div><\/div>\n\n<\/div><\/div><\/div><!-- close content main div --><\/div><\/div><div id='av_section_5'  class='avia-section av-jt5vrdgv-4386718e65b314e69682ca60ae604601 main_color avia-section-default avia-no-border-styling  avia-builder-el-11  el_after_av_section  el_before_av_section  reduced-content avia-bg-style-scroll container_wrap sidebar_right'  ><div class='container av-section-cont-open' ><div class='template-page content  av-content-small alpha units'><div class='post-entry post-entry-type-page post-entry-1071'><div class='entry-content-wrapper clearfix'>\n\n<style type=\"text\/css\" data-created_by=\"avia_inline_auto\" id=\"style-css-av-1g5aou-6e8505d9de1136ce38f66b0d0e5d2a36\">\n.flex_column.av-1g5aou-6e8505d9de1136ce38f66b0d0e5d2a36{\nborder-radius:0px 0px 0px 0px;\npadding:0px 0px 0px 0px;\n}\n<\/style>\n<div  class='flex_column av-1g5aou-6e8505d9de1136ce38f66b0d0e5d2a36 av_one_full  avia-builder-el-12  avia-builder-el-no-sibling  first flex_column_div av-zero-column-padding  '     ><section  class='av_textblock_section av-jt5tjyk0-1e04ddf86ca9bd8201b4b17bbb4a6491 '   itemscope=\"itemscope\" itemtype=\"https:\/\/schema.org\/BlogPosting\" itemprop=\"blogPost\" ><div class='avia_textblock'  itemprop=\"text\" ><h3>Camping in Spanien: Das gilt es zu wissen<\/h3>\n<p>Die herrlichen Panoramen im Landesinneren und an der K\u00fcste Spaniens laden zum Wildcampen ein. Das Problem:\u00a0Wildcampen\u00a0ist in Spanien prinzipiell verboten. Das gilt insbesondere f\u00fcr die Naturschutzgebiete und Nationalparks des Landes. Aber auch in der N\u00e4he von bedeutenden Sehensw\u00fcrdigkeiten wird verst\u00e4rkt kontrolliert. Auf Privatgrundst\u00fccken ist Wildcamping aber oftmals m\u00f6glich \u2013 sofern der Besitzer seine Erlaubnis erteilt. Gl\u00fccklicherweise sind die meisten Spanier sehr zuvorkommende Gastgeber, sodass f\u00fcr das Campen auf Privatgrundst\u00fccken meist eine Erlaubnis erteilt wird.<\/p>\n<p><strong>Schon gelesen?<br \/>\n<\/strong><a href=\"https:\/\/www.tuicamper.com\/magazin\/wildcamping\/\">Wildcamping \u2013 Wo ist Wildcampen erlaubt und wo ist es verboten?<\/a><\/p>\n<\/div><\/section><\/div>\n\n<\/div><\/div><\/div><!-- close content main div --><\/div><\/div><div id='av_section_6'  class='avia-section av-b7gvl-1eb57de5f7b7a94c40602e8cf977ebb0 main_color avia-section-default avia-no-border-styling  avia-builder-el-14  el_after_av_section  el_before_av_section  reduced-content avia-bg-style-scroll container_wrap sidebar_right'  ><div class='container av-section-cont-open' ><div class='template-page content  av-content-small alpha units'><div class='post-entry post-entry-type-page post-entry-1071'><div class='entry-content-wrapper clearfix'>\n\n<style type=\"text\/css\" data-created_by=\"avia_inline_auto\" id=\"style-css-av-jtplvt5k-2c5bcfe66c0e2ea4faf66a61309ae1b1\">\n.avia-image-container.av-jtplvt5k-2c5bcfe66c0e2ea4faf66a61309ae1b1 img.avia_image{\nbox-shadow:none;\n}\n.avia-image-container.av-jtplvt5k-2c5bcfe66c0e2ea4faf66a61309ae1b1 .av-caption-image-overlay-bg{\nopacity:0.4;\nbackground-color:#000000;\n}\n.avia-image-container.av-jtplvt5k-2c5bcfe66c0e2ea4faf66a61309ae1b1 .av-image-caption-overlay-center{\ncolor:#ffffff;\n}\n<\/style>\n<div  class='avia-image-container av-jtplvt5k-2c5bcfe66c0e2ea4faf66a61309ae1b1 av-styling- av-img-linked avia_animated_image av-animated-when-visible-95 fade-in avia-align-center  avia-builder-el-15  avia-builder-el-no-sibling  noHover av-overlay-on-hover'   itemprop=\"image\" itemscope=\"itemscope\" itemtype=\"https:\/\/schema.org\/ImageObject\" ><div class=\"avia-image-container-inner\"><div class=\"avia-image-overlay-wrap\"><a href=\"https:\/\/www.tuicamper.com\/wp-docker\/wp-content\/uploads\/2019\/04\/windmuehlen-1030x686.jpg\" data-srcset=\"https:\/\/www.tuicamper.com\/wp-docker\/wp-content\/uploads\/2019\/04\/windmuehlen-1030x686.jpg 1030w, https:\/\/www.tuicamper.com\/wp-docker\/wp-content\/uploads\/2019\/04\/windmuehlen-300x200.jpg 300w, https:\/\/www.tuicamper.com\/wp-docker\/wp-content\/uploads\/2019\/04\/windmuehlen-768x512.jpg 768w, https:\/\/www.tuicamper.com\/wp-docker\/wp-content\/uploads\/2019\/04\/windmuehlen-705x470.jpg 705w, https:\/\/www.tuicamper.com\/wp-docker\/wp-content\/uploads\/2019\/04\/windmuehlen-450x300.jpg 450w, https:\/\/www.tuicamper.com\/wp-docker\/wp-content\/uploads\/2019\/04\/windmuehlen.jpg 1280w\" data-sizes=\"(max-width: 1030px) 100vw, 1030px\" class='avia_image '  aria-label='Windm\u00fchlen in Spanien'><div class=\"av-image-caption-overlay\"><div class=\"av-caption-image-overlay-bg\"><\/div><div class=\"av-image-caption-overlay-position\"><div class=\"av-image-caption-overlay-center\"><p>Windm\u00fchlen in Spanien<\/p>\n<\/div><\/div><\/div><img decoding=\"async\" fetchpriority=\"high\" class='wp-image-1381 avia-img-lazy-loading-not-1381 avia_image ' src=\"https:\/\/www.tuicamper.com\/wp-docker\/wp-content\/uploads\/2019\/04\/windmuehlen-1280x630.jpg\" alt='' title='Windm\u00fchlen in Spanien'  height=\"630\" width=\"1280\"  itemprop=\"thumbnailUrl\"  \/><\/a><\/div><\/div><\/div>\n\n<\/div><\/div><\/div><!-- close content main div --><\/div><\/div><div id='av_section_7'  class='avia-section av-jt5vrdgv-4386718e65b314e69682ca60ae604601 main_color avia-section-default avia-no-border-styling  avia-builder-el-16  el_after_av_section  el_before_av_textblock  reduced-content avia-bg-style-scroll container_wrap sidebar_right'  ><div class='container av-section-cont-open' ><div class='template-page content  av-content-small alpha units'><div class='post-entry post-entry-type-page post-entry-1071'><div class='entry-content-wrapper clearfix'>\n\n<style type=\"text\/css\" data-created_by=\"avia_inline_auto\" id=\"style-css-av-1g5aou-6e8505d9de1136ce38f66b0d0e5d2a36\">\n.flex_column.av-1g5aou-6e8505d9de1136ce38f66b0d0e5d2a36{\nborder-radius:0px 0px 0px 0px;\npadding:0px 0px 0px 0px;\n}\n<\/style>\n<div  class='flex_column av-1g5aou-6e8505d9de1136ce38f66b0d0e5d2a36 av_one_full  avia-builder-el-17  avia-builder-el-no-sibling  first flex_column_div av-zero-column-padding  '     ><section  class='av_textblock_section av-jt5tjyk0-1e04ddf86ca9bd8201b4b17bbb4a6491 '   itemscope=\"itemscope\" itemtype=\"https:\/\/schema.org\/BlogPosting\" itemprop=\"blogPost\" ><div class='avia_textblock'  itemprop=\"text\" ><h3>Sicher unterwegs auf Spaniens Stra\u00dfen<\/h3>\n<p>Die Verkehrsregeln in Spanien gleichen weitestgehend denen in Deutschland. Innerorts sind in der Regel 30 bis 50 km\/h erlaubt, w\u00e4hrend das Tempolimit auf Landstra\u00dfen f\u00fcr Wohnmobile 70 bis 80 km\/h betr\u00e4gt. Auf Autobahnen d\u00fcrfen Sie mit dem Wohnmobil 90 km\/h fahren. Die Promillegrenze liegt bei 0,5 Promille. Wie in Deutschland gilt auch in Spanien ein Handyverbot am Steuer sowie eine Anschnallpflicht \u2013 und zwar auf s\u00e4mtlichen Sitzen.<\/p>\n<\/div><\/section><\/div>\n<\/div><\/div><\/div><!-- close content main div --><\/div><\/div><div id='after_section_7'  class='main_color av_default_container_wrap container_wrap sidebar_right'  ><div class='container av-section-cont-open' ><div class='template-page content  av-content-small alpha units'><div class='post-entry post-entry-type-page post-entry-1071'><div class='entry-content-wrapper clearfix'>\n<section  class='av_textblock_section av-jtpqpty6-550c066a997ebaf648fccc87d0b9ff16 '   itemscope=\"itemscope\" itemtype=\"https:\/\/schema.org\/BlogPosting\" itemprop=\"blogPost\" ><div class='avia_textblock'  itemprop=\"text\" >\r\n<div style=\"clear: both;\"><\/div>\r\n<div class=\"post-breaker-item breaker-type-default\">\r\n    <div class=\"post-breaker-item-inner\">\r\n                    \n<style type=\"text\/css\" data-created_by=\"avia_inline_auto\" id=\"style-css-av-jtpksizx-4b352f2a2752c01e58a4c67632af1aa6\">\n#top .av_textblock_section.av-jtpksizx-4b352f2a2752c01e58a4c67632af1aa6 .avia_textblock{\nfont-size:28px;\n}\n<\/style>\n<section  class='av_textblock_section av-jtpksizx-4b352f2a2752c01e58a4c67632af1aa6 '   itemscope=\"itemscope\" itemtype=\"https:\/\/schema.org\/BlogPosting\" itemprop=\"blogPost\" ><div class='avia_textblock'  itemprop=\"text\" ><p><strong>\u2013 Lesen Sie auch \u2013<\/strong><\/p>\n<\/div><\/section>\n\n<style type=\"text\/css\" data-created_by=\"avia_inline_auto\" id=\"style-css-av-ehyb5-42286bbb62f5c947921c50b729609f1d\">\n.flex_column.av-ehyb5-42286bbb62f5c947921c50b729609f1d{\nborder-radius:0px 0px 0px 0px;\npadding:0px 0px 0px 0px;\n}\n<\/style>\n<div  class='flex_column av-ehyb5-42286bbb62f5c947921c50b729609f1d av_one_third first flex_column_div av-zero-column-padding  '     ><p>\n<style type=\"text\/css\" data-created_by=\"avia_inline_auto\" id=\"style-css-av-jt75ko0n-3a09d8771f75fdffd3de110a0f3d077a\">\n.avia-image-container.av-jt75ko0n-3a09d8771f75fdffd3de110a0f3d077a img.avia_image{\nbox-shadow:none;\n}\n.avia-image-container.av-jt75ko0n-3a09d8771f75fdffd3de110a0f3d077a .av-image-caption-overlay-center{\ncolor:#ffffff;\n}\n<\/style>\n<div  class='avia-image-container av-jt75ko0n-3a09d8771f75fdffd3de110a0f3d077a av-styling-no-styling av-hover-grow av-hide-overflow av-img-linked avia_animated_image av-animated-when-visible-95 fade-in avia-align-left'   itemprop=\"image\" itemscope=\"itemscope\" itemtype=\"https:\/\/schema.org\/ImageObject\" ><div class=\"avia-image-container-inner\"><div class=\"avia-image-overlay-wrap\"><a href=\"https:\/\/www.tuicamper.com\/magazin\/andalusien-highlights\/\" class='avia_image '  aria-label='Wohnmobil Andalusien'><img decoding=\"async\" fetchpriority=\"high\" class='wp-image-1382 avia-img-lazy-loading-not-1382 avia_image ' src=\"https:\/\/www.tuicamper.com\/wp-docker\/wp-content\/uploads\/2019\/04\/andalusien-teaser.jpg\" alt='Wohnmobil Andalusien' title='Wohnmobil Andalusien'  height=\"200\" width=\"350\"  itemprop=\"thumbnailUrl\" srcset=\"https:\/\/www.tuicamper.com\/wp-docker\/wp-content\/uploads\/2019\/04\/andalusien-teaser.jpg 350w, https:\/\/www.tuicamper.com\/wp-docker\/wp-content\/uploads\/2019\/04\/andalusien-teaser-300x171.jpg 300w\" sizes=\"(max-width: 350px) 100vw, 350px\" \/><\/a><\/div><\/div><\/div><br \/>\n<section  class='av_textblock_section av-jt75lbqb-bba29013bb6610b0762c56b6a5ae7819 '   itemscope=\"itemscope\" itemtype=\"https:\/\/schema.org\/BlogPosting\" itemprop=\"blogPost\" ><div class='avia_textblock'  itemprop=\"text\" ><p style=\"text-align: left;\"><strong><a href=\"https:\/\/www.tuicamper.com\/magazin\/andalusien-highlights\/\">Wohnmobil Andalusien \u2013 10 Highlights f\u00fcr eine Camper-Reise<\/a><\/strong><\/p>\n<\/div><\/section><\/p><\/div>\n\n<style type=\"text\/css\" data-created_by=\"avia_inline_auto\" id=\"style-css-av-ehyb5-8fadcff6392c44a3fc98dc4b014d4246\">\n.flex_column.av-ehyb5-8fadcff6392c44a3fc98dc4b014d4246{\nborder-radius:0px 0px 0px 0px;\npadding:0px 0px 0px 0px;\n}\n<\/style>\n<div  class='flex_column av-ehyb5-8fadcff6392c44a3fc98dc4b014d4246 av_one_third flex_column_div av-zero-column-padding  '     ><p>\n<style type=\"text\/css\" data-created_by=\"avia_inline_auto\" id=\"style-css-av-jt75ko0n-9f528bf819fb4cdc780469f6619db8a2\">\n.avia-image-container.av-jt75ko0n-9f528bf819fb4cdc780469f6619db8a2 img.avia_image{\nbox-shadow:none;\n}\n.avia-image-container.av-jt75ko0n-9f528bf819fb4cdc780469f6619db8a2 .av-image-caption-overlay-center{\ncolor:#ffffff;\n}\n<\/style>\n<div  class='avia-image-container av-jt75ko0n-9f528bf819fb4cdc780469f6619db8a2 av-styling-no-styling av-hover-grow av-hide-overflow av-img-linked avia_animated_image av-animated-when-visible-95 fade-in avia-align-left'   itemprop=\"image\" itemscope=\"itemscope\" itemtype=\"https:\/\/schema.org\/ImageObject\" ><div class=\"avia-image-container-inner\"><div class=\"avia-image-overlay-wrap\"><a href=\"https:\/\/www.tuicamper.com\/magazin\/reisetipps-italien\/\" class='avia_image '  aria-label='Reisetipps Italien'><img decoding=\"async\" fetchpriority=\"high\" class='wp-image-1383 avia-img-lazy-loading-not-1383 avia_image ' src=\"https:\/\/www.tuicamper.com\/wp-docker\/wp-content\/uploads\/2019\/04\/reisetipps-italien-teaser.jpg\" alt='Reisetipps Italien' title='Reisetipps Italien'  height=\"200\" width=\"350\"  itemprop=\"thumbnailUrl\" srcset=\"https:\/\/www.tuicamper.com\/wp-docker\/wp-content\/uploads\/2019\/04\/reisetipps-italien-teaser.jpg 350w, https:\/\/www.tuicamper.com\/wp-docker\/wp-content\/uploads\/2019\/04\/reisetipps-italien-teaser-300x171.jpg 300w\" sizes=\"(max-width: 350px) 100vw, 350px\" \/><\/a><\/div><\/div><\/div><br \/>\n<section  class='av_textblock_section av-jt75lbqb-bba29013bb6610b0762c56b6a5ae7819 '   itemscope=\"itemscope\" itemtype=\"https:\/\/schema.org\/BlogPosting\" itemprop=\"blogPost\" ><div class='avia_textblock'  itemprop=\"text\" ><p style=\"text-align: left;\"><strong><a href=\"https:\/\/www.tuicamper.com\/magazin\/reisetipps-italien\/\">Reisetipps Italien \u2013 Das sollten Sie wissen f\u00fcr Ihren Camper-Urlaub<\/a><\/strong><\/p>\n<\/div><\/section><\/p><\/div>\n\n<style type=\"text\/css\" data-created_by=\"avia_inline_auto\" id=\"style-css-av-ehyb5-8fadcff6392c44a3fc98dc4b014d4246\">\n.flex_column.av-ehyb5-8fadcff6392c44a3fc98dc4b014d4246{\nborder-radius:0px 0px 0px 0px;\npadding:0px 0px 0px 0px;\n}\n<\/style>\n<div  class='flex_column av-ehyb5-8fadcff6392c44a3fc98dc4b014d4246 av_one_third flex_column_div av-zero-column-padding  '     ><p>\n<style type=\"text\/css\" data-created_by=\"avia_inline_auto\" id=\"style-css-av-jt75ko0n-ab10728d649707654e287d2e84a4c036\">\n.avia-image-container.av-jt75ko0n-ab10728d649707654e287d2e84a4c036 img.avia_image{\nbox-shadow:none;\n}\n.avia-image-container.av-jt75ko0n-ab10728d649707654e287d2e84a4c036 .av-image-caption-overlay-center{\ncolor:#ffffff;\n}\n<\/style>\n<div  class='avia-image-container av-jt75ko0n-ab10728d649707654e287d2e84a4c036 av-styling-no-styling av-hover-grow av-hide-overflow av-img-linked avia_animated_image av-animated-when-visible-95 fade-in avia-align-left'   itemprop=\"image\" itemscope=\"itemscope\" itemtype=\"https:\/\/schema.org\/ImageObject\" ><div class=\"avia-image-container-inner\"><div class=\"avia-image-overlay-wrap\"><a href=\"https:\/\/www.tuicamper.com\/magazin\/roadtrip-usa\/\" class='avia_image '  aria-label='Roadtrip USA'><img decoding=\"async\" fetchpriority=\"high\" class='wp-image-1244 avia-img-lazy-loading-not-1244 avia_image ' src=\"https:\/\/www.tuicamper.com\/wp-docker\/wp-content\/uploads\/2019\/04\/roadtrip-usa-teaser.jpg\" alt='Roadtrip USA' title='Roadtrip USA'  height=\"200\" width=\"350\"  itemprop=\"thumbnailUrl\" srcset=\"https:\/\/www.tuicamper.com\/wp-docker\/wp-content\/uploads\/2019\/04\/roadtrip-usa-teaser.jpg 350w, https:\/\/www.tuicamper.com\/wp-docker\/wp-content\/uploads\/2019\/04\/roadtrip-usa-teaser-300x171.jpg 300w\" sizes=\"(max-width: 350px) 100vw, 350px\" \/><\/a><\/div><\/div><\/div><br \/>\n<section  class='av_textblock_section av-jt75lbqb-bba29013bb6610b0762c56b6a5ae7819 '   itemscope=\"itemscope\" itemtype=\"https:\/\/schema.org\/BlogPosting\" itemprop=\"blogPost\" ><div class='avia_textblock'  itemprop=\"text\" ><p style=\"text-align: left;\"><strong><a href=\"https:\/\/www.tuicamper.com\/magazin\/roadtrip-usa\/\">USA Roadtrip mit dem Wohnmobil \u2013 10 Orte, die Sie nicht verpassen d\u00fcrfen!<\/a><\/strong><\/p>\n<\/div><\/section><\/p><\/div>\n            <div style=\"clear: both;\"><\/div>\r\n            <\/div>\r\n<\/div>\r\n\n<\/div><\/section>\n<\/div><\/div><\/div><!-- close content main div --><\/div><\/div><div id='av_section_8'  class='avia-section av-jt5vrdgv-4386718e65b314e69682ca60ae604601 main_color avia-section-default avia-no-border-styling  avia-builder-el-20  el_after_av_textblock  el_before_av_section  reduced-content avia-bg-style-scroll container_wrap sidebar_right'  ><div class='container av-section-cont-open' ><div class='template-page content  av-content-small alpha units'><div class='post-entry post-entry-type-page post-entry-1071'><div class='entry-content-wrapper clearfix'>\n\n<style type=\"text\/css\" data-created_by=\"avia_inline_auto\" id=\"style-css-av-1g5aou-6e8505d9de1136ce38f66b0d0e5d2a36\">\n.flex_column.av-1g5aou-6e8505d9de1136ce38f66b0d0e5d2a36{\nborder-radius:0px 0px 0px 0px;\npadding:0px 0px 0px 0px;\n}\n<\/style>\n<div  class='flex_column av-1g5aou-6e8505d9de1136ce38f66b0d0e5d2a36 av_one_full  avia-builder-el-21  avia-builder-el-no-sibling  first flex_column_div av-zero-column-padding  '     ><section  class='av_textblock_section av-jt5tjyk0-1e04ddf86ca9bd8201b4b17bbb4a6491 '   itemscope=\"itemscope\" itemtype=\"https:\/\/schema.org\/BlogPosting\" itemprop=\"blogPost\" ><div class='avia_textblock'  itemprop=\"text\" ><h3>Sch\u00fctzen Sie sich gegen die spanische Hitze<\/h3>\n<p>Gerade in den Sommermonaten Juli und August entwickelt die spanische Sonne eine erstaunliche Kraft. Sie sollten sich dieser daher nie f\u00fcr l\u00e4ngere Zeit aussetzen und ausreichend gegen die Hitze vorsorgen. Das bedeutet:<\/p>\n<ul>\n<li>Stellen Sie sicher, dass Ihr Wohnmobil \u00fcber eine gute Klimaanlage verf\u00fcgt.<\/li>\n<li>Decken Sie sich mit ausreichend Sonnencreme mit hohem Lichtschutzfaktor ein.<\/li>\n<li>Nehmen Sie viel Fl\u00fcssigkeit zu sich.<\/li>\n<li>\u00dcbernehmen Sie sich nicht und unternehmen Sie keine allzu langen Wanderungen in der prallen Sonne.Vermeiden Sie unn\u00f6tige Hitzequellen im Wohnmobil.<\/li>\n<\/ul>\n<p><strong>Wie Sie Ihr Wohnmobil gegen Hitze sch\u00fctzen k\u00f6nnen, lesen Sie hier:<\/strong><br \/>\n<a href=\"https:\/\/www.tuicamper.com\/magazin\/schutz-gegen-hitze\/\">Schutz gegen Hitze \u2013 Mit diesen Tipps bleibt Ihr Wohnmobil im Sommer k\u00fchl<\/a><\/p>\n<\/div><\/section><\/div>\n\n<\/div><\/div><\/div><!-- close content main div --><\/div><\/div><div id='av_section_9'  class='avia-section av-b7gvl-1eb57de5f7b7a94c40602e8cf977ebb0 main_color avia-section-default avia-no-border-styling  avia-builder-el-23  el_after_av_section  el_before_av_section  reduced-content avia-bg-style-scroll container_wrap sidebar_right'  ><div class='container av-section-cont-open' ><div class='template-page content  av-content-small alpha units'><div class='post-entry post-entry-type-page post-entry-1071'><div class='entry-content-wrapper clearfix'>\n\n<style type=\"text\/css\" data-created_by=\"avia_inline_auto\" id=\"style-css-av-jtplvt5k-82d7818325ccbdc3348c3eec99ac6e38\">\n.avia-image-container.av-jtplvt5k-82d7818325ccbdc3348c3eec99ac6e38 img.avia_image{\nbox-shadow:none;\n}\n.avia-image-container.av-jtplvt5k-82d7818325ccbdc3348c3eec99ac6e38 .av-caption-image-overlay-bg{\nopacity:0.4;\nbackground-color:#000000;\n}\n.avia-image-container.av-jtplvt5k-82d7818325ccbdc3348c3eec99ac6e38 .av-image-caption-overlay-center{\ncolor:#ffffff;\n}\n<\/style>\n<div  class='avia-image-container av-jtplvt5k-82d7818325ccbdc3348c3eec99ac6e38 av-styling- av-img-linked avia_animated_image av-animated-when-visible-95 fade-in avia-align-center  avia-builder-el-24  avia-builder-el-no-sibling  noHover av-overlay-on-hover'   itemprop=\"image\" itemscope=\"itemscope\" itemtype=\"https:\/\/schema.org\/ImageObject\" ><div class=\"avia-image-container-inner\"><div class=\"avia-image-overlay-wrap\"><a href=\"https:\/\/www.tuicamper.com\/wp-docker\/wp-content\/uploads\/2019\/04\/barcelona-sagrada-familia-1030x686.jpg\" data-srcset=\"https:\/\/www.tuicamper.com\/wp-docker\/wp-content\/uploads\/2019\/04\/barcelona-sagrada-familia-1030x686.jpg 1030w, https:\/\/www.tuicamper.com\/wp-docker\/wp-content\/uploads\/2019\/04\/barcelona-sagrada-familia-300x200.jpg 300w, https:\/\/www.tuicamper.com\/wp-docker\/wp-content\/uploads\/2019\/04\/barcelona-sagrada-familia-768x512.jpg 768w, https:\/\/www.tuicamper.com\/wp-docker\/wp-content\/uploads\/2019\/04\/barcelona-sagrada-familia-705x470.jpg 705w, https:\/\/www.tuicamper.com\/wp-docker\/wp-content\/uploads\/2019\/04\/barcelona-sagrada-familia-450x300.jpg 450w, https:\/\/www.tuicamper.com\/wp-docker\/wp-content\/uploads\/2019\/04\/barcelona-sagrada-familia.jpg 1280w\" data-sizes=\"(max-width: 1030px) 100vw, 1030px\" class='avia_image '  aria-label='Barcelona Sagrada Familia'><div class=\"av-image-caption-overlay\"><div class=\"av-caption-image-overlay-bg\"><\/div><div class=\"av-image-caption-overlay-position\"><div class=\"av-image-caption-overlay-center\"><p>Barcelona &#8211; Blick auf die Sagrada Familia<\/p>\n<\/div><\/div><\/div><img decoding=\"async\" fetchpriority=\"high\" class='wp-image-1376 avia-img-lazy-loading-not-1376 avia_image ' src=\"https:\/\/www.tuicamper.com\/wp-docker\/wp-content\/uploads\/2019\/04\/barcelona-sagrada-familia-1280x630.jpg\" alt='Barcelona - Blick auf die Sagrada Familia' title='Barcelona Sagrada Familia'  height=\"630\" width=\"1280\"  itemprop=\"thumbnailUrl\"  \/><\/a><\/div><\/div><\/div>\n\n<\/div><\/div><\/div><!-- close content main div --><\/div><\/div><div id='av_section_10'  class='avia-section av-jt5vrdgv-4386718e65b314e69682ca60ae604601 main_color avia-section-default avia-no-border-styling  avia-builder-el-25  el_after_av_section  el_before_av_section  reduced-content avia-bg-style-scroll container_wrap sidebar_right'  ><div class='container av-section-cont-open' ><div class='template-page content  av-content-small alpha units'><div class='post-entry post-entry-type-page post-entry-1071'><div class='entry-content-wrapper clearfix'>\n\n<style type=\"text\/css\" data-created_by=\"avia_inline_auto\" id=\"style-css-av-1g5aou-6e8505d9de1136ce38f66b0d0e5d2a36\">\n.flex_column.av-1g5aou-6e8505d9de1136ce38f66b0d0e5d2a36{\nborder-radius:0px 0px 0px 0px;\npadding:0px 0px 0px 0px;\n}\n<\/style>\n<div  class='flex_column av-1g5aou-6e8505d9de1136ce38f66b0d0e5d2a36 av_one_full  avia-builder-el-26  el_before_av_button  avia-builder-el-first  first flex_column_div av-zero-column-padding  '     ><section  class='av_textblock_section av-jt5tjyk0-1e04ddf86ca9bd8201b4b17bbb4a6491 '   itemscope=\"itemscope\" itemtype=\"https:\/\/schema.org\/BlogPosting\" itemprop=\"blogPost\" ><div class='avia_textblock'  itemprop=\"text\" ><h2>Mit dem Wohnmobil in Spanien unterwegs: eine Checkliste<\/h2>\n<p>Der Wohnmobil-Urlaub in Spanien ist gebucht und soll schon bald starten? Prima! Allerdings sollten Sie besser sicherstellen, dass Sie vor lauter Vorfreude nichts Wichtiges vergessen! Unsere Checkliste gibt Ihnen eine Orientierung.<\/p>\n<ul>\n<li>Es geht mit dem Flugzeug nach Spanien? Dann denken Sie vor der Fahrt zum Flughafen unbedingt an die\u00a0<strong>Flugtickets<\/strong>!<\/li>\n<li>Selbstverst\u00e4ndlich ben\u00f6tigen Sie auch Ihren\u00a0<strong>Reisepass\u00a0<\/strong>\u2013 ganz egal, wie Sie nach Spanien gelangen.<\/li>\n<li>Ohne\u00a0<strong>F\u00fchrerschein\u00a0<\/strong>endet der Camper-Urlaub noch bevor er begonnen hat.<\/li>\n<li>Eine gut ausgestattete\u00a0<strong>Reiseapotheke\u00a0<\/strong>inklusive aller notwendigen Medikamente geh\u00f6rt ebenso mit an Bord.<\/li>\n<li>Die fantastischen Nationalparks Spaniens laden ebenso zum erkunden ein wie die pulsierenden Metropolen Barcelona und Madrid.\u00a0<strong>Wanderschuhe\u00a0<\/strong>sind daher w\u00e4rmstens zu empfehlen.<\/li>\n<li>Spanien ist f\u00fcr seine zahlreichen Sonnenstunden ber\u00fchmt.\u00a0<strong>Sonnencreme\u00a0<\/strong>mit hohem Lichtschutzfaktor geh\u00f6rt daher unbedingt ins Gep\u00e4ck.<\/li>\n<li>Auch eine\u00a0<strong>Sonnenbrille\u00a0<\/strong>sollten Sie dabei haben. Das gilt insbesondere f\u00fcr den Fahrer des Wohnmobils.<\/li>\n<li>Wenn Sie sich f\u00fcr eine Erkundung der K\u00fcstenregion entschieden haben, sollten Sie auch an\u00a0<strong>Badebekleidung\u00a0<\/strong>denken. Der Ruf des tiefblauen Meeres kann vielerorts geradezu \u00fcberm\u00e4chtig werden \u2013 gerade im Sommer.<\/li>\n<li>Spezielle Impfungen ben\u00f6tigen Sie f\u00fcr Ihre erste Camper-Reise nach Spanien keine. Das Ausw\u00e4rtige Amt empfiehlt lediglich eine\u00a0<strong>Auffrischung der Standardimpfungen\u00a0<\/strong>vor Reiseantritt.<\/li>\n<li><strong>Landkarten und\u00a0<a href=\"https:\/\/www.tuicamper.com\/magazin\/camper-apps-fuer-den-wohnmobil-urlaub\/\">Routen-Apps<\/a><\/strong>\u00a0besorgen Sie sich am besten noch in Deutschland, um optimal auf die anstehende Camper-Tour vorbereitet zu sein.<\/li>\n<li>Nicht vergessen sollten Sie dar\u00fcber hinaus einen guten\u00a0<strong>Fotoapparat<\/strong>. Gerade an der tausende Kilometer langen K\u00fcstenlinie ergeben sich etliche traumhafte Panoramen, die festgehalten werden wollen.<\/li>\n<\/ul>\n<\/div><\/section><\/div><div  class='avia-button-wrap av-ju2eusip-fa90a8e91227f522ed35afe3527e4ec4-wrap avia-button-center  avia-builder-el-28  el_after_av_one_full  avia-builder-el-last '><a href='https:\/\/www.tuicamper.com\/reiseziele\/europa\/spanien\/'  class='avia-button av-ju2eusip-fa90a8e91227f522ed35afe3527e4ec4 av-link-btn avia-icon_select-yes-right-icon avia-size-large avia-position-center avia-color-theme-color'   aria-label=\"Jetzt Wohnmobil mieten f\u00fcr Spanien\"><span class='avia_iconbox_title' >Jetzt Wohnmobil mieten f\u00fcr Spanien<\/span><span class='avia_button_icon avia_button_icon_right avia-iconfont avia-font-entypo-fontello' data-av_icon='\ue875' data-av_iconfont='entypo-fontello' ><\/span><\/a><\/div>\n\n<\/div><\/div><\/div><!-- close content main div --><\/div><\/div><div id='av_section_11'  class='avia-section av-jt5vrdgv-4386718e65b314e69682ca60ae604601 main_color avia-section-default avia-no-border-styling  avia-builder-el-29  el_after_av_section  avia-builder-el-last  reduced-content avia-bg-style-scroll container_wrap sidebar_right'  ><div class='container av-section-cont-open' ><div class='template-page content  av-content-small alpha units'><div class='post-entry post-entry-type-page post-entry-1071'><div class='entry-content-wrapper clearfix'>\n\n<style type=\"text\/css\" data-created_by=\"avia_inline_auto\" id=\"style-css-av-1g5aou-6e8505d9de1136ce38f66b0d0e5d2a36\">\n.flex_column.av-1g5aou-6e8505d9de1136ce38f66b0d0e5d2a36{\nborder-radius:0px 0px 0px 0px;\npadding:0px 0px 0px 0px;\n}\n<\/style>\n<div  class='flex_column av-1g5aou-6e8505d9de1136ce38f66b0d0e5d2a36 av_one_full  avia-builder-el-30  el_before_av_social_share  avia-builder-el-first  first flex_column_div av-zero-column-padding  '     ><style type=\"text\/css\" data-created_by=\"avia_inline_auto\" id=\"style-css-av-jt5tjyk0-26a28d0242835cbba60d70517a13c769\">\n#top .av_textblock_section.av-jt5tjyk0-26a28d0242835cbba60d70517a13c769 .avia_textblock{\nfont-size:28px;\n}\n<\/style>\n<section  class='av_textblock_section av-jt5tjyk0-26a28d0242835cbba60d70517a13c769 '   itemscope=\"itemscope\" itemtype=\"https:\/\/schema.org\/BlogPosting\" itemprop=\"blogPost\" ><div class='avia_textblock'  itemprop=\"text\" ><p><strong>Ihr TUI CAMPER-Team w\u00fcnscht Ihnen einen sonnigen Wohnmobil-Urlaub in Spanien!<\/strong><\/p>\n<\/div><\/section><\/div><div  class='av-social-sharing-box av-10zg8-8676a2d54b4a15bbf6c39a1c18f0815b av-social-sharing-box-default  avia-builder-el-32  el_after_av_one_full  avia-builder-el-last  av-social-sharing-box-fullwidth'><div class=\"av-share-box\"><ul class=\"av-share-box-list noLightbox\"><li class='av-share-link av-social-link-facebook avia_social_iconfont' ><a target=\"_blank\" aria-label=\"Teilen auf Facebook\" href='https:\/\/www.facebook.com\/sharer.php?u=https:\/\/www.tuicamper.com\/magazin\/reisetipps-spanien\/&#038;t=Reisetipps%20Spanien%3A%20Die%20besten%20Tipps%20f%C3%BCr%20Ihre%20Wohnmobil-Tour' data-av_icon='\ue8f3' data-av_iconfont='entypo-fontello'  title='' data-avia-related-tooltip='Teilen auf Facebook'><span class='avia_hidden_link_text'>Teilen auf Facebook<\/span><\/a><\/li><li class='av-share-link av-social-link-twitter avia_social_iconfont' ><a target=\"_blank\" aria-label=\"Teilen auf X\" href='https:\/\/twitter.com\/share?text=Reisetipps%20Spanien%3A%20Die%20besten%20Tipps%20f%C3%BCr%20Ihre%20Wohnmobil-Tour&#038;url=https:\/\/www.tuicamper.com\/magazin\/reisetipps-spanien\/' data-av_icon='\ue932' data-av_iconfont='entypo-fontello'  title='' data-avia-related-tooltip='Teilen auf X'><span class='avia_hidden_link_text'>Teilen auf X<\/span><\/a><\/li><li class='av-share-link av-social-link-whatsapp avia_social_iconfont' ><a target=\"_blank\" aria-label=\"Teilen auf WhatsApp\" href='https:\/\/api.whatsapp.com\/send?text=https:\/\/www.tuicamper.com\/magazin\/reisetipps-spanien\/' data-av_icon='\uf232' data-av_iconfont='entypo-fontello'  title='' data-avia-related-tooltip='Teilen auf WhatsApp'><span class='avia_hidden_link_text'>Teilen auf WhatsApp<\/span><\/a><\/li><li class='av-share-link av-social-link-pinterest avia_social_iconfont' ><a target=\"_blank\" aria-label=\"Teilen auf Pinterest\" href='https:\/\/pinterest.com\/pin\/create\/button\/?url=https%3A%2F%2Fwww.tuicamper.com%2Fmagazin%2Freisetipps-spanien%2F&#038;description=Reisetipps%20Spanien%3A%20Die%20besten%20Tipps%20f%C3%BCr%20Ihre%20Wohnmobil-Tour&#038;media=https%3A%2F%2Fwww.tuicamper.com%2Fwp-docker%2Fwp-content%2Fuploads%2F2019%2F04%2Freisetipps-spanien-705x269.jpg' data-av_icon='\ue8f8' data-av_iconfont='entypo-fontello'  title='' data-avia-related-tooltip='Teilen auf Pinterest'><span class='avia_hidden_link_text'>Teilen auf Pinterest<\/span><\/a><\/li><li class='av-share-link av-social-link-mail avia_social_iconfont' ><a  aria-label=\"Per E-Mail teilen\" href='mailto:?subject=Reisetipps%20Spanien%3A%20Die%20besten%20Tipps%20f%C3%BCr%20Ihre%20Wohnmobil-Tour&#038;body=https:\/\/www.tuicamper.com\/magazin\/reisetipps-spanien\/' data-av_icon='\ue805' data-av_iconfont='entypo-fontello'  title='' data-avia-related-tooltip='Per E-Mail teilen'><span class='avia_hidden_link_text'>Per E-Mail teilen<\/span><\/a><\/li><\/ul><\/div><\/div>\n<\/div><\/div><\/div><!-- close content main div --><\/div><\/div><div id='after_section_11'  class='main_color av_default_container_wrap container_wrap sidebar_right'  ><div class='container av-section-cont-open' ><div class='template-page content  av-content-small alpha units'><div class='post-entry post-entry-type-page post-entry-1071'><div class='entry-content-wrapper clearfix'>\n","protected":false},"excerpt":{"rendered":"<p>Das sonnige Spanien mit seiner traumhaften K\u00fcste gilt als Camper-Paradies. Lesen Sie hier, was Sie f\u00fcr Ihre erste Camper-Reise nach Spanien wissen m\u00fcssen!<\/p>\n","protected":false},"author":3,"featured_media":1375,"comment_status":"open","ping_status":"open","sticky":false,"template":"","format":"standard","meta":{"footnotes":""},"categories":[8],"tags":[47,26],"class_list":["post-1071","post","type-post","status-publish","format-standard","has-post-thumbnail","hentry","category-reiselaender","tag-grundlagen","tag-spanien"],"yoast_head":"<!-- This site is optimized with the Yoast SEO plugin v27.4 - https:\/\/yoast.com\/product\/yoast-seo-wordpress\/ -->\n<title>Reisetipps Spanien: Die besten Tipps f\u00fcr Ihre Wohnmobil-Tour<\/title>\n<meta name=\"description\" content=\"Das sonnige Spanien mit seiner traumhaften K\u00fcste gilt als Camper-Paradies. Lesen Sie hier, was Sie f\u00fcr Ihre erste Camper-Reise nach Spanien wissen m\u00fcssen!\" \/>\n<meta name=\"robots\" content=\"index, follow, max-snippet:-1, max-image-preview:large, max-video-preview:-1\" \/>\n<link rel=\"canonical\" href=\"https:\/\/www.tuicamper.com\/magazin\/reisetipps-spanien\/\" \/>\n<meta property=\"og:locale\" content=\"de_DE\" \/>\n<meta property=\"og:type\" content=\"article\" \/>\n<meta property=\"og:title\" content=\"Reisetipps Spanien: Die besten Tipps f\u00fcr Ihre Wohnmobil-Tour\" \/>\n<meta property=\"og:description\" content=\"Das sonnige Spanien mit seiner traumhaften K\u00fcste gilt als Camper-Paradies. Lesen Sie hier, was Sie f\u00fcr Ihre erste Camper-Reise nach Spanien wissen m\u00fcssen!\" \/>\n<meta property=\"og:url\" content=\"https:\/\/www.tuicamper.com\/magazin\/reisetipps-spanien\/\" \/>\n<meta property=\"og:site_name\" content=\"TUI Camper Magazin\" \/>\n<meta property=\"article:published_time\" content=\"2019-04-16T09:18:01+00:00\" \/>\n<meta property=\"article:modified_time\" content=\"2019-05-03T09:12:53+00:00\" \/>\n<meta property=\"og:image\" content=\"https:\/\/www.tuicamper.com\/wp-docker\/wp-content\/uploads\/2019\/04\/reisetipps-spanien.jpg\" \/>\n\t<meta property=\"og:image:width\" content=\"1310\" \/>\n\t<meta property=\"og:image:height\" content=\"500\" \/>\n\t<meta property=\"og:image:type\" content=\"image\/jpeg\" \/>\n<meta name=\"author\" content=\"S\u00f6ren Cortekar\" \/>\n<meta name=\"twitter:card\" content=\"summary_large_image\" \/>\n<meta name=\"twitter:label1\" content=\"Verfasst von\" \/>\n\t<meta name=\"twitter:data1\" content=\"S\u00f6ren Cortekar\" \/>\n\t<meta name=\"twitter:label2\" content=\"Gesch\u00e4tzte Lesezeit\" \/>\n\t<meta name=\"twitter:data2\" content=\"17\u00a0Minuten\" \/>\n<!-- \/ Yoast SEO plugin. -->","yoast_head_json":{"title":"Reisetipps Spanien: Die besten Tipps f\u00fcr Ihre Wohnmobil-Tour","description":"Das sonnige Spanien mit seiner traumhaften K\u00fcste gilt als Camper-Paradies. Lesen Sie hier, was Sie f\u00fcr Ihre erste Camper-Reise nach Spanien wissen m\u00fcssen!","robots":{"index":"index","follow":"follow","max-snippet":"max-snippet:-1","max-image-preview":"max-image-preview:large","max-video-preview":"max-video-preview:-1"},"canonical":"https:\/\/www.tuicamper.com\/magazin\/reisetipps-spanien\/","og_locale":"de_DE","og_type":"article","og_title":"Reisetipps Spanien: Die besten Tipps f\u00fcr Ihre Wohnmobil-Tour","og_description":"Das sonnige Spanien mit seiner traumhaften K\u00fcste gilt als Camper-Paradies. Lesen Sie hier, was Sie f\u00fcr Ihre erste Camper-Reise nach Spanien wissen m\u00fcssen!","og_url":"https:\/\/www.tuicamper.com\/magazin\/reisetipps-spanien\/","og_site_name":"TUI Camper Magazin","article_published_time":"2019-04-16T09:18:01+00:00","article_modified_time":"2019-05-03T09:12:53+00:00","og_image":[{"width":1310,"height":500,"url":"https:\/\/www.tuicamper.com\/wp-docker\/wp-content\/uploads\/2019\/04\/reisetipps-spanien.jpg","type":"image\/jpeg"}],"author":"S\u00f6ren Cortekar","twitter_card":"summary_large_image","twitter_misc":{"Verfasst von":"S\u00f6ren Cortekar","Gesch\u00e4tzte Lesezeit":"17\u00a0Minuten"},"schema":{"@context":"https:\/\/schema.org","@graph":[{"@type":"Article","@id":"https:\/\/www.tuicamper.com\/magazin\/reisetipps-spanien\/#article","isPartOf":{"@id":"https:\/\/www.tuicamper.com\/magazin\/reisetipps-spanien\/"},"author":{"name":"S\u00f6ren Cortekar","@id":"https:\/\/www.tuicamper.com\/wp-docker\/#\/schema\/person\/a9ad15b73e3b6169a6c4a794a58d1ea6"},"headline":"Reisetipps Spanien: Die besten Tipps f\u00fcr Ihre Wohnmobil-Tour","datePublished":"2019-04-16T09:18:01+00:00","dateModified":"2019-05-03T09:12:53+00:00","mainEntityOfPage":{"@id":"https:\/\/www.tuicamper.com\/magazin\/reisetipps-spanien\/"},"wordCount":2863,"commentCount":0,"image":{"@id":"https:\/\/www.tuicamper.com\/magazin\/reisetipps-spanien\/#primaryimage"},"thumbnailUrl":"https:\/\/www.tuicamper.com\/wp-docker\/wp-content\/uploads\/2019\/04\/reisetipps-spanien.jpg","keywords":["Grundlagen","Spanien"],"articleSection":["Reisel\u00e4nder"],"inLanguage":"de","potentialAction":[{"@type":"CommentAction","name":"Comment","target":["https:\/\/www.tuicamper.com\/magazin\/reisetipps-spanien\/#respond"]}]},{"@type":"WebPage","@id":"https:\/\/www.tuicamper.com\/magazin\/reisetipps-spanien\/","url":"https:\/\/www.tuicamper.com\/magazin\/reisetipps-spanien\/","name":"Reisetipps Spanien: Die besten Tipps f\u00fcr Ihre Wohnmobil-Tour","isPartOf":{"@id":"https:\/\/www.tuicamper.com\/#website"},"primaryImageOfPage":{"@id":"https:\/\/www.tuicamper.com\/magazin\/reisetipps-spanien\/#primaryimage"},"image":{"@id":"https:\/\/www.tuicamper.com\/magazin\/reisetipps-spanien\/#primaryimage"},"thumbnailUrl":"https:\/\/www.tuicamper.com\/wp-content\/uploads\/2019\/04\/reisetipps-spanien.jpg","datePublished":"2019-04-16T09:18:01+00:00","dateModified":"2019-05-03T09:12:53+00:00","author":{"@id":"https:\/\/www.tuicamper.com\/#\/schema\/person\/a9ad15b73e3b6169a6c4a794a58d1ea6"},"description":"Das sonnige Spanien mit seiner traumhaften K\u00fcste gilt als Camper-Paradies. Lesen Sie hier, was Sie f\u00fcr Ihre erste Camper-Reise nach Spanien wissen m\u00fcssen!","breadcrumb":{"@id":"https:\/\/www.tuicamper.com\/magazin\/reisetipps-spanien\/#breadcrumb"},"inLanguage":"de","potentialAction":["Array"]},{"@type":"ImageObject","inLanguage":"de","@id":"https:\/\/www.tuicamper.com\/magazin\/reisetipps-spanien\/#primaryimage","url":"https:\/\/www.tuicamper.com\/wp-docker\/wp-content\/uploads\/2019\/04\/reisetipps-spanien.jpg","contentUrl":"https:\/\/www.tuicamper.com\/wp-docker\/wp-content\/uploads\/2019\/04\/reisetipps-spanien.jpg","width":1310,"height":500,"caption":"Reisetipps Spanien"},{"@type":"BreadcrumbList","@id":"https:\/\/www.tuicamper.com\/magazin\/reisetipps-spanien\/#breadcrumb","itemListElement":[{"@type":"ListItem","position":1,"name":"Startseite","item":"https:\/\/www.tuicamper.com\/wp-docker\/"},{"@type":"ListItem","position":2,"name":"Reisetipps Spanien: Die besten Tipps f\u00fcr Ihre Wohnmobil-Tour"}]},{"@type":"WebSite","@id":"https:\/\/www.tuicamper.com\/#website","url":"https:\/\/www.tuicamper.com\/","name":"TUI Camper Magazin","description":"","potentialAction":["Array"],"inLanguage":"de"},{"@type":"Person","@id":"https:\/\/www.tuicamper.com\/wp-docker\/#\/schema\/person\/a9ad15b73e3b6169a6c4a794a58d1ea6","name":"S\u00f6ren Cortekar","image":{"@type":"ImageObject","inLanguage":"de","@id":"https:\/\/secure.gravatar.com\/avatar\/399f9c9096d84e9147b61735bfa53689fd2add8aa9c074669869e4c106f7df59?s=96&d=mm&r=g","url":"https:\/\/secure.gravatar.com\/avatar\/399f9c9096d84e9147b61735bfa53689fd2add8aa9c074669869e4c106f7df59?s=96&d=mm&r=g","contentUrl":"https:\/\/secure.gravatar.com\/avatar\/399f9c9096d84e9147b61735bfa53689fd2add8aa9c074669869e4c106f7df59?s=96&d=mm&r=g","caption":"S\u00f6ren Cortekar"},"url":"https:\/\/www.tuicamper.com\/wp-docker\/magazin\/author\/soeren-cortekar\/"}]}},"_links":{"self":[{"href":"https:\/\/www.tuicamper.com\/wp-docker\/wp-json\/wp\/v2\/posts\/1071","targetHints":{"allow":["GET"]}}],"collection":[{"href":"https:\/\/www.tuicamper.com\/wp-docker\/wp-json\/wp\/v2\/posts"}],"about":[{"href":"https:\/\/www.tuicamper.com\/wp-docker\/wp-json\/wp\/v2\/types\/post"}],"author":[{"embeddable":true,"href":"https:\/\/www.tuicamper.com\/wp-docker\/wp-json\/wp\/v2\/users\/3"}],"replies":[{"embeddable":true,"href":"https:\/\/www.tuicamper.com\/wp-docker\/wp-json\/wp\/v2\/comments?post=1071"}],"version-history":[{"count":14,"href":"https:\/\/www.tuicamper.com\/wp-docker\/wp-json\/wp\/v2\/posts\/1071\/revisions"}],"predecessor-version":[{"id":2739,"href":"https:\/\/www.tuicamper.com\/wp-docker\/wp-json\/wp\/v2\/posts\/1071\/revisions\/2739"}],"wp:featuredmedia":[{"embeddable":true,"href":"https:\/\/www.tuicamper.com\/wp-docker\/wp-json\/wp\/v2\/media\/1375"}],"wp:attachment":[{"href":"https:\/\/www.tuicamper.com\/wp-docker\/wp-json\/wp\/v2\/media?parent=1071"}],"wp:term":[{"taxonomy":"category","embeddable":true,"href":"https:\/\/www.tuicamper.com\/wp-docker\/wp-json\/wp\/v2\/categories?post=1071"},{"taxonomy":"post_tag","embeddable":true,"href":"https:\/\/www.tuicamper.com\/wp-docker\/wp-json\/wp\/v2\/tags?post=1071"}],"curies":[{"name":"wp","href":"https:\/\/api.w.org\/{rel}","templated":true}]}}