{"id":1058,"date":"2019-04-25T11:41:33","date_gmt":"2019-04-25T09:41:33","guid":{"rendered":"https:\/\/www.tuicamper.com\/wp-docker\/?p=1058"},"modified":"2019-07-29T13:40:48","modified_gmt":"2019-07-29T11:40:48","slug":"reisetipps-kanada","status":"publish","type":"post","link":"https:\/\/www.tuicamper.com\/magazin\/reisetipps-kanada\/","title":{"rendered":"Reisetipps Kanada: Die besten Tipps, Empfehlungen &#038; Highlights"},"content":{"rendered":"<div id='av_section_1'  class='avia-section av-jt5vrdgv-4386718e65b314e69682ca60ae604601 main_color avia-section-default avia-no-border-styling  avia-builder-el-0  el_before_av_textblock  avia-builder-el-first  reduced-content avia-bg-style-scroll container_wrap sidebar_right'  ><div class='container av-section-cont-open' ><main  role=\"main\" itemprop=\"mainContentOfPage\"  class='template-page content  av-content-small alpha units'><div class='post-entry post-entry-type-page post-entry-1058'><div class='entry-content-wrapper clearfix'>\n\n<style type=\"text\/css\" data-created_by=\"avia_inline_auto\" id=\"style-css-av-1g5aou-6e8505d9de1136ce38f66b0d0e5d2a36\">\n.flex_column.av-1g5aou-6e8505d9de1136ce38f66b0d0e5d2a36{\nborder-radius:0px 0px 0px 0px;\npadding:0px 0px 0px 0px;\n}\n<\/style>\n<div  class='flex_column av-1g5aou-6e8505d9de1136ce38f66b0d0e5d2a36 av_one_full  avia-builder-el-1  avia-builder-el-no-sibling  first flex_column_div av-zero-column-padding  '     ><section  class='av_textblock_section av-jt5tjyk0-1e04ddf86ca9bd8201b4b17bbb4a6491 '   itemscope=\"itemscope\" itemtype=\"https:\/\/schema.org\/BlogPosting\" itemprop=\"blogPost\" ><div class='avia_textblock'  itemprop=\"text\" ><p>Kanada erfreut sich unter Wohnmobil-Urlaubern einer enormen Beliebtheit \u2013 und das nicht ohne Grund! In der Weite des Landes warten zahlreiche Nationalparks darauf, erkundet zu werden. Problemlos k\u00f6nnen Sie hier dutzende Touren unternehmen, ohne auch nur ann\u00e4hernd alle Highlights des riesigen Landes gesehen zu haben. Grund genug also, sich endlich in das Abenteuer Kanada zu st\u00fcrzen! Doch was gilt es, vor Ort zu beachten? Welche Sicherheitshinweise sollte man kennen? Und was geh\u00f6rt f\u00fcr den anstehenden Kanada-Trip eigentlich alles ins Gep\u00e4ck? Wir beantworten die wichtigsten Fragen zu Ihrer\u00a0<a href=\"https:\/\/www.tuicamper.com\/reiseziele\/nordamerika\/kanada\/\">Camper-Reise nach Kanada<\/a>!<\/p>\n<\/div><\/section><\/div>\n<\/div><\/div><\/main><!-- close content main element --><\/div><\/div><div id='after_section_1'  class='main_color av_default_container_wrap container_wrap sidebar_right'  ><div class='container av-section-cont-open' ><div class='template-page content  av-content-small alpha units'><div class='post-entry post-entry-type-page post-entry-1058'><div class='entry-content-wrapper clearfix'>\n<section  class='av_textblock_section av-jtpqpty6-550c066a997ebaf648fccc87d0b9ff16 '   itemscope=\"itemscope\" itemtype=\"https:\/\/schema.org\/BlogPosting\" itemprop=\"blogPost\" ><div class='avia_textblock'  itemprop=\"text\" >\n<\/div><\/section>\n<\/div><\/div><\/div><!-- close content main div --><\/div><\/div><div id='av_section_2'  class='avia-section av-jt5vrdgv-4386718e65b314e69682ca60ae604601 main_color avia-section-default avia-no-border-styling  avia-builder-el-4  el_after_av_textblock  el_before_av_section  reduced-content avia-bg-style-scroll container_wrap sidebar_right'  ><div class='container av-section-cont-open' ><div class='template-page content  av-content-small alpha units'><div class='post-entry post-entry-type-page post-entry-1058'><div class='entry-content-wrapper clearfix'>\n<section  class='av_textblock_section av-jt5tjyk0-1e04ddf86ca9bd8201b4b17bbb4a6491 '   itemscope=\"itemscope\" itemtype=\"https:\/\/schema.org\/BlogPosting\" itemprop=\"blogPost\" ><div class='avia_textblock'  itemprop=\"text\" ><div id=\"js-table-of-contents\">\r\n    <strong>Inhaltsverzeichnis<\/strong>\r\n<\/div>\n<\/div><\/section>\n\n<\/div><\/div><\/div><!-- close content main div --><\/div><\/div><div id='av_section_3'  class='avia-section av-jt5vrdgv-4386718e65b314e69682ca60ae604601 main_color avia-section-default avia-no-border-styling  avia-builder-el-6  el_after_av_section  el_before_av_section  reduced-content avia-bg-style-scroll container_wrap sidebar_right'  ><div class='container av-section-cont-open' ><div class='template-page content  av-content-small alpha units'><div class='post-entry post-entry-type-page post-entry-1058'><div class='entry-content-wrapper clearfix'>\n\n<style type=\"text\/css\" data-created_by=\"avia_inline_auto\" id=\"style-css-av-1g5aou-6e8505d9de1136ce38f66b0d0e5d2a36\">\n.flex_column.av-1g5aou-6e8505d9de1136ce38f66b0d0e5d2a36{\nborder-radius:0px 0px 0px 0px;\npadding:0px 0px 0px 0px;\n}\n<\/style>\n<div  class='flex_column av-1g5aou-6e8505d9de1136ce38f66b0d0e5d2a36 av_one_full  avia-builder-el-7  avia-builder-el-no-sibling  first flex_column_div av-zero-column-padding  '     ><section  class='av_textblock_section av-jt5tjyk0-1e04ddf86ca9bd8201b4b17bbb4a6491 '   itemscope=\"itemscope\" itemtype=\"https:\/\/schema.org\/BlogPosting\" itemprop=\"blogPost\" ><div class='avia_textblock'  itemprop=\"text\" ><h2>Reisetipps Kanada: Eldorado f\u00fcr Wohnmobil-Reisende<\/h2>\n<p>Kanada ist geradezu pr\u00e4destiniert f\u00fcr einen Wohnmobil-Urlaub. Das fl\u00e4chenm\u00e4\u00dfig zweitgr\u00f6\u00dfte Land der Welt l\u00e4sst bei Naturliebhabern keine W\u00fcnsche offen \u2013 und erweist sich als \u00fcberaus camperfreundlich. Um nur einige Punkte zu nennen, die f\u00fcr das Reiseziel Kanada sprechen:<\/p>\n<ul>\n<li>Mit dem normalen deutschen F\u00fchrerschein k\u00f6nnen Sie im Regelfall auch gr\u00f6\u00dfere Wohnmobile von \u00fcber 3,5 Tonnen mieten und fahren.<\/li>\n<li>Die kanadischen Stra\u00dfen sind deutlich breiter als hierzulande \u2013 und damit wie geschaffen f\u00fcr Wohnmobile.<\/li>\n<li>Der Preis f\u00fcr die Wohnmobilmiete gilt als erschwinglich.<\/li>\n<li>Unz\u00e4hlige Nationalparks warten darauf, erkundet zu werden \u2013 inklusive Wildtiere, Seen, Wasserf\u00e4lle, Berge und W\u00e4lder.<\/li>\n<li>Campingpl\u00e4tze gibt es en masse.<\/li>\n<\/ul>\n<p>In puncto Routenauswahl haben Sie in Kanada die Qual der Wahl. Einige der sch\u00f6nsten Reiserouten f\u00fcr Wohnmobil-Urlauber haben wir\u00a0<a href=\"https:\/\/www.tuicamper.com\/routen\/kanada-routen\/\">hier<\/a>\u00a0f\u00fcr Sie zusammengestellt.<\/p>\n<\/div><\/section><\/div><\/div><\/div><\/div><!-- close content main div --><\/div><\/div><div id='av_section_4'  class='avia-section av-b7gvl-1eb57de5f7b7a94c40602e8cf977ebb0 main_color avia-section-default avia-no-border-styling  avia-builder-el-9  el_after_av_section  el_before_av_section  reduced-content avia-bg-style-scroll container_wrap sidebar_right'  ><div class='container av-section-cont-open' ><div class='template-page content  av-content-small alpha units'><div class='post-entry post-entry-type-page post-entry-1058'><div class='entry-content-wrapper clearfix'>\n\n<style type=\"text\/css\" data-created_by=\"avia_inline_auto\" id=\"style-css-av-jtplvt5k-30495dec2b620470052bbb43e0e0141e\">\n.avia-image-container.av-jtplvt5k-30495dec2b620470052bbb43e0e0141e img.avia_image{\nbox-shadow:none;\n}\n.avia-image-container.av-jtplvt5k-30495dec2b620470052bbb43e0e0141e .av-caption-image-overlay-bg{\nopacity:0.4;\nbackground-color:#000000;\n}\n.avia-image-container.av-jtplvt5k-30495dec2b620470052bbb43e0e0141e .av-image-caption-overlay-center{\ncolor:#ffffff;\n}\n<\/style>\n<div  class='avia-image-container av-jtplvt5k-30495dec2b620470052bbb43e0e0141e av-styling- av-img-linked avia_animated_image av-animated-when-visible-95 fade-in avia-align-center  avia-builder-el-10  avia-builder-el-no-sibling  noHover av-overlay-on-hover'   itemprop=\"image\" itemscope=\"itemscope\" itemtype=\"https:\/\/schema.org\/ImageObject\" ><div class=\"avia-image-container-inner\"><div class=\"avia-image-overlay-wrap\"><a href=\"https:\/\/www.tuicamper.com\/wp-docker\/wp-content\/uploads\/2019\/04\/see-kanada-1030x686.jpg\" data-srcset=\"https:\/\/www.tuicamper.com\/wp-docker\/wp-content\/uploads\/2019\/04\/see-kanada-1030x686.jpg 1030w, https:\/\/www.tuicamper.com\/wp-docker\/wp-content\/uploads\/2019\/04\/see-kanada-300x200.jpg 300w, https:\/\/www.tuicamper.com\/wp-docker\/wp-content\/uploads\/2019\/04\/see-kanada-768x512.jpg 768w, https:\/\/www.tuicamper.com\/wp-docker\/wp-content\/uploads\/2019\/04\/see-kanada-705x470.jpg 705w, https:\/\/www.tuicamper.com\/wp-docker\/wp-content\/uploads\/2019\/04\/see-kanada-450x300.jpg 450w, https:\/\/www.tuicamper.com\/wp-docker\/wp-content\/uploads\/2019\/04\/see-kanada.jpg 1280w\" data-sizes=\"(max-width: 1030px) 100vw, 1030px\" class='avia_image '  aria-label='See im Banff Nationalpark'><div class=\"av-image-caption-overlay\"><div class=\"av-caption-image-overlay-bg\"><\/div><div class=\"av-image-caption-overlay-position\"><div class=\"av-image-caption-overlay-center\"><p>Traumhafter See in Kanada<\/p>\n<\/div><\/div><\/div><img decoding=\"async\" fetchpriority=\"high\" class='wp-image-1885 avia-img-lazy-loading-not-1885 avia_image ' src=\"https:\/\/www.tuicamper.com\/wp-docker\/wp-content\/uploads\/2019\/04\/see-kanada-1280x630.jpg\" alt='See im Banff Nationalpark' title='See im Banff Nationalpark'  height=\"630\" width=\"1280\"  itemprop=\"thumbnailUrl\"  \/><\/a><\/div><\/div><\/div>\n<\/p>\n<\/div><\/div><\/div><!-- close content main div --><\/div><\/div><div id='av_section_5'  class='avia-section av-jt5vrdgv-4386718e65b314e69682ca60ae604601 main_color avia-section-default avia-no-border-styling  avia-builder-el-11  el_after_av_section  el_before_av_section  reduced-content avia-bg-style-scroll container_wrap sidebar_right'  ><div class='container av-section-cont-open' ><div class='template-page content  av-content-small alpha units'><div class='post-entry post-entry-type-page post-entry-1058'><div class='entry-content-wrapper clearfix'>\n\n<style type=\"text\/css\" data-created_by=\"avia_inline_auto\" id=\"style-css-av-1g5aou-6e8505d9de1136ce38f66b0d0e5d2a36\">\n.flex_column.av-1g5aou-6e8505d9de1136ce38f66b0d0e5d2a36{\nborder-radius:0px 0px 0px 0px;\npadding:0px 0px 0px 0px;\n}\n<\/style>\n<div  class='flex_column av-1g5aou-6e8505d9de1136ce38f66b0d0e5d2a36 av_one_full  avia-builder-el-12  avia-builder-el-no-sibling  first flex_column_div av-zero-column-padding  '     ><section  class='av_textblock_section av-jt5tjyk0-1e04ddf86ca9bd8201b4b17bbb4a6491 '   itemscope=\"itemscope\" itemtype=\"https:\/\/schema.org\/BlogPosting\" itemprop=\"blogPost\" ><div class='avia_textblock'  itemprop=\"text\" ><h2>Kanada Reisehinweise: 6 Punkte, die Sie beachten sollten<\/h2>\n<p>Auch wenn Kanada als Paradies f\u00fcr Wohnmobil-Reisende aller Fasson gilt, eine Reihe von Dingen sollten Sie im Rahmen Ihrer Camper-Reise dennoch beachten! Wir beleuchten sechs Punkte, die Sie bei Ihrem Kanada-Urlaub im Hinterkopf behalten sollten.<\/p>\n<\/div><\/section><\/div>\n\n<\/div><\/div><\/div><!-- close content main div --><\/div><\/div><div id='av_section_6'  class='avia-section av-jt5vrdgv-4386718e65b314e69682ca60ae604601 main_color avia-section-default avia-no-border-styling  avia-builder-el-14  el_after_av_section  el_before_av_section  reduced-content avia-bg-style-scroll container_wrap sidebar_right'  ><div class='container av-section-cont-open' ><div class='template-page content  av-content-small alpha units'><div class='post-entry post-entry-type-page post-entry-1058'><div class='entry-content-wrapper clearfix'>\n\n<style type=\"text\/css\" data-created_by=\"avia_inline_auto\" id=\"style-css-av-1g5aou-6e8505d9de1136ce38f66b0d0e5d2a36\">\n.flex_column.av-1g5aou-6e8505d9de1136ce38f66b0d0e5d2a36{\nborder-radius:0px 0px 0px 0px;\npadding:0px 0px 0px 0px;\n}\n<\/style>\n<div  class='flex_column av-1g5aou-6e8505d9de1136ce38f66b0d0e5d2a36 av_one_full  avia-builder-el-15  avia-builder-el-no-sibling  first flex_column_div av-zero-column-padding  '     ><section  class='av_textblock_section av-jt5tjyk0-1e04ddf86ca9bd8201b4b17bbb4a6491 '   itemscope=\"itemscope\" itemtype=\"https:\/\/schema.org\/BlogPosting\" itemprop=\"blogPost\" ><div class='avia_textblock'  itemprop=\"text\" ><h3>1.) Kanada: Die beste Reisezeit<\/h3>\n<p>An der Frage nach dem besten Zeitpunkt f\u00fcr eine Kanada-Reise scheiden sich die Geister. Prinzipiell gilt: In den Sommermonaten Juli und August k\u00f6nnen Sie s\u00e4mtliche Routen problemlos befahren. Das gilt auch f\u00fcr Stra\u00dfen, die im Winter nur eingeschr\u00e4nkt oder gar nicht benutzbar sind. Viele Camper schw\u00f6ren jedoch auf die Herbstmonate September und Oktober. Der Grund: Hier sorgt die bunte F\u00e4rbung der kanadischen Laub- und Mischw\u00e4lder f\u00fcr eine zus\u00e4tzliche Augenweide!<\/p>\n<p><strong>Mehr Infos zur besten Reisezeit in Kanada finden Sie in unserem Artikel:<br \/>\n<\/strong><a href=\"https:\/\/www.tuicamper.com\/magazin\/beste-reisezeit-kanada\/\">Beste Reisezeit Kanada: Alle Klimainfos zu den einzelnen Regionen<\/a><strong><br \/>\n<\/strong><\/p>\n<\/div><\/section><\/div>\n\n<\/div><\/div><\/div><!-- close content main div --><\/div><\/div><div id='av_section_7'  class='avia-section av-b7gvl-1eb57de5f7b7a94c40602e8cf977ebb0 main_color avia-section-default avia-no-border-styling  avia-builder-el-17  el_after_av_section  el_before_av_section  reduced-content avia-bg-style-scroll container_wrap sidebar_right'  ><div class='container av-section-cont-open' ><div class='template-page content  av-content-small alpha units'><div class='post-entry post-entry-type-page post-entry-1058'><div class='entry-content-wrapper clearfix'>\n\n<style type=\"text\/css\" data-created_by=\"avia_inline_auto\" id=\"style-css-av-jtplvt5k-0d02e82950e101e1844f7220608c7f4a\">\n.avia-image-container.av-jtplvt5k-0d02e82950e101e1844f7220608c7f4a img.avia_image{\nbox-shadow:none;\n}\n.avia-image-container.av-jtplvt5k-0d02e82950e101e1844f7220608c7f4a .av-caption-image-overlay-bg{\nopacity:0.4;\nbackground-color:#000000;\n}\n.avia-image-container.av-jtplvt5k-0d02e82950e101e1844f7220608c7f4a .av-image-caption-overlay-center{\ncolor:#ffffff;\n}\n<\/style>\n<div  class='avia-image-container av-jtplvt5k-0d02e82950e101e1844f7220608c7f4a av-styling- av-img-linked avia_animated_image av-animated-when-visible-95 fade-in avia-align-center  avia-builder-el-18  avia-builder-el-no-sibling  noHover av-overlay-on-hover'   itemprop=\"image\" itemscope=\"itemscope\" itemtype=\"https:\/\/schema.org\/ImageObject\" ><div class=\"avia-image-container-inner\"><div class=\"avia-image-overlay-wrap\"><a href=\"https:\/\/www.tuicamper.com\/wp-docker\/wp-content\/uploads\/2019\/04\/landschaft-kanada-1030x772.jpg\" data-srcset=\"https:\/\/www.tuicamper.com\/wp-docker\/wp-content\/uploads\/2019\/04\/landschaft-kanada-1030x772.jpg 1030w, https:\/\/www.tuicamper.com\/wp-docker\/wp-content\/uploads\/2019\/04\/landschaft-kanada-300x225.jpg 300w, https:\/\/www.tuicamper.com\/wp-docker\/wp-content\/uploads\/2019\/04\/landschaft-kanada-768x575.jpg 768w, https:\/\/www.tuicamper.com\/wp-docker\/wp-content\/uploads\/2019\/04\/landschaft-kanada-705x528.jpg 705w, https:\/\/www.tuicamper.com\/wp-docker\/wp-content\/uploads\/2019\/04\/landschaft-kanada-450x337.jpg 450w, https:\/\/www.tuicamper.com\/wp-docker\/wp-content\/uploads\/2019\/04\/landschaft-kanada.jpg 1280w\" data-sizes=\"(max-width: 1030px) 100vw, 1030px\" class='avia_image '  aria-label='Indian Summer in Nordamerika'><div class=\"av-image-caption-overlay\"><div class=\"av-caption-image-overlay-bg\"><\/div><div class=\"av-image-caption-overlay-position\"><div class=\"av-image-caption-overlay-center\"><p>Die Landschaft von Kanada im Herbst<\/p>\n<\/div><\/div><\/div><img decoding=\"async\" fetchpriority=\"high\" class='wp-image-1887 avia-img-lazy-loading-not-1887 avia_image ' src=\"https:\/\/www.tuicamper.com\/wp-docker\/wp-content\/uploads\/2019\/04\/landschaft-kanada-845x684.jpg\" alt='Indian Summer in Nordamerika' title='Indian Summer in Nordamerika'  height=\"684\" width=\"845\"  itemprop=\"thumbnailUrl\" srcset=\"https:\/\/www.tuicamper.com\/wp-docker\/wp-content\/uploads\/2019\/04\/landschaft-kanada-845x684.jpg 845w, https:\/\/www.tuicamper.com\/wp-docker\/wp-content\/uploads\/2019\/04\/landschaft-kanada-495x400.jpg 495w\" sizes=\"(max-width: 845px) 100vw, 845px\" \/><\/a><\/div><\/div><\/div>\n\n<\/div><\/div><\/div><!-- close content main div --><\/div><\/div><div id='av_section_8'  class='avia-section av-jt5vrdgv-4386718e65b314e69682ca60ae604601 main_color avia-section-default avia-no-border-styling  avia-builder-el-19  el_after_av_section  el_before_av_section  reduced-content avia-bg-style-scroll container_wrap sidebar_right'  ><div class='container av-section-cont-open' ><div class='template-page content  av-content-small alpha units'><div class='post-entry post-entry-type-page post-entry-1058'><div class='entry-content-wrapper clearfix'>\n\n<style type=\"text\/css\" data-created_by=\"avia_inline_auto\" id=\"style-css-av-1g5aou-6e8505d9de1136ce38f66b0d0e5d2a36\">\n.flex_column.av-1g5aou-6e8505d9de1136ce38f66b0d0e5d2a36{\nborder-radius:0px 0px 0px 0px;\npadding:0px 0px 0px 0px;\n}\n<\/style>\n<div  class='flex_column av-1g5aou-6e8505d9de1136ce38f66b0d0e5d2a36 av_one_full  avia-builder-el-20  avia-builder-el-no-sibling  first flex_column_div av-zero-column-padding  '     ><section  class='av_textblock_section av-jt5tjyk0-1e04ddf86ca9bd8201b4b17bbb4a6491 '   itemscope=\"itemscope\" itemtype=\"https:\/\/schema.org\/BlogPosting\" itemprop=\"blogPost\" ><div class='avia_textblock'  itemprop=\"text\" ><h3>2.) Nationalparkpass: Wer ihn braucht und wer nicht<\/h3>\n<p>Die sch\u00f6nsten Camper-Routen f\u00fchren durch die malerischen Nationalparks des Landes. Immerhin \u00fcberzeugen diese mit postkartenw\u00fcrdigen Motiven, wohin das Auge blickt. Um innerhalb eines solchen Nationalparks Stopps einlegen und die fantastische Landschaft erkunden zu d\u00fcrfen, wird allerdings oftmals ein Nationalparkpass ben\u00f6tigt. Welche kanadischen Nationalparks einen entsprechenden Pass verlangen und was dieser kostet, kann auf der\u00a0<a href=\"https:\/\/www.pc.gc.ca\/en\/pn-np\" target=\"_blank\" rel=\"noopener noreferrer\">offiziellen Webseite<\/a> der kanadischen Nationalparks eingesehen werden. Sie haben die Wahl zwischen einem Tagespass und einem Jahrespass. Letzterer lohnt sich bereits ab einer Aufenthaltsdauer von einer Woche.<\/p>\n<p><strong>Lesetipp<\/strong>: Einer der spektakul\u00e4rsten Nationalparks in Kanada ist der Banff-Nationalpark. Mehr dazu finden Sie in unserem Artikel:<br \/>\n<a href=\"https:\/\/www.tuicamper.com\/magazin\/banff-nationalpark\/\">Banff-Nationalpark \u2013 Sehensw\u00fcrdigkeiten, Camping &amp; die besten Tipps<\/a><\/p>\n<\/div><\/section><\/div>\n\n<\/div><\/div><\/div><!-- close content main div --><\/div><\/div><div id='av_section_9'  class='avia-section av-b7gvl-1eb57de5f7b7a94c40602e8cf977ebb0 main_color avia-section-default avia-no-border-styling  avia-builder-el-22  el_after_av_section  el_before_av_section  reduced-content avia-bg-style-scroll container_wrap sidebar_right'  ><div class='container av-section-cont-open' ><div class='template-page content  av-content-small alpha units'><div class='post-entry post-entry-type-page post-entry-1058'><div class='entry-content-wrapper clearfix'>\n\n<style type=\"text\/css\" data-created_by=\"avia_inline_auto\" id=\"style-css-av-jtplvt5k-a07952c009e6f6728bcaba302faf1346\">\n.avia-image-container.av-jtplvt5k-a07952c009e6f6728bcaba302faf1346 img.avia_image{\nbox-shadow:none;\n}\n.avia-image-container.av-jtplvt5k-a07952c009e6f6728bcaba302faf1346 .av-caption-image-overlay-bg{\nopacity:0.4;\nbackground-color:#000000;\n}\n.avia-image-container.av-jtplvt5k-a07952c009e6f6728bcaba302faf1346 .av-image-caption-overlay-center{\ncolor:#ffffff;\n}\n<\/style>\n<div  class='avia-image-container av-jtplvt5k-a07952c009e6f6728bcaba302faf1346 av-styling- av-img-linked avia_animated_image av-animated-when-visible-95 fade-in avia-align-center  avia-builder-el-23  avia-builder-el-no-sibling  noHover av-overlay-on-hover'   itemprop=\"image\" itemscope=\"itemscope\" itemtype=\"https:\/\/schema.org\/ImageObject\" ><div class=\"avia-image-container-inner\"><div class=\"avia-image-overlay-wrap\"><a href=\"https:\/\/www.tuicamper.com\/wp-docker\/wp-content\/uploads\/2019\/03\/banff-nationalpark-content-3-orig-1030x429.jpg\" data-srcset=\"https:\/\/www.tuicamper.com\/wp-docker\/wp-content\/uploads\/2019\/03\/banff-nationalpark-content-3-orig-1030x429.jpg 1030w, https:\/\/www.tuicamper.com\/wp-docker\/wp-content\/uploads\/2019\/03\/banff-nationalpark-content-3-orig-300x125.jpg 300w, https:\/\/www.tuicamper.com\/wp-docker\/wp-content\/uploads\/2019\/03\/banff-nationalpark-content-3-orig-768x320.jpg 768w, https:\/\/www.tuicamper.com\/wp-docker\/wp-content\/uploads\/2019\/03\/banff-nationalpark-content-3-orig-705x294.jpg 705w, https:\/\/www.tuicamper.com\/wp-docker\/wp-content\/uploads\/2019\/03\/banff-nationalpark-content-3-orig-450x188.jpg 450w, https:\/\/www.tuicamper.com\/wp-docker\/wp-content\/uploads\/2019\/03\/banff-nationalpark-content-3-orig.jpg 1440w\" data-sizes=\"(max-width: 1030px) 100vw, 1030px\" class='avia_image '  aria-label='Bergkette im Banff-Nationalpark'><div class=\"av-image-caption-overlay\"><div class=\"av-caption-image-overlay-bg\"><\/div><div class=\"av-image-caption-overlay-position\"><div class=\"av-image-caption-overlay-center\"><p>Bergkette im Banff-Nationalpark<\/p>\n<\/div><\/div><\/div><img decoding=\"async\" fetchpriority=\"high\" class='wp-image-356 avia-img-lazy-loading-not-356 avia_image ' src=\"https:\/\/www.tuicamper.com\/wp-docker\/wp-content\/uploads\/2019\/03\/banff-nationalpark-content-3-orig-845x600.jpg\" alt='Bergkette im Banff-Nationalpark' title='Bergkette im Banff-Nationalpark'  height=\"600\" width=\"845\"  itemprop=\"thumbnailUrl\" srcset=\"https:\/\/www.tuicamper.com\/wp-docker\/wp-content\/uploads\/2019\/03\/banff-nationalpark-content-3-orig-845x600.jpg 845w, https:\/\/www.tuicamper.com\/wp-docker\/wp-content\/uploads\/2019\/03\/banff-nationalpark-content-3-orig-260x185.jpg 260w\" sizes=\"(max-width: 845px) 100vw, 845px\" \/><\/a><\/div><\/div><\/div>\n\n<\/div><\/div><\/div><!-- close content main div --><\/div><\/div><div id='av_section_10'  class='avia-section av-jt5vrdgv-4386718e65b314e69682ca60ae604601 main_color avia-section-default avia-no-border-styling  avia-builder-el-24  el_after_av_section  el_before_av_section  reduced-content avia-bg-style-scroll container_wrap sidebar_right'  ><div class='container av-section-cont-open' ><div class='template-page content  av-content-small alpha units'><div class='post-entry post-entry-type-page post-entry-1058'><div class='entry-content-wrapper clearfix'>\n\n<style type=\"text\/css\" data-created_by=\"avia_inline_auto\" id=\"style-css-av-1g5aou-6e8505d9de1136ce38f66b0d0e5d2a36\">\n.flex_column.av-1g5aou-6e8505d9de1136ce38f66b0d0e5d2a36{\nborder-radius:0px 0px 0px 0px;\npadding:0px 0px 0px 0px;\n}\n<\/style>\n<div  class='flex_column av-1g5aou-6e8505d9de1136ce38f66b0d0e5d2a36 av_one_full  avia-builder-el-25  avia-builder-el-no-sibling  first flex_column_div av-zero-column-padding  '     ><section  class='av_textblock_section av-jt5tjyk0-1e04ddf86ca9bd8201b4b17bbb4a6491 '   itemscope=\"itemscope\" itemtype=\"https:\/\/schema.org\/BlogPosting\" itemprop=\"blogPost\" ><div class='avia_textblock'  itemprop=\"text\" ><h3>3.) Lagerfeuer: Erlaubt oder verboten?<\/h3>\n<p>Keine Frage: Bei einer \u00dcbernachtung inmitten der atemberaubenden kanadischen Naturkulisse darf auch ein Lagerfeuer nicht fehlen. Die gute Nachricht: Viele Campingpl\u00e4tze gestatten es ihren Campern in vorgesehenen Feuerst\u00e4tten ein Lagerfeuer zu entfachen. Im Zweifelsfall gilt es, beim Betreiber des Campingplatzes nachzufragen. Innerhalb von Nationalparks sind Lagerfeuer nach dem Erwerb einer Fire Permit gestattet. Allerdings kann es vorkommen, dass w\u00e4hrend einer Trockenperiode s\u00e4mtliche Lagerfeuer untersagt werden. Die Brandgefahr w\u00e4re schlicht zu hoch.<\/p>\n<\/div><\/section><\/div>\n\n<\/div><\/div><\/div><!-- close content main div --><\/div><\/div><div id='av_section_11'  class='avia-section av-b7gvl-1eb57de5f7b7a94c40602e8cf977ebb0 main_color avia-section-default avia-no-border-styling  avia-builder-el-27  el_after_av_section  el_before_av_section  reduced-content avia-bg-style-scroll container_wrap sidebar_right'  ><div class='container av-section-cont-open' ><div class='template-page content  av-content-small alpha units'><div class='post-entry post-entry-type-page post-entry-1058'><div class='entry-content-wrapper clearfix'>\n\n<style type=\"text\/css\" data-created_by=\"avia_inline_auto\" id=\"style-css-av-jtplvt5k-85e11a3d04ef32fe6e038dcab79376db\">\n.avia-image-container.av-jtplvt5k-85e11a3d04ef32fe6e038dcab79376db img.avia_image{\nbox-shadow:none;\n}\n.avia-image-container.av-jtplvt5k-85e11a3d04ef32fe6e038dcab79376db .av-caption-image-overlay-bg{\nopacity:0.4;\nbackground-color:#000000;\n}\n.avia-image-container.av-jtplvt5k-85e11a3d04ef32fe6e038dcab79376db .av-image-caption-overlay-center{\ncolor:#ffffff;\n}\n<\/style>\n<div  class='avia-image-container av-jtplvt5k-85e11a3d04ef32fe6e038dcab79376db av-styling- av-img-linked avia_animated_image av-animated-when-visible-95 fade-in avia-align-center  avia-builder-el-28  avia-builder-el-no-sibling  noHover av-overlay-on-hover'   itemprop=\"image\" itemscope=\"itemscope\" itemtype=\"https:\/\/schema.org\/ImageObject\" ><div class=\"avia-image-container-inner\"><div class=\"avia-image-overlay-wrap\"><a href=\"https:\/\/www.tuicamper.com\/wp-docker\/wp-content\/uploads\/2019\/04\/lagerfeuer-kanada-1030x687.jpg\" data-srcset=\"https:\/\/www.tuicamper.com\/wp-docker\/wp-content\/uploads\/2019\/04\/lagerfeuer-kanada-1030x687.jpg 1030w, https:\/\/www.tuicamper.com\/wp-docker\/wp-content\/uploads\/2019\/04\/lagerfeuer-kanada-300x200.jpg 300w, https:\/\/www.tuicamper.com\/wp-docker\/wp-content\/uploads\/2019\/04\/lagerfeuer-kanada-768x512.jpg 768w, https:\/\/www.tuicamper.com\/wp-docker\/wp-content\/uploads\/2019\/04\/lagerfeuer-kanada-705x470.jpg 705w, https:\/\/www.tuicamper.com\/wp-docker\/wp-content\/uploads\/2019\/04\/lagerfeuer-kanada-450x300.jpg 450w, https:\/\/www.tuicamper.com\/wp-docker\/wp-content\/uploads\/2019\/04\/lagerfeuer-kanada.jpg 1280w\" data-sizes=\"(max-width: 1030px) 100vw, 1030px\" class='avia_image '  aria-label='Lagerfeuer am Stellplatz'><div class=\"av-image-caption-overlay\"><div class=\"av-caption-image-overlay-bg\"><\/div><div class=\"av-image-caption-overlay-position\"><div class=\"av-image-caption-overlay-center\"><p>Lagerfeuer am Stellplatz<\/p>\n<\/div><\/div><\/div><img decoding=\"async\" fetchpriority=\"high\" class='wp-image-1888 avia-img-lazy-loading-not-1888 avia_image ' src=\"https:\/\/www.tuicamper.com\/wp-docker\/wp-content\/uploads\/2019\/04\/lagerfeuer-kanada-845x684.jpg\" alt='Lagerfeuer am Stellplatz' title='Lagerfeuer am Stellplatz'  height=\"684\" width=\"845\"  itemprop=\"thumbnailUrl\" srcset=\"https:\/\/www.tuicamper.com\/wp-docker\/wp-content\/uploads\/2019\/04\/lagerfeuer-kanada-845x684.jpg 845w, https:\/\/www.tuicamper.com\/wp-docker\/wp-content\/uploads\/2019\/04\/lagerfeuer-kanada-495x400.jpg 495w\" sizes=\"(max-width: 845px) 100vw, 845px\" \/><\/a><\/div><\/div><\/div>\n\n<\/div><\/div><\/div><!-- close content main div --><\/div><\/div><div id='av_section_12'  class='avia-section av-jt5vrdgv-4386718e65b314e69682ca60ae604601 main_color avia-section-default avia-no-border-styling  avia-builder-el-29  el_after_av_section  el_before_av_section  reduced-content avia-bg-style-scroll container_wrap sidebar_right'  ><div class='container av-section-cont-open' ><div class='template-page content  av-content-small alpha units'><div class='post-entry post-entry-type-page post-entry-1058'><div class='entry-content-wrapper clearfix'>\n\n<style type=\"text\/css\" data-created_by=\"avia_inline_auto\" id=\"style-css-av-1g5aou-6e8505d9de1136ce38f66b0d0e5d2a36\">\n.flex_column.av-1g5aou-6e8505d9de1136ce38f66b0d0e5d2a36{\nborder-radius:0px 0px 0px 0px;\npadding:0px 0px 0px 0px;\n}\n<\/style>\n<div  class='flex_column av-1g5aou-6e8505d9de1136ce38f66b0d0e5d2a36 av_one_full  avia-builder-el-30  avia-builder-el-no-sibling  first flex_column_div av-zero-column-padding  '     ><section  class='av_textblock_section av-jt5tjyk0-1e04ddf86ca9bd8201b4b17bbb4a6491 '   itemscope=\"itemscope\" itemtype=\"https:\/\/schema.org\/BlogPosting\" itemprop=\"blogPost\" ><div class='avia_textblock'  itemprop=\"text\" ><h3>4.) Welcher F\u00fchrerschein wird ben\u00f6tigt?<\/h3>\n<p>Um in Kanada einen Camper zu mieten, gen\u00fcgt in der Regel der normale deutsche F\u00fchrerschein der Klasse B. Selbst Wohnmobile, die mehr als 3,5 Tonnen wiegen, d\u00fcrfen meist mit diesem F\u00fchrerschein gefahren werden. Allerdings ist es empfehlenswert, im Vorfeld beim Wohnmobil-Vermieter nach den ben\u00f6tigten Dokumenten zu fragen.<\/p>\n<\/div><\/section><\/div>\n\n<\/div><\/div><\/div><!-- close content main div --><\/div><\/div><div id='av_section_13'  class='avia-section av-b7gvl-1eb57de5f7b7a94c40602e8cf977ebb0 main_color avia-section-default avia-no-border-styling  avia-builder-el-32  el_after_av_section  el_before_av_section  reduced-content avia-bg-style-scroll container_wrap sidebar_right'  ><div class='container av-section-cont-open' ><div class='template-page content  av-content-small alpha units'><div class='post-entry post-entry-type-page post-entry-1058'><div class='entry-content-wrapper clearfix'>\n\n<style type=\"text\/css\" data-created_by=\"avia_inline_auto\" id=\"style-css-av-jtplvt5k-14de1777f0adc5fcb14ead3f2987b19c\">\n.avia-image-container.av-jtplvt5k-14de1777f0adc5fcb14ead3f2987b19c img.avia_image{\nbox-shadow:none;\n}\n.avia-image-container.av-jtplvt5k-14de1777f0adc5fcb14ead3f2987b19c .av-caption-image-overlay-bg{\nopacity:0.4;\nbackground-color:#000000;\n}\n.avia-image-container.av-jtplvt5k-14de1777f0adc5fcb14ead3f2987b19c .av-image-caption-overlay-center{\ncolor:#ffffff;\n}\n<\/style>\n<div  class='avia-image-container av-jtplvt5k-14de1777f0adc5fcb14ead3f2987b19c av-styling- av-img-linked avia_animated_image av-animated-when-visible-95 fade-in avia-align-center  avia-builder-el-33  avia-builder-el-no-sibling  noHover av-overlay-on-hover'   itemprop=\"image\" itemscope=\"itemscope\" itemtype=\"https:\/\/schema.org\/ImageObject\" ><div class=\"avia-image-container-inner\"><div class=\"avia-image-overlay-wrap\"><a href=\"https:\/\/www.tuicamper.com\/wp-docker\/wp-content\/uploads\/2019\/04\/berge-kanada-1030x683.jpg\" data-srcset=\"https:\/\/www.tuicamper.com\/wp-docker\/wp-content\/uploads\/2019\/04\/berge-kanada-1030x683.jpg 1030w, https:\/\/www.tuicamper.com\/wp-docker\/wp-content\/uploads\/2019\/04\/berge-kanada-300x199.jpg 300w, https:\/\/www.tuicamper.com\/wp-docker\/wp-content\/uploads\/2019\/04\/berge-kanada-768x509.jpg 768w, https:\/\/www.tuicamper.com\/wp-docker\/wp-content\/uploads\/2019\/04\/berge-kanada-705x468.jpg 705w, https:\/\/www.tuicamper.com\/wp-docker\/wp-content\/uploads\/2019\/04\/berge-kanada-450x298.jpg 450w, https:\/\/www.tuicamper.com\/wp-docker\/wp-content\/uploads\/2019\/04\/berge-kanada.jpg 1280w\" data-sizes=\"(max-width: 1030px) 100vw, 1030px\" class='avia_image '  aria-label='Trailblazer in Kanada'><div class=\"av-image-caption-overlay\"><div class=\"av-caption-image-overlay-bg\"><\/div><div class=\"av-image-caption-overlay-position\"><div class=\"av-image-caption-overlay-center\"><p>Mit dem Trailblazer unterwegs in Kanada<\/p>\n<\/div><\/div><\/div><img decoding=\"async\" fetchpriority=\"high\" class='wp-image-1891 avia-img-lazy-loading-not-1891 avia_image ' src=\"https:\/\/www.tuicamper.com\/wp-docker\/wp-content\/uploads\/2019\/04\/berge-kanada-845x684.jpg\" alt='Mit dem Trailblazer unterwegs in Kanada' title='Trailblazer in Kanada'  height=\"684\" width=\"845\"  itemprop=\"thumbnailUrl\" srcset=\"https:\/\/www.tuicamper.com\/wp-docker\/wp-content\/uploads\/2019\/04\/berge-kanada-845x684.jpg 845w, https:\/\/www.tuicamper.com\/wp-docker\/wp-content\/uploads\/2019\/04\/berge-kanada-495x400.jpg 495w\" sizes=\"(max-width: 845px) 100vw, 845px\" \/><\/a><\/div><\/div><\/div>\n\n<\/div><\/div><\/div><!-- close content main div --><\/div><\/div><div id='av_section_14'  class='avia-section av-jt5vrdgv-4386718e65b314e69682ca60ae604601 main_color avia-section-default avia-no-border-styling  avia-builder-el-34  el_after_av_section  el_before_av_section  reduced-content avia-bg-style-scroll container_wrap sidebar_right'  ><div class='container av-section-cont-open' ><div class='template-page content  av-content-small alpha units'><div class='post-entry post-entry-type-page post-entry-1058'><div class='entry-content-wrapper clearfix'>\n\n<style type=\"text\/css\" data-created_by=\"avia_inline_auto\" id=\"style-css-av-1g5aou-6e8505d9de1136ce38f66b0d0e5d2a36\">\n.flex_column.av-1g5aou-6e8505d9de1136ce38f66b0d0e5d2a36{\nborder-radius:0px 0px 0px 0px;\npadding:0px 0px 0px 0px;\n}\n<\/style>\n<div  class='flex_column av-1g5aou-6e8505d9de1136ce38f66b0d0e5d2a36 av_one_full  avia-builder-el-35  avia-builder-el-no-sibling  first flex_column_div av-zero-column-padding  '     ><section  class='av_textblock_section av-jt5tjyk0-1e04ddf86ca9bd8201b4b17bbb4a6491 '   itemscope=\"itemscope\" itemtype=\"https:\/\/schema.org\/BlogPosting\" itemprop=\"blogPost\" ><div class='avia_textblock'  itemprop=\"text\" ><h3>5.) Vorsicht vor Wildtieren!<\/h3>\n<p>Die Wahrscheinlichkeit Wildtiere wie Elche, W\u00f6lfe oder B\u00e4ren zu beobachten, ist in Kanada sehr gro\u00df. Die Tiere machen zweifellos einen Teil des Reizes eines Nationalparkbesuchs aus. Allerdings fordert der gro\u00dfe Wildbestand Kanadas von Wohnmobil-Urlaubern auch eine erh\u00f6hte Aufmerksamkeit beim Fahren. Dass Wildtiere die Stra\u00dfe kreuzen, ist alles andere als ungew\u00f6hnlich!<br \/>\nBei Wanderungen und \u00dcbernachtungen in Nationalparks ist dagegen besonders auf B\u00e4ren zu achten. Diese k\u00f6nnen unter Umst\u00e4nden aggressiv reagieren. Beachten Sie dabei insbesondere die folgenden Regeln:<\/p>\n<ul>\n<li>Informieren Sie sich vor Wanderungen bei der Touristeninformation des jeweiligen Nationalparks, ob sich derzeit ein B\u00e4r in der N\u00e4he aufh\u00e4lt.<\/li>\n<li>B\u00e4ren fl\u00fcchten in der Regel vor L\u00e4rm. Reden Sie daher laut und verwenden Sie B\u00e4renglocken auf einer Wanderung.<\/li>\n<li>Lassen Sie weder Essensreste noch Kosmetik-Produkte \u00fcber Nacht im Freien stehen.<\/li>\n<li>Schlie\u00dfen Sie Ihr Essen auf Campingpl\u00e4tzen in den hierzu vorgesehenen Schlie\u00dff\u00e4chern ein.<\/li>\n<\/ul>\n<\/div><\/section><\/div>\n\n<\/div><\/div><\/div><!-- close content main div --><\/div><\/div><div id='av_section_15'  class='avia-section av-b7gvl-1eb57de5f7b7a94c40602e8cf977ebb0 main_color avia-section-default avia-no-border-styling  avia-builder-el-37  el_after_av_section  el_before_av_section  reduced-content avia-bg-style-scroll container_wrap sidebar_right'  ><div class='container av-section-cont-open' ><div class='template-page content  av-content-small alpha units'><div class='post-entry post-entry-type-page post-entry-1058'><div class='entry-content-wrapper clearfix'>\n\n<style type=\"text\/css\" data-created_by=\"avia_inline_auto\" id=\"style-css-av-jtplvt5k-ac8601cf3e6d2dda49c9bb179ac8e025\">\n.avia-image-container.av-jtplvt5k-ac8601cf3e6d2dda49c9bb179ac8e025 img.avia_image{\nbox-shadow:none;\n}\n.avia-image-container.av-jtplvt5k-ac8601cf3e6d2dda49c9bb179ac8e025 .av-caption-image-overlay-bg{\nopacity:0.4;\nbackground-color:#000000;\n}\n.avia-image-container.av-jtplvt5k-ac8601cf3e6d2dda49c9bb179ac8e025 .av-image-caption-overlay-center{\ncolor:#ffffff;\n}\n<\/style>\n<div  class='avia-image-container av-jtplvt5k-ac8601cf3e6d2dda49c9bb179ac8e025 av-styling- av-img-linked avia_animated_image av-animated-when-visible-95 fade-in avia-align-center  avia-builder-el-38  avia-builder-el-no-sibling  noHover av-overlay-on-hover'   itemprop=\"image\" itemscope=\"itemscope\" itemtype=\"https:\/\/schema.org\/ImageObject\" ><div class=\"avia-image-container-inner\"><div class=\"avia-image-overlay-wrap\"><a href=\"https:\/\/www.tuicamper.com\/wp-docker\/wp-content\/uploads\/2019\/04\/elche-in-kanada-1030x686.jpg\" data-srcset=\"https:\/\/www.tuicamper.com\/wp-docker\/wp-content\/uploads\/2019\/04\/elche-in-kanada-1030x686.jpg 1030w, https:\/\/www.tuicamper.com\/wp-docker\/wp-content\/uploads\/2019\/04\/elche-in-kanada-300x200.jpg 300w, https:\/\/www.tuicamper.com\/wp-docker\/wp-content\/uploads\/2019\/04\/elche-in-kanada-768x512.jpg 768w, https:\/\/www.tuicamper.com\/wp-docker\/wp-content\/uploads\/2019\/04\/elche-in-kanada-705x470.jpg 705w, https:\/\/www.tuicamper.com\/wp-docker\/wp-content\/uploads\/2019\/04\/elche-in-kanada-450x300.jpg 450w, https:\/\/www.tuicamper.com\/wp-docker\/wp-content\/uploads\/2019\/04\/elche-in-kanada.jpg 1280w\" data-sizes=\"(max-width: 1030px) 100vw, 1030px\" class='avia_image '  aria-label='Elche in Kanada'><div class=\"av-image-caption-overlay\"><div class=\"av-caption-image-overlay-bg\"><\/div><div class=\"av-image-caption-overlay-position\"><div class=\"av-image-caption-overlay-center\"><p>Elche in Kanada<\/p>\n<\/div><\/div><\/div><img decoding=\"async\" fetchpriority=\"high\" class='wp-image-1883 avia-img-lazy-loading-not-1883 avia_image ' src=\"https:\/\/www.tuicamper.com\/wp-docker\/wp-content\/uploads\/2019\/04\/elche-in-kanada-1280x630.jpg\" alt='Elche in Kanada' title='Elche in Kanada'  height=\"630\" width=\"1280\"  itemprop=\"thumbnailUrl\"  \/><\/a><\/div><\/div><\/div>\n\n<\/div><\/div><\/div><!-- close content main div --><\/div><\/div><div id='av_section_16'  class='avia-section av-jt5vrdgv-4386718e65b314e69682ca60ae604601 main_color avia-section-default avia-no-border-styling  avia-builder-el-39  el_after_av_section  el_before_av_textblock  reduced-content avia-bg-style-scroll container_wrap sidebar_right'  ><div class='container av-section-cont-open' ><div class='template-page content  av-content-small alpha units'><div class='post-entry post-entry-type-page post-entry-1058'><div class='entry-content-wrapper clearfix'>\n\n<style type=\"text\/css\" data-created_by=\"avia_inline_auto\" id=\"style-css-av-1g5aou-6e8505d9de1136ce38f66b0d0e5d2a36\">\n.flex_column.av-1g5aou-6e8505d9de1136ce38f66b0d0e5d2a36{\nborder-radius:0px 0px 0px 0px;\npadding:0px 0px 0px 0px;\n}\n<\/style>\n<div  class='flex_column av-1g5aou-6e8505d9de1136ce38f66b0d0e5d2a36 av_one_full  avia-builder-el-40  avia-builder-el-no-sibling  first flex_column_div av-zero-column-padding  '     ><section  class='av_textblock_section av-jt5tjyk0-1e04ddf86ca9bd8201b4b17bbb4a6491 '   itemscope=\"itemscope\" itemtype=\"https:\/\/schema.org\/BlogPosting\" itemprop=\"blogPost\" ><div class='avia_textblock'  itemprop=\"text\" ><h3>6.) Campingpl\u00e4tze: Diese M\u00f6glichkeiten haben Sie<\/h3>\n<p>Die Dichte an Campingpl\u00e4tzen in Kanada l\u00e4sst kaum zu w\u00fcnschen \u00fcbrig. Innerhalb von Nationalparks befinden sich zahlreiche Campingpl\u00e4tze, die im Regelfall \u00fcber Sanit\u00e4ranlagen verf\u00fcgen. Eine Alternative sind die kleineren \u201e<a href=\"http:\/\/www.env.gov.bc.ca\/bcparks\/\" target=\"_blank\" rel=\"noopener noreferrer\">Provincial Park Campgrounds<\/a>\u201c, die oftmals durch ihre Lage inmitten der Natur bestechen. Es kann jedoch vorkommen, dass sie hier in puncto Ausstattung einige Abstriche hinnehmen m\u00fcssen. Dar\u00fcber hinaus gibt es auch noch eine ganze Reihe von privaten Campingpl\u00e4tzen mit variierender Ausstattung.<\/p>\n<\/div><\/section><\/div>\n<\/div><\/div><\/div><!-- close content main div --><\/div><\/div><div id='after_section_16'  class='main_color av_default_container_wrap container_wrap sidebar_right'  ><div class='container av-section-cont-open' ><div class='template-page content  av-content-small alpha units'><div class='post-entry post-entry-type-page post-entry-1058'><div class='entry-content-wrapper clearfix'>\n<section  class='av_textblock_section av-jtpqpty6-550c066a997ebaf648fccc87d0b9ff16 '   itemscope=\"itemscope\" itemtype=\"https:\/\/schema.org\/BlogPosting\" itemprop=\"blogPost\" ><div class='avia_textblock'  itemprop=\"text\" >\r\n<div style=\"clear: both;\"><\/div>\r\n<div class=\"post-breaker-item breaker-type-default\">\r\n    <div class=\"post-breaker-item-inner\">\r\n                    \n<style type=\"text\/css\" data-created_by=\"avia_inline_auto\" id=\"style-css-av-jtpksizx-4b352f2a2752c01e58a4c67632af1aa6\">\n#top .av_textblock_section.av-jtpksizx-4b352f2a2752c01e58a4c67632af1aa6 .avia_textblock{\nfont-size:28px;\n}\n<\/style>\n<section  class='av_textblock_section av-jtpksizx-4b352f2a2752c01e58a4c67632af1aa6 '   itemscope=\"itemscope\" itemtype=\"https:\/\/schema.org\/BlogPosting\" itemprop=\"blogPost\" ><div class='avia_textblock'  itemprop=\"text\" ><p><strong>\u2013 Lesen Sie auch \u2013<\/strong><\/p>\n<\/div><\/section>\n\n<style type=\"text\/css\" data-created_by=\"avia_inline_auto\" id=\"style-css-av-7tzf5-e6e9a5bdae0b67e6b0f568ed33849f23\">\n.flex_column.av-7tzf5-e6e9a5bdae0b67e6b0f568ed33849f23{\nborder-radius:0px 0px 0px 0px;\npadding:0px 0px 0px 0px;\n}\n<\/style>\n<div  class='flex_column av-7tzf5-e6e9a5bdae0b67e6b0f568ed33849f23 av_one_third first flex_column_div av-zero-column-padding  '     ><p>\n<style type=\"text\/css\" data-created_by=\"avia_inline_auto\" id=\"style-css-av-jt75ko0n-ef4ac53649851e1f1c4c426b7807d285\">\n.avia-image-container.av-jt75ko0n-ef4ac53649851e1f1c4c426b7807d285 img.avia_image{\nbox-shadow:none;\n}\n.avia-image-container.av-jt75ko0n-ef4ac53649851e1f1c4c426b7807d285 .av-image-caption-overlay-center{\ncolor:#ffffff;\n}\n<\/style>\n<div  class='avia-image-container av-jt75ko0n-ef4ac53649851e1f1c4c426b7807d285 av-styling-no-styling av-hover-grow av-hide-overflow av-img-linked avia_animated_image av-animated-when-visible-95 fade-in avia-align-left'   itemprop=\"image\" itemscope=\"itemscope\" itemtype=\"https:\/\/schema.org\/ImageObject\" ><div class=\"avia-image-container-inner\"><div class=\"avia-image-overlay-wrap\"><a href=\"https:\/\/www.tuicamper.com\/magazin\/vancouver-island-rundreise\/\" class='avia_image '  aria-label='Vancouver Island'><img decoding=\"async\" fetchpriority=\"high\" class='wp-image-1892 avia-img-lazy-loading-not-1892 avia_image ' src=\"https:\/\/www.tuicamper.com\/wp-docker\/wp-content\/uploads\/2019\/04\/vancouver-island-teaser.jpg\" alt='Vancouver Island' title='Vancouver Island'  height=\"200\" width=\"350\"  itemprop=\"thumbnailUrl\" srcset=\"https:\/\/www.tuicamper.com\/wp-docker\/wp-content\/uploads\/2019\/04\/vancouver-island-teaser.jpg 350w, https:\/\/www.tuicamper.com\/wp-docker\/wp-content\/uploads\/2019\/04\/vancouver-island-teaser-300x171.jpg 300w\" sizes=\"(max-width: 350px) 100vw, 350px\" \/><\/a><\/div><\/div><\/div><br \/>\n<section  class='av_textblock_section av-jt75lbqb-bba29013bb6610b0762c56b6a5ae7819 '   itemscope=\"itemscope\" itemtype=\"https:\/\/schema.org\/BlogPosting\" itemprop=\"blogPost\" ><div class='avia_textblock'  itemprop=\"text\" ><p style=\"text-align: left;\"><a href=\"https:\/\/www.tuicamper.com\/magazin\/vancouver-island-rundreise\/\"><strong>Vancouver Island Rundreise \u2013 Die sch\u00f6nsten Highlights mit dem Wohnmobil<\/strong><\/a><\/p>\n<\/div><\/section><\/p><\/div>\n<style type=\"text\/css\" data-created_by=\"avia_inline_auto\" id=\"style-css-av-ehyb5-8fadcff6392c44a3fc98dc4b014d4246\">\n.flex_column.av-ehyb5-8fadcff6392c44a3fc98dc4b014d4246{\nborder-radius:0px 0px 0px 0px;\npadding:0px 0px 0px 0px;\n}\n<\/style>\n<div  class='flex_column av-ehyb5-8fadcff6392c44a3fc98dc4b014d4246 av_one_third flex_column_div av-zero-column-padding  '     ><p>\n<style type=\"text\/css\" data-created_by=\"avia_inline_auto\" id=\"style-css-av-jt75ko0n-e37989b311beedc2e917d886669b1e1b\">\n.avia-image-container.av-jt75ko0n-e37989b311beedc2e917d886669b1e1b img.avia_image{\nbox-shadow:none;\n}\n.avia-image-container.av-jt75ko0n-e37989b311beedc2e917d886669b1e1b .av-image-caption-overlay-center{\ncolor:#ffffff;\n}\n<\/style>\n<div  class='avia-image-container av-jt75ko0n-e37989b311beedc2e917d886669b1e1b av-styling-no-styling av-hover-grow av-hide-overflow av-img-linked avia_animated_image av-animated-when-visible-95 fade-in avia-align-left'   itemprop=\"image\" itemscope=\"itemscope\" itemtype=\"https:\/\/schema.org\/ImageObject\" ><div class=\"avia-image-container-inner\"><div class=\"avia-image-overlay-wrap\"><a href=\"https:\/\/www.tuicamper.com\/magazin\/banff-nationalpark\/\" class='avia_image '  aria-label='Banff Nationalpark'><img decoding=\"async\" fetchpriority=\"high\" class='wp-image-1719 avia-img-lazy-loading-not-1719 avia_image ' src=\"https:\/\/www.tuicamper.com\/wp-docker\/wp-content\/uploads\/2019\/04\/banff-nationalpark-teaser.jpg\" alt='Banff Nationalpark' title='Banff Nationalpark'  height=\"200\" width=\"350\"  itemprop=\"thumbnailUrl\" srcset=\"https:\/\/www.tuicamper.com\/wp-docker\/wp-content\/uploads\/2019\/04\/banff-nationalpark-teaser.jpg 350w, https:\/\/www.tuicamper.com\/wp-docker\/wp-content\/uploads\/2019\/04\/banff-nationalpark-teaser-300x171.jpg 300w\" sizes=\"(max-width: 350px) 100vw, 350px\" \/><\/a><\/div><\/div><\/div><br \/>\n<section  class='av_textblock_section av-jt75lbqb-bba29013bb6610b0762c56b6a5ae7819 '   itemscope=\"itemscope\" itemtype=\"https:\/\/schema.org\/BlogPosting\" itemprop=\"blogPost\" ><div class='avia_textblock'  itemprop=\"text\" ><p style=\"text-align: left;\"><strong><a href=\"https:\/\/www.tuicamper.com\/magazin\/banff-nationalpark\/\">Banff-Nationalpark \u2013 Sehensw\u00fcrdigkeiten, Camping &amp; die besten Tipps<\/a><\/strong><\/p>\n<\/div><\/section><\/p><\/div>\n<style type=\"text\/css\" data-created_by=\"avia_inline_auto\" id=\"style-css-av-ehyb5-8fadcff6392c44a3fc98dc4b014d4246\">\n.flex_column.av-ehyb5-8fadcff6392c44a3fc98dc4b014d4246{\nborder-radius:0px 0px 0px 0px;\npadding:0px 0px 0px 0px;\n}\n<\/style>\n<div  class='flex_column av-ehyb5-8fadcff6392c44a3fc98dc4b014d4246 av_one_third flex_column_div av-zero-column-padding  '     ><p>\n<style type=\"text\/css\" data-created_by=\"avia_inline_auto\" id=\"style-css-av-jt75ko0n-ab10728d649707654e287d2e84a4c036\">\n.avia-image-container.av-jt75ko0n-ab10728d649707654e287d2e84a4c036 img.avia_image{\nbox-shadow:none;\n}\n.avia-image-container.av-jt75ko0n-ab10728d649707654e287d2e84a4c036 .av-image-caption-overlay-center{\ncolor:#ffffff;\n}\n<\/style>\n<div  class='avia-image-container av-jt75ko0n-ab10728d649707654e287d2e84a4c036 av-styling-no-styling av-hover-grow av-hide-overflow av-img-linked avia_animated_image av-animated-when-visible-95 fade-in avia-align-left'   itemprop=\"image\" itemscope=\"itemscope\" itemtype=\"https:\/\/schema.org\/ImageObject\" ><div class=\"avia-image-container-inner\"><div class=\"avia-image-overlay-wrap\"><a href=\"https:\/\/www.tuicamper.com\/magazin\/roadtrip-usa\/\" class='avia_image '  aria-label='Roadtrip USA'><img decoding=\"async\" fetchpriority=\"high\" class='wp-image-1244 avia-img-lazy-loading-not-1244 avia_image ' src=\"https:\/\/www.tuicamper.com\/wp-docker\/wp-content\/uploads\/2019\/04\/roadtrip-usa-teaser.jpg\" alt='Roadtrip USA' title='Roadtrip USA'  height=\"200\" width=\"350\"  itemprop=\"thumbnailUrl\" srcset=\"https:\/\/www.tuicamper.com\/wp-docker\/wp-content\/uploads\/2019\/04\/roadtrip-usa-teaser.jpg 350w, https:\/\/www.tuicamper.com\/wp-docker\/wp-content\/uploads\/2019\/04\/roadtrip-usa-teaser-300x171.jpg 300w\" sizes=\"(max-width: 350px) 100vw, 350px\" \/><\/a><\/div><\/div><\/div><br \/>\n<section  class='av_textblock_section av-jt75lbqb-bba29013bb6610b0762c56b6a5ae7819 '   itemscope=\"itemscope\" itemtype=\"https:\/\/schema.org\/BlogPosting\" itemprop=\"blogPost\" ><div class='avia_textblock'  itemprop=\"text\" ><p style=\"text-align: left;\"><strong><a href=\"https:\/\/www.tuicamper.com\/magazin\/roadtrip-usa\/\">USA Roadtrip mit dem Wohnmobil \u2013 10 Orte, die Sie nicht verpassen d\u00fcrfen!<\/a><\/strong><\/p>\n<\/div><\/section><\/p><\/div><\/p>\n            <div style=\"clear: both;\"><\/div>\r\n            <\/div>\r\n<\/div>\r\n\n<\/div><\/section>\n<\/div><\/div><\/div><!-- close content main div --><\/div><\/div><div id='av_section_17'  class='avia-section av-jt5vrdgv-4386718e65b314e69682ca60ae604601 main_color avia-section-default avia-no-border-styling  avia-builder-el-43  el_after_av_textblock  el_before_av_section  reduced-content avia-bg-style-scroll container_wrap sidebar_right'  ><div class='container av-section-cont-open' ><div class='template-page content  av-content-small alpha units'><div class='post-entry post-entry-type-page post-entry-1058'><div class='entry-content-wrapper clearfix'>\n\n<style type=\"text\/css\" data-created_by=\"avia_inline_auto\" id=\"style-css-av-1g5aou-6e8505d9de1136ce38f66b0d0e5d2a36\">\n.flex_column.av-1g5aou-6e8505d9de1136ce38f66b0d0e5d2a36{\nborder-radius:0px 0px 0px 0px;\npadding:0px 0px 0px 0px;\n}\n<\/style>\n<div  class='flex_column av-1g5aou-6e8505d9de1136ce38f66b0d0e5d2a36 av_one_full  avia-builder-el-44  el_before_av_button  avia-builder-el-first  first flex_column_div av-zero-column-padding  '     ><section  class='av_textblock_section av-jt5tjyk0-1e04ddf86ca9bd8201b4b17bbb4a6491 '   itemscope=\"itemscope\" itemtype=\"https:\/\/schema.org\/BlogPosting\" itemprop=\"blogPost\" ><div class='avia_textblock'  itemprop=\"text\" ><h2>Camper-Reise nach Kanada: Das geh\u00f6rt ins Gep\u00e4ck<\/h2>\n<p>Sie sind im Begriff zu Ihrer ersten Camper-Reise nach Kanada aufzubrechen? Dann stellen Sie vor Flugantritt besser sicher, auch alles Notwenige eingepackt zu haben! Wir geben Ihnen eine kleine Checkliste an die Hand.<\/p>\n<ul>\n<li>F\u00fcr die Einreise nach Kanada via Flugzeug ist eine\u00a0<strong>elektronische Reisegenehmigung (eTA) <\/strong>erforderlich. Denken Sie an deren\u00a0<a href=\"http:\/\/www.cic.gc.ca\/english\/visit\/eta-start-de.asp\" target=\"_blank\" rel=\"noopener noreferrer\">rechtzeitige Beantragung<\/a>\u00a0und Mitnahme der Best\u00e4tigung!<\/li>\n<li>Haben Sie an Ihren\u00a0<strong>Reisepass\u00a0<\/strong>gedacht?<\/li>\n<li>Auch der\u00a0<strong>F\u00fchrerschein\u00a0<\/strong>muss nat\u00fcrlich ins Gep\u00e4ck!<\/li>\n<li>Die\u00a0<strong>Reiseapotheke\u00a0<\/strong>mitsamt allen notwendigen Medikamenten ist Pflicht! Tipp: Nehmen Sie auch\u00a0<strong>Moskitospray\u00a0<\/strong>mit auf Ihre Kanada-Reise oder kaufen Sie dieses vor Ort!<\/li>\n<li>Die sch\u00f6nen Wanderwege der Nationalparks warten nur darauf, erkundet zu werden. Denken Sie daher unbedingt an Ihre\u00a0<strong>Wanderausr\u00fcstung<\/strong>!<\/li>\n<li>Versorgen Sie sich rechtzeitig mit\u00a0<strong>Landkarten\u00a0<\/strong>und passenden\u00a0<a href=\"https:\/\/www.tuicamper.com\/magazin\/camper-apps-fuer-den-wohnmobil-urlaub\/\"><strong>Routen-Apps<\/strong><\/a>, sodass Sie vor Ort nicht vom Weg abkommen.<\/li>\n<li>Spezielle Impfungen ben\u00f6tigen Sie f\u00fcr Ihre Kanada-Reise nicht. Dennoch ist es empfehlenswert im Vorfeld alle\u00a0<strong>Standard-Impfungen aufzufrischen<\/strong>!<\/li>\n<\/ul>\n<\/div><\/section><\/div><div  class='avia-button-wrap av-ju2eusip-1d1663851887c68fd81c09ffb94fc3b9-wrap avia-button-center  avia-builder-el-46  el_after_av_one_full  avia-builder-el-last '><a href='https:\/\/www.tuicamper.com\/reiseziele\/nordamerika\/kanada\/'  class='avia-button av-ju2eusip-1d1663851887c68fd81c09ffb94fc3b9 av-link-btn avia-icon_select-yes-right-icon avia-size-large avia-position-center avia-color-theme-color'   aria-label=\"Jetzt Wohnmobil mieten f\u00fcr Kanada\"><span class='avia_iconbox_title' >Jetzt Wohnmobil mieten f\u00fcr Kanada<\/span><span class='avia_button_icon avia_button_icon_right avia-iconfont avia-font-entypo-fontello' data-av_icon='\ue875' data-av_iconfont='entypo-fontello' ><\/span><\/a><\/div>\n\n<\/div><\/div><\/div><!-- close content main div --><\/div><\/div><div id='av_section_18'  class='avia-section av-jt5vrdgv-4386718e65b314e69682ca60ae604601 main_color avia-section-default avia-no-border-styling  avia-builder-el-47  el_after_av_section  avia-builder-el-last  reduced-content avia-bg-style-scroll container_wrap sidebar_right'  ><div class='container av-section-cont-open' ><div class='template-page content  av-content-small alpha units'><div class='post-entry post-entry-type-page post-entry-1058'><div class='entry-content-wrapper clearfix'>\n\n<style type=\"text\/css\" data-created_by=\"avia_inline_auto\" id=\"style-css-av-1g5aou-6e8505d9de1136ce38f66b0d0e5d2a36\">\n.flex_column.av-1g5aou-6e8505d9de1136ce38f66b0d0e5d2a36{\nborder-radius:0px 0px 0px 0px;\npadding:0px 0px 0px 0px;\n}\n<\/style>\n<div  class='flex_column av-1g5aou-6e8505d9de1136ce38f66b0d0e5d2a36 av_one_full  avia-builder-el-48  el_before_av_social_share  avia-builder-el-first  first flex_column_div av-zero-column-padding  '     ><style type=\"text\/css\" data-created_by=\"avia_inline_auto\" id=\"style-css-av-jt5tjyk0-26a28d0242835cbba60d70517a13c769\">\n#top .av_textblock_section.av-jt5tjyk0-26a28d0242835cbba60d70517a13c769 .avia_textblock{\nfont-size:28px;\n}\n<\/style>\n<section  class='av_textblock_section av-jt5tjyk0-26a28d0242835cbba60d70517a13c769 '   itemscope=\"itemscope\" itemtype=\"https:\/\/schema.org\/BlogPosting\" itemprop=\"blogPost\" ><div class='avia_textblock'  itemprop=\"text\" ><p><strong>Ihr TUI CAMPER-Team w\u00fcnscht Ihnen eine abwechslungsreiche und spannende Kanada-Reise!<\/strong><\/p>\n<\/div><\/section><\/div><div  class='av-social-sharing-box av-10zg8-8676a2d54b4a15bbf6c39a1c18f0815b av-social-sharing-box-default  avia-builder-el-50  el_after_av_one_full  avia-builder-el-last  av-social-sharing-box-fullwidth'><div class=\"av-share-box\"><ul class=\"av-share-box-list noLightbox\"><li class='av-share-link av-social-link-facebook avia_social_iconfont' ><a target=\"_blank\" aria-label=\"Teilen auf Facebook\" href='https:\/\/www.facebook.com\/sharer.php?u=https:\/\/www.tuicamper.com\/magazin\/reisetipps-kanada\/&#038;t=Reisetipps%20Kanada%3A%20Die%20besten%20Tipps%2C%20Empfehlungen%20%26%20Highlights' data-av_icon='\ue8f3' data-av_iconfont='entypo-fontello'  title='' data-avia-related-tooltip='Teilen auf Facebook'><span class='avia_hidden_link_text'>Teilen auf Facebook<\/span><\/a><\/li><li class='av-share-link av-social-link-twitter avia_social_iconfont' ><a target=\"_blank\" aria-label=\"Teilen auf X\" href='https:\/\/twitter.com\/share?text=Reisetipps%20Kanada%3A%20Die%20besten%20Tipps%2C%20Empfehlungen%20%26%20Highlights&#038;url=https:\/\/www.tuicamper.com\/magazin\/reisetipps-kanada\/' data-av_icon='\ue932' data-av_iconfont='entypo-fontello'  title='' data-avia-related-tooltip='Teilen auf X'><span class='avia_hidden_link_text'>Teilen auf X<\/span><\/a><\/li><li class='av-share-link av-social-link-whatsapp avia_social_iconfont' ><a target=\"_blank\" aria-label=\"Teilen auf WhatsApp\" href='https:\/\/api.whatsapp.com\/send?text=https:\/\/www.tuicamper.com\/magazin\/reisetipps-kanada\/' data-av_icon='\uf232' data-av_iconfont='entypo-fontello'  title='' data-avia-related-tooltip='Teilen auf WhatsApp'><span class='avia_hidden_link_text'>Teilen auf WhatsApp<\/span><\/a><\/li><li class='av-share-link av-social-link-pinterest avia_social_iconfont' ><a target=\"_blank\" aria-label=\"Teilen auf Pinterest\" href='https:\/\/pinterest.com\/pin\/create\/button\/?url=https%3A%2F%2Fwww.tuicamper.com%2Fmagazin%2Freisetipps-kanada%2F&#038;description=Reisetipps%20Kanada%3A%20Die%20besten%20Tipps%2C%20Empfehlungen%20%26%20Highlights&#038;media=https%3A%2F%2Fwww.tuicamper.com%2Fwp-docker%2Fwp-content%2Fuploads%2F2019%2F04%2Freisetipps-kanada-705x269.jpg' data-av_icon='\ue8f8' data-av_iconfont='entypo-fontello'  title='' data-avia-related-tooltip='Teilen auf Pinterest'><span class='avia_hidden_link_text'>Teilen auf Pinterest<\/span><\/a><\/li><li class='av-share-link av-social-link-mail avia_social_iconfont' ><a  aria-label=\"Per E-Mail teilen\" href='mailto:?subject=Reisetipps%20Kanada%3A%20Die%20besten%20Tipps%2C%20Empfehlungen%20%26%20Highlights&#038;body=https:\/\/www.tuicamper.com\/magazin\/reisetipps-kanada\/' data-av_icon='\ue805' data-av_iconfont='entypo-fontello'  title='' data-avia-related-tooltip='Per E-Mail teilen'><span class='avia_hidden_link_text'>Per E-Mail teilen<\/span><\/a><\/li><\/ul><\/div><\/div>\n<\/div><\/div><\/div><!-- close content main div --><\/div><\/div><div id='after_section_18'  class='main_color av_default_container_wrap container_wrap sidebar_right'  ><div class='container av-section-cont-open' ><div class='template-page content  av-content-small alpha units'><div class='post-entry post-entry-type-page post-entry-1058'><div class='entry-content-wrapper clearfix'>\n","protected":false},"excerpt":{"rendered":"<p>Kanada lockt mit spektakul\u00e4ren Panoramen und camperfreundlichen Bedingungen. Erfahren Sie hier, was Sie f\u00fcr Ihre Camper-Tour in Kanada wissen m\u00fcssen!<\/p>\n","protected":false},"author":3,"featured_media":1880,"comment_status":"open","ping_status":"open","sticky":false,"template":"","format":"standard","meta":{"footnotes":""},"categories":[8],"tags":[47,56,50],"class_list":["post-1058","post","type-post","status-publish","format-standard","has-post-thumbnail","hentry","category-reiselaender","tag-grundlagen","tag-kanada","tag-natur"],"yoast_head":"<!-- This site is optimized with the Yoast SEO plugin v27.4 - https:\/\/yoast.com\/product\/yoast-seo-wordpress\/ -->\n<title>Reisetipps Kanada: Die besten Tipps, Empfehlungen &amp; Highlights<\/title>\n<meta name=\"description\" content=\"Kanada lockt mit spektakul\u00e4ren Panoramen und camperfreundlichen Bedingungen. Erfahren Sie hier, was Sie f\u00fcr Ihre Camper-Tour in Kanada wissen m\u00fcssen!\" \/>\n<meta name=\"robots\" content=\"index, follow, max-snippet:-1, max-image-preview:large, max-video-preview:-1\" \/>\n<link rel=\"canonical\" href=\"https:\/\/www.tuicamper.com\/magazin\/reisetipps-kanada\/\" \/>\n<meta property=\"og:locale\" content=\"de_DE\" \/>\n<meta property=\"og:type\" content=\"article\" \/>\n<meta property=\"og:title\" content=\"Reisetipps Kanada: Die besten Tipps, Empfehlungen &amp; Highlights\" \/>\n<meta property=\"og:description\" content=\"Kanada lockt mit spektakul\u00e4ren Panoramen und camperfreundlichen Bedingungen. Erfahren Sie hier, was Sie f\u00fcr Ihre Camper-Tour in Kanada wissen m\u00fcssen!\" \/>\n<meta property=\"og:url\" content=\"https:\/\/www.tuicamper.com\/magazin\/reisetipps-kanada\/\" \/>\n<meta property=\"og:site_name\" content=\"TUI Camper Magazin\" \/>\n<meta property=\"article:published_time\" content=\"2019-04-25T09:41:33+00:00\" \/>\n<meta property=\"article:modified_time\" content=\"2019-07-29T11:40:48+00:00\" \/>\n<meta property=\"og:image\" content=\"https:\/\/www.tuicamper.com\/wp-docker\/wp-content\/uploads\/2019\/04\/reisetipps-kanada.jpg\" \/>\n\t<meta property=\"og:image:width\" content=\"1310\" \/>\n\t<meta property=\"og:image:height\" content=\"500\" \/>\n\t<meta property=\"og:image:type\" content=\"image\/jpeg\" \/>\n<meta name=\"author\" content=\"S\u00f6ren Cortekar\" \/>\n<meta name=\"twitter:card\" content=\"summary_large_image\" \/>\n<meta name=\"twitter:label1\" content=\"Verfasst von\" \/>\n\t<meta name=\"twitter:data1\" content=\"S\u00f6ren Cortekar\" \/>\n\t<meta name=\"twitter:label2\" content=\"Gesch\u00e4tzte Lesezeit\" \/>\n\t<meta name=\"twitter:data2\" content=\"26\u00a0Minuten\" \/>\n<!-- \/ Yoast SEO plugin. -->","yoast_head_json":{"title":"Reisetipps Kanada: Die besten Tipps, Empfehlungen & Highlights","description":"Kanada lockt mit spektakul\u00e4ren Panoramen und camperfreundlichen Bedingungen. Erfahren Sie hier, was Sie f\u00fcr Ihre Camper-Tour in Kanada wissen m\u00fcssen!","robots":{"index":"index","follow":"follow","max-snippet":"max-snippet:-1","max-image-preview":"max-image-preview:large","max-video-preview":"max-video-preview:-1"},"canonical":"https:\/\/www.tuicamper.com\/magazin\/reisetipps-kanada\/","og_locale":"de_DE","og_type":"article","og_title":"Reisetipps Kanada: Die besten Tipps, Empfehlungen & Highlights","og_description":"Kanada lockt mit spektakul\u00e4ren Panoramen und camperfreundlichen Bedingungen. Erfahren Sie hier, was Sie f\u00fcr Ihre Camper-Tour in Kanada wissen m\u00fcssen!","og_url":"https:\/\/www.tuicamper.com\/magazin\/reisetipps-kanada\/","og_site_name":"TUI Camper Magazin","article_published_time":"2019-04-25T09:41:33+00:00","article_modified_time":"2019-07-29T11:40:48+00:00","og_image":[{"width":1310,"height":500,"url":"https:\/\/www.tuicamper.com\/wp-docker\/wp-content\/uploads\/2019\/04\/reisetipps-kanada.jpg","type":"image\/jpeg"}],"author":"S\u00f6ren Cortekar","twitter_card":"summary_large_image","twitter_misc":{"Verfasst von":"S\u00f6ren Cortekar","Gesch\u00e4tzte Lesezeit":"26\u00a0Minuten"},"schema":{"@context":"https:\/\/schema.org","@graph":[{"@type":"Article","@id":"https:\/\/www.tuicamper.com\/magazin\/reisetipps-kanada\/#article","isPartOf":{"@id":"https:\/\/www.tuicamper.com\/magazin\/reisetipps-kanada\/"},"author":{"name":"S\u00f6ren Cortekar","@id":"https:\/\/www.tuicamper.com\/wp-docker\/#\/schema\/person\/a9ad15b73e3b6169a6c4a794a58d1ea6"},"headline":"Reisetipps Kanada: Die besten Tipps, Empfehlungen &#038; Highlights","datePublished":"2019-04-25T09:41:33+00:00","dateModified":"2019-07-29T11:40:48+00:00","mainEntityOfPage":{"@id":"https:\/\/www.tuicamper.com\/magazin\/reisetipps-kanada\/"},"wordCount":4284,"commentCount":0,"image":{"@id":"https:\/\/www.tuicamper.com\/magazin\/reisetipps-kanada\/#primaryimage"},"thumbnailUrl":"https:\/\/www.tuicamper.com\/wp-docker\/wp-content\/uploads\/2019\/04\/reisetipps-kanada.jpg","keywords":["Grundlagen","Kanada","Natur"],"articleSection":["Reisel\u00e4nder"],"inLanguage":"de","potentialAction":[{"@type":"CommentAction","name":"Comment","target":["https:\/\/www.tuicamper.com\/magazin\/reisetipps-kanada\/#respond"]}]},{"@type":"WebPage","@id":"https:\/\/www.tuicamper.com\/magazin\/reisetipps-kanada\/","url":"https:\/\/www.tuicamper.com\/magazin\/reisetipps-kanada\/","name":"Reisetipps Kanada: Die besten Tipps, Empfehlungen & Highlights","isPartOf":{"@id":"https:\/\/www.tuicamper.com\/#website"},"primaryImageOfPage":{"@id":"https:\/\/www.tuicamper.com\/magazin\/reisetipps-kanada\/#primaryimage"},"image":{"@id":"https:\/\/www.tuicamper.com\/magazin\/reisetipps-kanada\/#primaryimage"},"thumbnailUrl":"https:\/\/www.tuicamper.com\/wp-content\/uploads\/2019\/04\/reisetipps-kanada.jpg","datePublished":"2019-04-25T09:41:33+00:00","dateModified":"2019-07-29T11:40:48+00:00","author":{"@id":"https:\/\/www.tuicamper.com\/#\/schema\/person\/a9ad15b73e3b6169a6c4a794a58d1ea6"},"description":"Kanada lockt mit spektakul\u00e4ren Panoramen und camperfreundlichen Bedingungen. Erfahren Sie hier, was Sie f\u00fcr Ihre Camper-Tour in Kanada wissen m\u00fcssen!","breadcrumb":{"@id":"https:\/\/www.tuicamper.com\/magazin\/reisetipps-kanada\/#breadcrumb"},"inLanguage":"de","potentialAction":["Array"]},{"@type":"ImageObject","inLanguage":"de","@id":"https:\/\/www.tuicamper.com\/magazin\/reisetipps-kanada\/#primaryimage","url":"https:\/\/www.tuicamper.com\/wp-docker\/wp-content\/uploads\/2019\/04\/reisetipps-kanada.jpg","contentUrl":"https:\/\/www.tuicamper.com\/wp-docker\/wp-content\/uploads\/2019\/04\/reisetipps-kanada.jpg","width":1310,"height":500,"caption":"Reisetipps Kanada"},{"@type":"BreadcrumbList","@id":"https:\/\/www.tuicamper.com\/magazin\/reisetipps-kanada\/#breadcrumb","itemListElement":[{"@type":"ListItem","position":1,"name":"Startseite","item":"https:\/\/www.tuicamper.com\/wp-docker\/"},{"@type":"ListItem","position":2,"name":"Reisetipps Kanada: Die besten Tipps, Empfehlungen &#038; Highlights"}]},{"@type":"WebSite","@id":"https:\/\/www.tuicamper.com\/#website","url":"https:\/\/www.tuicamper.com\/","name":"TUI Camper Magazin","description":"","potentialAction":["Array"],"inLanguage":"de"},{"@type":"Person","@id":"https:\/\/www.tuicamper.com\/wp-docker\/#\/schema\/person\/a9ad15b73e3b6169a6c4a794a58d1ea6","name":"S\u00f6ren Cortekar","image":{"@type":"ImageObject","inLanguage":"de","@id":"https:\/\/secure.gravatar.com\/avatar\/399f9c9096d84e9147b61735bfa53689fd2add8aa9c074669869e4c106f7df59?s=96&d=mm&r=g","url":"https:\/\/secure.gravatar.com\/avatar\/399f9c9096d84e9147b61735bfa53689fd2add8aa9c074669869e4c106f7df59?s=96&d=mm&r=g","contentUrl":"https:\/\/secure.gravatar.com\/avatar\/399f9c9096d84e9147b61735bfa53689fd2add8aa9c074669869e4c106f7df59?s=96&d=mm&r=g","caption":"S\u00f6ren Cortekar"},"url":"https:\/\/www.tuicamper.com\/wp-docker\/magazin\/author\/soeren-cortekar\/"}]}},"_links":{"self":[{"href":"https:\/\/www.tuicamper.com\/wp-docker\/wp-json\/wp\/v2\/posts\/1058","targetHints":{"allow":["GET"]}}],"collection":[{"href":"https:\/\/www.tuicamper.com\/wp-docker\/wp-json\/wp\/v2\/posts"}],"about":[{"href":"https:\/\/www.tuicamper.com\/wp-docker\/wp-json\/wp\/v2\/types\/post"}],"author":[{"embeddable":true,"href":"https:\/\/www.tuicamper.com\/wp-docker\/wp-json\/wp\/v2\/users\/3"}],"replies":[{"embeddable":true,"href":"https:\/\/www.tuicamper.com\/wp-docker\/wp-json\/wp\/v2\/comments?post=1058"}],"version-history":[{"count":13,"href":"https:\/\/www.tuicamper.com\/wp-docker\/wp-json\/wp\/v2\/posts\/1058\/revisions"}],"predecessor-version":[{"id":1897,"href":"https:\/\/www.tuicamper.com\/wp-docker\/wp-json\/wp\/v2\/posts\/1058\/revisions\/1897"}],"wp:featuredmedia":[{"embeddable":true,"href":"https:\/\/www.tuicamper.com\/wp-docker\/wp-json\/wp\/v2\/media\/1880"}],"wp:attachment":[{"href":"https:\/\/www.tuicamper.com\/wp-docker\/wp-json\/wp\/v2\/media?parent=1058"}],"wp:term":[{"taxonomy":"category","embeddable":true,"href":"https:\/\/www.tuicamper.com\/wp-docker\/wp-json\/wp\/v2\/categories?post=1058"},{"taxonomy":"post_tag","embeddable":true,"href":"https:\/\/www.tuicamper.com\/wp-docker\/wp-json\/wp\/v2\/tags?post=1058"}],"curies":[{"name":"wp","href":"https:\/\/api.w.org\/{rel}","templated":true}]}}