{"id":1056,"date":"2019-04-25T09:17:32","date_gmt":"2019-04-25T07:17:32","guid":{"rendered":"https:\/\/www.tuicamper.com\/wp-docker\/?p=1056"},"modified":"2022-05-12T10:13:32","modified_gmt":"2022-05-12T08:13:32","slug":"reisetipps-italien","status":"publish","type":"post","link":"https:\/\/www.tuicamper.com\/magazin\/reisetipps-italien\/","title":{"rendered":"Reisetipps Italien: Das sollten Sie wissen f\u00fcr Ihren Camper-Urlaub"},"content":{"rendered":"<div id='av_section_1'  class='avia-section av-jt5vrdgv-4386718e65b314e69682ca60ae604601 main_color avia-section-default avia-no-border-styling  avia-builder-el-0  el_before_av_textblock  avia-builder-el-first  reduced-content avia-bg-style-scroll container_wrap sidebar_right'  ><div class='container av-section-cont-open' ><main  role=\"main\" itemprop=\"mainContentOfPage\"  class='template-page content  av-content-small alpha units'><div class='post-entry post-entry-type-page post-entry-1056'><div class='entry-content-wrapper clearfix'>\n\n<style type=\"text\/css\" data-created_by=\"avia_inline_auto\" id=\"style-css-av-1g5aou-6e8505d9de1136ce38f66b0d0e5d2a36\">\n.flex_column.av-1g5aou-6e8505d9de1136ce38f66b0d0e5d2a36{\nborder-radius:0px 0px 0px 0px;\npadding:0px 0px 0px 0px;\n}\n<\/style>\n<div  class='flex_column av-1g5aou-6e8505d9de1136ce38f66b0d0e5d2a36 av_one_full  avia-builder-el-1  avia-builder-el-no-sibling  first flex_column_div av-zero-column-padding  '     ><section  class='av_textblock_section av-jt5tjyk0-1e04ddf86ca9bd8201b4b17bbb4a6491 '   itemscope=\"itemscope\" itemtype=\"https:\/\/schema.org\/BlogPosting\" itemprop=\"blogPost\" ><div class='avia_textblock'  itemprop=\"text\" ><p>Bei einer\u00a0<a href=\"https:\/\/www.tuicamper.com\/reiseziele\/europa\/italien\/\">Wohnmobil-Tour durch Italien<\/a>\u00a0haben Camper die Wahl: Entweder sie mieten das Wohnmobil vor Ort oder schon in Deutschland \u2013 und fahren damit nach \u201eBella Italia\u201c. So oder so: Italien gilt als eine der lohnenswertesten Camper-Destinationen Europas \u2013 und das liegt l\u00e4ngst nicht nur an der hervorragend ausgebauten Camping-Infrastruktur! Wir nehmen die Wohnmobil-Nation Italien unter die Lupe und geben Ihnen die besten Tipps f\u00fcr Ihren ersten Wohnmobil-Urlaub in dem facettenreichen Land an die Hand!<\/p>\n<\/div><\/section><\/div>\n<\/div><\/div><\/main><!-- close content main element --><\/div><\/div><div id='after_section_1'  class='main_color av_default_container_wrap container_wrap sidebar_right'  ><div class='container av-section-cont-open' ><div class='template-page content  av-content-small alpha units'><div class='post-entry post-entry-type-page post-entry-1056'><div class='entry-content-wrapper clearfix'>\n<section  class='av_textblock_section av-jtpqpty6-550c066a997ebaf648fccc87d0b9ff16 '   itemscope=\"itemscope\" itemtype=\"https:\/\/schema.org\/BlogPosting\" itemprop=\"blogPost\" ><div class='avia_textblock'  itemprop=\"text\" >\n<\/div><\/section>\n<\/div><\/div><\/div><!-- close content main div --><\/div><\/div><div id='av_section_2'  class='avia-section av-jt5vrdgv-4386718e65b314e69682ca60ae604601 main_color avia-section-default avia-no-border-styling  avia-builder-el-4  el_after_av_textblock  el_before_av_section  reduced-content avia-bg-style-scroll container_wrap sidebar_right'  ><div class='container av-section-cont-open' ><div class='template-page content  av-content-small alpha units'><div class='post-entry post-entry-type-page post-entry-1056'><div class='entry-content-wrapper clearfix'>\n<section  class='av_textblock_section av-jt5tjyk0-1e04ddf86ca9bd8201b4b17bbb4a6491 '   itemscope=\"itemscope\" itemtype=\"https:\/\/schema.org\/BlogPosting\" itemprop=\"blogPost\" ><div class='avia_textblock'  itemprop=\"text\" ><div id=\"js-table-of-contents\">\r\n    <strong>Inhaltsverzeichnis<\/strong>\r\n<\/div>\n<\/div><\/section>\n\n<\/div><\/div><\/div><!-- close content main div --><\/div><\/div><div id='av_section_3'  class='avia-section av-jt5vrdgv-4386718e65b314e69682ca60ae604601 main_color avia-section-default avia-no-border-styling  avia-builder-el-6  el_after_av_section  el_before_av_section  reduced-content avia-bg-style-scroll container_wrap sidebar_right'  ><div class='container av-section-cont-open' ><div class='template-page content  av-content-small alpha units'><div class='post-entry post-entry-type-page post-entry-1056'><div class='entry-content-wrapper clearfix'>\n\n<style type=\"text\/css\" data-created_by=\"avia_inline_auto\" id=\"style-css-av-1g5aou-6e8505d9de1136ce38f66b0d0e5d2a36\">\n.flex_column.av-1g5aou-6e8505d9de1136ce38f66b0d0e5d2a36{\nborder-radius:0px 0px 0px 0px;\npadding:0px 0px 0px 0px;\n}\n<\/style>\n<div  class='flex_column av-1g5aou-6e8505d9de1136ce38f66b0d0e5d2a36 av_one_full  avia-builder-el-7  avia-builder-el-no-sibling  first flex_column_div av-zero-column-padding  '     ><section  class='av_textblock_section av-jt5tjyk0-0d18eb781390b291547f54187af4d25e '   itemscope=\"itemscope\" itemtype=\"https:\/\/schema.org\/BlogPosting\" itemprop=\"blogPost\" ><div class='avia_textblock'  itemprop=\"text\" ><h2>Italien: kulturelle Highlights, landschaftlicher Facettenreichtum<\/h2>\n<p>Keine Frage, in Italien gibt es f\u00fcr Camper viel zu entdecken. Inspirationen gef\u00e4llig? Kein Problem!<\/p>\n<ul>\n<li>Von Florenz \u00fcber\u00a0Mailand\u00a0bis hin zu\u00a0<a href=\"https:\/\/www.tuicamper.com\/reiseziele\/europa\/italien\/rom\/\">Rom<\/a>: Entdecken Sie die kulturellen Metropolen Italiens, in denen vor Jahrtausenden unsere moderne Zivilisation gepr\u00e4gt worden ist.<\/li>\n<li>Fahren Sie \u00fcber die h\u00fcgeligen\u00a0<a href=\"https:\/\/www.tuicamper.com\/magazin\/wohnmobil-toskana\/\">Stra\u00dfen der Toskana<\/a>\u00a0mit ihren weiten Mohnfeldern und der charakteristischen Landschaft, die \u00fcberall postkartenw\u00fcrdige Panoramen er\u00f6ffnet.<\/li>\n<li>Oder hat es Ihnen die Inselwelt Italien angetan? Dann erkunden Sie doch die\u00a0<a href=\"https:\/\/www.tuicamper.com\/magazin\/wohnmobil-sizilien\/\">atemberaubende K\u00fcste Siziliens<\/a>\u00a0mit ihren vertr\u00e4umten D\u00f6rfchen oder genie\u00dfen Sie das\u00a0<a href=\"https:\/\/www.tuicamper.com\/magazin\/wohnmobil-sardinien\/\">sardische Karibik-Flair<\/a>.<\/li>\n<li>Eine der weiteren Highlights Italiens: Kalabrien. Die Region im S\u00fcden Italiens lockt mit fantastischen K\u00fcstenabschnitten, dichten W\u00e4ldern, idyllischen Seen und Wasserf\u00e4llen.<\/li>\n<li>F\u00fcr viele Wohnmobil-Urlauber ebenfalls ein Reiseziel par excellence:\u00a0<a href=\"https:\/\/www.tuicamper.com\/magazin\/wohnmobil-gardasee\/\">Der Gardasee<\/a>, der mit atemberaubenden Panoramen und tollen Campingpl\u00e4tzen besticht.<\/li>\n<\/ul>\n<p>Klare Sache: Italien \u00fcbt auf Camper v\u00f6llig zurecht eine unwiderstehliche Anziehungskraft aus. Selbst nach einem Dutzend Wohnmobil-Urlauben l\u00e4sst sich in dem Land noch Neues entdecken!<\/p>\n<\/div><\/section><\/div><\/div><\/div><\/div><!-- close content main div --><\/div><\/div><div id='av_section_4'  class='avia-section av-b7gvl-1eb57de5f7b7a94c40602e8cf977ebb0 main_color avia-section-default avia-no-border-styling  avia-builder-el-9  el_after_av_section  el_before_av_section  reduced-content avia-bg-style-scroll container_wrap sidebar_right'  ><div class='container av-section-cont-open' ><div class='template-page content  av-content-small alpha units'><div class='post-entry post-entry-type-page post-entry-1056'><div class='entry-content-wrapper clearfix'>\n\n<style type=\"text\/css\" data-created_by=\"avia_inline_auto\" id=\"style-css-av-jtplvt5k-f8a10b8a508739f147439df7de98c6ac\">\n.avia-image-container.av-jtplvt5k-f8a10b8a508739f147439df7de98c6ac img.avia_image{\nbox-shadow:none;\n}\n.avia-image-container.av-jtplvt5k-f8a10b8a508739f147439df7de98c6ac .av-caption-image-overlay-bg{\nopacity:0.4;\nbackground-color:#000000;\n}\n.avia-image-container.av-jtplvt5k-f8a10b8a508739f147439df7de98c6ac .av-image-caption-overlay-center{\ncolor:#ffffff;\n}\n<\/style>\n<div  class='avia-image-container av-jtplvt5k-f8a10b8a508739f147439df7de98c6ac av-styling- av-img-linked avia_animated_image av-animated-when-visible-95 fade-in avia-align-center  avia-builder-el-10  avia-builder-el-no-sibling  noHover av-overlay-on-hover'   itemprop=\"image\" itemscope=\"itemscope\" itemtype=\"https:\/\/schema.org\/ImageObject\" ><div class=\"avia-image-container-inner\"><div class=\"avia-image-overlay-wrap\"><a href=\"https:\/\/www.tuicamper.com\/wp-docker\/wp-content\/uploads\/2019\/04\/gardesana-1030x686.jpg\" data-srcset=\"https:\/\/www.tuicamper.com\/wp-docker\/wp-content\/uploads\/2019\/04\/gardesana-1030x686.jpg 1030w, https:\/\/www.tuicamper.com\/wp-docker\/wp-content\/uploads\/2019\/04\/gardesana-300x200.jpg 300w, https:\/\/www.tuicamper.com\/wp-docker\/wp-content\/uploads\/2019\/04\/gardesana-768x512.jpg 768w, https:\/\/www.tuicamper.com\/wp-docker\/wp-content\/uploads\/2019\/04\/gardesana-705x470.jpg 705w, https:\/\/www.tuicamper.com\/wp-docker\/wp-content\/uploads\/2019\/04\/gardesana-450x300.jpg 450w, https:\/\/www.tuicamper.com\/wp-docker\/wp-content\/uploads\/2019\/04\/gardesana.jpg 1280w\" data-sizes=\"(max-width: 1030px) 100vw, 1030px\" class='avia_image '  aria-label='Albergo Ristorante Gardesana'><div class=\"av-image-caption-overlay\"><div class=\"av-caption-image-overlay-bg\"><\/div><div class=\"av-image-caption-overlay-position\"><div class=\"av-image-caption-overlay-center\"><p>Albergo Ristorante in Gardesana<\/p>\n<\/div><\/div><\/div><img decoding=\"async\" fetchpriority=\"high\" class='wp-image-1752 avia-img-lazy-loading-not-1752 avia_image ' src=\"https:\/\/www.tuicamper.com\/wp-docker\/wp-content\/uploads\/2019\/04\/gardesana-845x684.jpg\" alt='Albergo Ristorante in Gardesana' title='Albergo Ristorante Gardesana'  height=\"684\" width=\"845\"  itemprop=\"thumbnailUrl\" srcset=\"https:\/\/www.tuicamper.com\/wp-docker\/wp-content\/uploads\/2019\/04\/gardesana-845x684.jpg 845w, https:\/\/www.tuicamper.com\/wp-docker\/wp-content\/uploads\/2019\/04\/gardesana-495x400.jpg 495w\" sizes=\"(max-width: 845px) 100vw, 845px\" \/><\/a><\/div><\/div><\/div>\n<\/p>\n<\/div><\/div><\/div><!-- close content main div --><\/div><\/div><div id='av_section_5'  class='avia-section av-jt5vrdgv-4386718e65b314e69682ca60ae604601 main_color avia-section-default avia-no-border-styling  avia-builder-el-11  el_after_av_section  el_before_av_section  reduced-content avia-bg-style-scroll container_wrap sidebar_right'  ><div class='container av-section-cont-open' ><div class='template-page content  av-content-small alpha units'><div class='post-entry post-entry-type-page post-entry-1056'><div class='entry-content-wrapper clearfix'>\n\n<style type=\"text\/css\" data-created_by=\"avia_inline_auto\" id=\"style-css-av-1g5aou-6e8505d9de1136ce38f66b0d0e5d2a36\">\n.flex_column.av-1g5aou-6e8505d9de1136ce38f66b0d0e5d2a36{\nborder-radius:0px 0px 0px 0px;\npadding:0px 0px 0px 0px;\n}\n<\/style>\n<div  class='flex_column av-1g5aou-6e8505d9de1136ce38f66b0d0e5d2a36 av_one_full  avia-builder-el-12  avia-builder-el-no-sibling  first flex_column_div av-zero-column-padding  '     ><section  class='av_textblock_section av-jt5tjyk0-1e04ddf86ca9bd8201b4b17bbb4a6491 '   itemscope=\"itemscope\" itemtype=\"https:\/\/schema.org\/BlogPosting\" itemprop=\"blogPost\" ><div class='avia_textblock'  itemprop=\"text\" ><h2>4 Tipps f\u00fcr Ihren Wohnmobil-Urlaub in Italien<\/h2>\n<p>So unwiderstehlich der Charme Italiens auch sein mag, v\u00f6llig unvorbereitet sollten Sie nicht zu Ihrer ersten Wohnmobil-Tour aufbrechen. Wir geben Ihnen vier Tipps an die Hand, die Sie f\u00fcr Ihren anstehenden Italien-Urlaub im Hinterkopf behalten sollten.<\/p>\n<\/div><\/section><\/div>\n\n<\/div><\/div><\/div><!-- close content main div --><\/div><\/div><div id='av_section_6'  class='avia-section av-jt5vrdgv-4386718e65b314e69682ca60ae604601 main_color avia-section-default avia-no-border-styling  avia-builder-el-14  el_after_av_section  el_before_av_section  reduced-content avia-bg-style-scroll container_wrap sidebar_right'  ><div class='container av-section-cont-open' ><div class='template-page content  av-content-small alpha units'><div class='post-entry post-entry-type-page post-entry-1056'><div class='entry-content-wrapper clearfix'>\n\n<style type=\"text\/css\" data-created_by=\"avia_inline_auto\" id=\"style-css-av-1g5aou-6e8505d9de1136ce38f66b0d0e5d2a36\">\n.flex_column.av-1g5aou-6e8505d9de1136ce38f66b0d0e5d2a36{\nborder-radius:0px 0px 0px 0px;\npadding:0px 0px 0px 0px;\n}\n<\/style>\n<div  class='flex_column av-1g5aou-6e8505d9de1136ce38f66b0d0e5d2a36 av_one_full  avia-builder-el-15  avia-builder-el-no-sibling  first flex_column_div av-zero-column-padding  '     ><section  class='av_textblock_section av-jt5tjyk0-1e04ddf86ca9bd8201b4b17bbb4a6491 '   itemscope=\"itemscope\" itemtype=\"https:\/\/schema.org\/BlogPosting\" itemprop=\"blogPost\" ><div class='avia_textblock'  itemprop=\"text\" ><h3>1.) Agricampeggio: die Campingplatz-Alternative<\/h3>\n<p>\u00dcber ganz Italien erstreckt sich ein Netz aus Campingpl\u00e4tzen. Wohnmobil-Urlauber haben daher in der Regel kein Problem einen entsprechenden Platz zu finden \u2013 zumindest, wenn sie sich rechtzeitig um einen solchen bem\u00fchen. Wer der italienischen Lebensart besonders nahe kommen m\u00f6chte, findet in Italien allerdings eine interessante Alternative zu den \u201egew\u00f6hnlichen\u201c Campingpl\u00e4tzen. So bieten Weinbauern und Einheimische vielerorts einen sogenannten \u201eAgricampeggio\u201c an. Dabei handelt es sich um einen Stellplatz mit Toilette, Waschm\u00f6glichkeit und Strom, der gegen eine kleine Geb\u00fchr genutzt werden kann. Oftmals \u00fcbernachten Camper dabei in direkter N\u00e4he zu ihren Gastgebern \u2013 und haben die M\u00f6glichkeiten mit den Einheimischen ins Gespr\u00e4ch zu kommen. Eine tolle Gelegenheit also, Geld zu sparen und dabei zugleich Land und Leute kennenzulernen.<\/p>\n<\/div><\/section><\/div>\n\n<\/div><\/div><\/div><!-- close content main div --><\/div><\/div><div id='av_section_7'  class='avia-section av-b7gvl-1eb57de5f7b7a94c40602e8cf977ebb0 main_color avia-section-default avia-no-border-styling  avia-builder-el-17  el_after_av_section  el_before_av_section  reduced-content avia-bg-style-scroll container_wrap sidebar_right'  ><div class='container av-section-cont-open' ><div class='template-page content  av-content-small alpha units'><div class='post-entry post-entry-type-page post-entry-1056'><div class='entry-content-wrapper clearfix'>\n\n<style type=\"text\/css\" data-created_by=\"avia_inline_auto\" id=\"style-css-av-jtplvt5k-29e7529e3fa22ba4256807a457e3379f\">\n.avia-image-container.av-jtplvt5k-29e7529e3fa22ba4256807a457e3379f img.avia_image{\nbox-shadow:none;\n}\n.avia-image-container.av-jtplvt5k-29e7529e3fa22ba4256807a457e3379f .av-caption-image-overlay-bg{\nopacity:0.4;\nbackground-color:#000000;\n}\n.avia-image-container.av-jtplvt5k-29e7529e3fa22ba4256807a457e3379f .av-image-caption-overlay-center{\ncolor:#ffffff;\n}\n<\/style>\n<div  class='avia-image-container av-jtplvt5k-29e7529e3fa22ba4256807a457e3379f av-styling- av-img-linked avia_animated_image av-animated-when-visible-95 fade-in avia-align-center  avia-builder-el-18  avia-builder-el-no-sibling  noHover av-overlay-on-hover'   itemprop=\"image\" itemscope=\"itemscope\" itemtype=\"https:\/\/schema.org\/ImageObject\" ><div class=\"avia-image-container-inner\"><div class=\"avia-image-overlay-wrap\"><a href=\"https:\/\/www.tuicamper.com\/wp-docker\/wp-content\/uploads\/2019\/04\/weinreben-toskana-1030x686.jpg\" data-srcset=\"https:\/\/www.tuicamper.com\/wp-docker\/wp-content\/uploads\/2019\/04\/weinreben-toskana-1030x686.jpg 1030w, https:\/\/www.tuicamper.com\/wp-docker\/wp-content\/uploads\/2019\/04\/weinreben-toskana-300x200.jpg 300w, https:\/\/www.tuicamper.com\/wp-docker\/wp-content\/uploads\/2019\/04\/weinreben-toskana-768x512.jpg 768w, https:\/\/www.tuicamper.com\/wp-docker\/wp-content\/uploads\/2019\/04\/weinreben-toskana-705x470.jpg 705w, https:\/\/www.tuicamper.com\/wp-docker\/wp-content\/uploads\/2019\/04\/weinreben-toskana-450x300.jpg 450w, https:\/\/www.tuicamper.com\/wp-docker\/wp-content\/uploads\/2019\/04\/weinreben-toskana.jpg 1280w\" data-sizes=\"(max-width: 1030px) 100vw, 1030px\" class='avia_image '  aria-label='Weinreben Toskana'><div class=\"av-image-caption-overlay\"><div class=\"av-caption-image-overlay-bg\"><\/div><div class=\"av-image-caption-overlay-position\"><div class=\"av-image-caption-overlay-center\"><p>Weinreben in der Toskana<\/p>\n<\/div><\/div><\/div><img decoding=\"async\" fetchpriority=\"high\" class='wp-image-1858 avia-img-lazy-loading-not-1858 avia_image ' src=\"https:\/\/www.tuicamper.com\/wp-docker\/wp-content\/uploads\/2019\/04\/weinreben-toskana-1280x630.jpg\" alt='Weinreben Toskana' title='Weinreben Toskana'  height=\"630\" width=\"1280\"  itemprop=\"thumbnailUrl\"  \/><\/a><\/div><\/div><\/div>\n\n<\/div><\/div><\/div><!-- close content main div --><\/div><\/div><div id='av_section_8'  class='avia-section av-jt5vrdgv-4386718e65b314e69682ca60ae604601 main_color avia-section-default avia-no-border-styling  avia-builder-el-19  el_after_av_section  el_before_av_section  reduced-content avia-bg-style-scroll container_wrap sidebar_right'  ><div class='container av-section-cont-open' ><div class='template-page content  av-content-small alpha units'><div class='post-entry post-entry-type-page post-entry-1056'><div class='entry-content-wrapper clearfix'>\n\n<style type=\"text\/css\" data-created_by=\"avia_inline_auto\" id=\"style-css-av-1g5aou-6e8505d9de1136ce38f66b0d0e5d2a36\">\n.flex_column.av-1g5aou-6e8505d9de1136ce38f66b0d0e5d2a36{\nborder-radius:0px 0px 0px 0px;\npadding:0px 0px 0px 0px;\n}\n<\/style>\n<div  class='flex_column av-1g5aou-6e8505d9de1136ce38f66b0d0e5d2a36 av_one_full  avia-builder-el-20  avia-builder-el-no-sibling  first flex_column_div av-zero-column-padding  '     ><section  class='av_textblock_section av-jt5tjyk0-1e04ddf86ca9bd8201b4b17bbb4a6491 '   itemscope=\"itemscope\" itemtype=\"https:\/\/schema.org\/BlogPosting\" itemprop=\"blogPost\" ><div class='avia_textblock'  itemprop=\"text\" ><h3>2.) Besser im Voraus planen<\/h3>\n<p>Gerade in den Sommermonaten zieht es viele Camper nach Italien. Zugleich sind zu dieser Zeit auch zahlreiche campingbegeisterte Italiener auf der Stra\u00dfe. Sie sind daher gut damit beraten Campingpl\u00e4tze im Voraus zu reservieren. Das gilt insbesondere f\u00fcr den Hauptreisemonat August. Ein letzter Tipp: Am Ostermontag sowie am italienischen Feiertag Ferragosto (15. August) ist auf den Stra\u00dfen Italiens die H\u00f6lle los. F\u00fcr diese Zeit suchen Sie sich daher besser einen guten Stellplatz. Das ist wesentlich angenehmer als den Tag im Stau zu verbringen.<\/p>\n<\/div><\/section><\/div>\n\n<\/div><\/div><\/div><!-- close content main div --><\/div><\/div><div id='av_section_9'  class='avia-section av-b7gvl-1eb57de5f7b7a94c40602e8cf977ebb0 main_color avia-section-default avia-no-border-styling  avia-builder-el-22  el_after_av_section  el_before_av_section  reduced-content avia-bg-style-scroll container_wrap sidebar_right'  ><div class='container av-section-cont-open' ><div class='template-page content  av-content-small alpha units'><div class='post-entry post-entry-type-page post-entry-1056'><div class='entry-content-wrapper clearfix'>\n\n<style type=\"text\/css\" data-created_by=\"avia_inline_auto\" id=\"style-css-av-jtplvt5k-5c3fac3c3c4d5e679674030464965062\">\n.avia-image-container.av-jtplvt5k-5c3fac3c3c4d5e679674030464965062 img.avia_image{\nbox-shadow:none;\n}\n.avia-image-container.av-jtplvt5k-5c3fac3c3c4d5e679674030464965062 .av-caption-image-overlay-bg{\nopacity:0.4;\nbackground-color:#000000;\n}\n.avia-image-container.av-jtplvt5k-5c3fac3c3c4d5e679674030464965062 .av-image-caption-overlay-center{\ncolor:#ffffff;\n}\n<\/style>\n<div  class='avia-image-container av-jtplvt5k-5c3fac3c3c4d5e679674030464965062 av-styling- av-img-linked avia_animated_image av-animated-when-visible-95 fade-in avia-align-center  avia-builder-el-23  avia-builder-el-no-sibling  noHover av-overlay-on-hover'   itemprop=\"image\" itemscope=\"itemscope\" itemtype=\"https:\/\/schema.org\/ImageObject\" ><div class=\"avia-image-container-inner\"><div class=\"avia-image-overlay-wrap\"><a href=\"https:\/\/www.tuicamper.com\/wp-docker\/wp-content\/uploads\/2019\/04\/strand-kalabrien-1030x773.jpg\" data-srcset=\"https:\/\/www.tuicamper.com\/wp-docker\/wp-content\/uploads\/2019\/04\/strand-kalabrien-1030x773.jpg 1030w, https:\/\/www.tuicamper.com\/wp-docker\/wp-content\/uploads\/2019\/04\/strand-kalabrien-300x225.jpg 300w, https:\/\/www.tuicamper.com\/wp-docker\/wp-content\/uploads\/2019\/04\/strand-kalabrien-768x576.jpg 768w, https:\/\/www.tuicamper.com\/wp-docker\/wp-content\/uploads\/2019\/04\/strand-kalabrien-705x529.jpg 705w, https:\/\/www.tuicamper.com\/wp-docker\/wp-content\/uploads\/2019\/04\/strand-kalabrien-450x338.jpg 450w, https:\/\/www.tuicamper.com\/wp-docker\/wp-content\/uploads\/2019\/04\/strand-kalabrien.jpg 1280w\" data-sizes=\"(max-width: 1030px) 100vw, 1030px\" class='avia_image '  aria-label='Strand von Tropea in Kalabrien'><div class=\"av-image-caption-overlay\"><div class=\"av-caption-image-overlay-bg\"><\/div><div class=\"av-image-caption-overlay-position\"><div class=\"av-image-caption-overlay-center\"><p>Strand von Tropea in Kalabrien<\/p>\n<\/div><\/div><\/div><img decoding=\"async\" fetchpriority=\"high\" class='wp-image-1854 avia-img-lazy-loading-not-1854 avia_image ' src=\"https:\/\/www.tuicamper.com\/wp-docker\/wp-content\/uploads\/2019\/04\/strand-kalabrien-845x684.jpg\" alt='Strand von Tropea in Kalabrien' title='Strand von Tropea in Kalabrien'  height=\"684\" width=\"845\"  itemprop=\"thumbnailUrl\" srcset=\"https:\/\/www.tuicamper.com\/wp-docker\/wp-content\/uploads\/2019\/04\/strand-kalabrien-845x684.jpg 845w, https:\/\/www.tuicamper.com\/wp-docker\/wp-content\/uploads\/2019\/04\/strand-kalabrien-495x400.jpg 495w\" sizes=\"(max-width: 845px) 100vw, 845px\" \/><\/a><\/div><\/div><\/div>\n\n<\/div><\/div><\/div><!-- close content main div --><\/div><\/div><div id='av_section_10'  class='avia-section av-jt5vrdgv-4386718e65b314e69682ca60ae604601 main_color avia-section-default avia-no-border-styling  avia-builder-el-24  el_after_av_section  el_before_av_section  reduced-content avia-bg-style-scroll container_wrap sidebar_right'  ><div class='container av-section-cont-open' ><div class='template-page content  av-content-small alpha units'><div class='post-entry post-entry-type-page post-entry-1056'><div class='entry-content-wrapper clearfix'>\n\n<style type=\"text\/css\" data-created_by=\"avia_inline_auto\" id=\"style-css-av-1g5aou-6e8505d9de1136ce38f66b0d0e5d2a36\">\n.flex_column.av-1g5aou-6e8505d9de1136ce38f66b0d0e5d2a36{\nborder-radius:0px 0px 0px 0px;\npadding:0px 0px 0px 0px;\n}\n<\/style>\n<div  class='flex_column av-1g5aou-6e8505d9de1136ce38f66b0d0e5d2a36 av_one_full  avia-builder-el-25  avia-builder-el-no-sibling  first flex_column_div av-zero-column-padding  '     ><section  class='av_textblock_section av-jt5tjyk0-1e04ddf86ca9bd8201b4b17bbb4a6491 '   itemscope=\"itemscope\" itemtype=\"https:\/\/schema.org\/BlogPosting\" itemprop=\"blogPost\" ><div class='avia_textblock'  itemprop=\"text\" ><h3>3.) In Italien mehr als blo\u00dfer Luxus: eine gute Klimaanlage<\/h3>\n<p>Es ist alles andere als ein Geheimnis: Die italienischen Sommer k\u00f6nnen schier unertr\u00e4glich hei\u00df werden. Eine gute Klimaanlage im Wohnmobil ist daher kein Luxus, sondern schlicht zwingend notwendig! Stellen Sie daher besser sicher, dass Ihre Klimaanlage auch ordnungsgem\u00e4\u00df arbeitet, bevor Sie sich in das Abenteuer Italien st\u00fcrzen. \u00dcbrigens: Die besten Tipps gegen Hitze im Wohnmobil haben wir\u00a0<a href=\"https:\/\/www.tuicamper.com\/magazin\/schutz-gegen-hitze\/\">hier f\u00fcr Sie zusammengefasst<\/a>.<\/p>\n<\/div><\/section><\/div>\n\n<\/div><\/div><\/div><!-- close content main div --><\/div><\/div><div id='av_section_11'  class='avia-section av-b7gvl-1eb57de5f7b7a94c40602e8cf977ebb0 main_color avia-section-default avia-no-border-styling  avia-builder-el-27  el_after_av_section  el_before_av_section  reduced-content avia-bg-style-scroll container_wrap sidebar_right'  ><div class='container av-section-cont-open' ><div class='template-page content  av-content-small alpha units'><div class='post-entry post-entry-type-page post-entry-1056'><div class='entry-content-wrapper clearfix'>\n\n<style type=\"text\/css\" data-created_by=\"avia_inline_auto\" id=\"style-css-av-jtplvt5k-91f95f20056f0784596cbabb65ac8da5\">\n.avia-image-container.av-jtplvt5k-91f95f20056f0784596cbabb65ac8da5 img.avia_image{\nbox-shadow:none;\n}\n.avia-image-container.av-jtplvt5k-91f95f20056f0784596cbabb65ac8da5 .av-caption-image-overlay-bg{\nopacity:0.4;\nbackground-color:#000000;\n}\n.avia-image-container.av-jtplvt5k-91f95f20056f0784596cbabb65ac8da5 .av-image-caption-overlay-center{\ncolor:#ffffff;\n}\n<\/style>\n<div  class='avia-image-container av-jtplvt5k-91f95f20056f0784596cbabb65ac8da5 av-styling- av-img-linked avia_animated_image av-animated-when-visible-95 fade-in avia-align-center  avia-builder-el-28  avia-builder-el-no-sibling  noHover av-overlay-on-hover'   itemprop=\"image\" itemscope=\"itemscope\" itemtype=\"https:\/\/schema.org\/ImageObject\" ><div class=\"avia-image-container-inner\"><div class=\"avia-image-overlay-wrap\"><a href=\"https:\/\/www.tuicamper.com\/wp-docker\/wp-content\/uploads\/2019\/04\/haus-toskana-1030x686.jpg\" data-srcset=\"https:\/\/www.tuicamper.com\/wp-docker\/wp-content\/uploads\/2019\/04\/haus-toskana-1030x686.jpg 1030w, https:\/\/www.tuicamper.com\/wp-docker\/wp-content\/uploads\/2019\/04\/haus-toskana-300x200.jpg 300w, https:\/\/www.tuicamper.com\/wp-docker\/wp-content\/uploads\/2019\/04\/haus-toskana-768x512.jpg 768w, https:\/\/www.tuicamper.com\/wp-docker\/wp-content\/uploads\/2019\/04\/haus-toskana-705x470.jpg 705w, https:\/\/www.tuicamper.com\/wp-docker\/wp-content\/uploads\/2019\/04\/haus-toskana-450x300.jpg 450w, https:\/\/www.tuicamper.com\/wp-docker\/wp-content\/uploads\/2019\/04\/haus-toskana.jpg 1280w\" data-sizes=\"(max-width: 1030px) 100vw, 1030px\" class='avia_image '  aria-label='Villa in der Toskana'><div class=\"av-image-caption-overlay\"><div class=\"av-caption-image-overlay-bg\"><\/div><div class=\"av-image-caption-overlay-position\"><div class=\"av-image-caption-overlay-center\"><p>Villa in der Toskana<\/p>\n<\/div><\/div><\/div><img decoding=\"async\" fetchpriority=\"high\" class='wp-image-1855 avia-img-lazy-loading-not-1855 avia_image ' src=\"https:\/\/www.tuicamper.com\/wp-docker\/wp-content\/uploads\/2019\/04\/haus-toskana-1280x630.jpg\" alt='Villa in der Toskana' title='Villa in der Toskana'  height=\"630\" width=\"1280\"  itemprop=\"thumbnailUrl\"  \/><\/a><\/div><\/div><\/div>\n\n<\/div><\/div><\/div><!-- close content main div --><\/div><\/div><div id='av_section_12'  class='avia-section av-jt5vrdgv-4386718e65b314e69682ca60ae604601 main_color avia-section-default avia-no-border-styling  avia-builder-el-29  el_after_av_section  el_before_av_section  reduced-content avia-bg-style-scroll container_wrap sidebar_right'  ><div class='container av-section-cont-open' ><div class='template-page content  av-content-small alpha units'><div class='post-entry post-entry-type-page post-entry-1056'><div class='entry-content-wrapper clearfix'>\n\n<style type=\"text\/css\" data-created_by=\"avia_inline_auto\" id=\"style-css-av-1g5aou-6e8505d9de1136ce38f66b0d0e5d2a36\">\n.flex_column.av-1g5aou-6e8505d9de1136ce38f66b0d0e5d2a36{\nborder-radius:0px 0px 0px 0px;\npadding:0px 0px 0px 0px;\n}\n<\/style>\n<div  class='flex_column av-1g5aou-6e8505d9de1136ce38f66b0d0e5d2a36 av_one_full  avia-builder-el-30  avia-builder-el-no-sibling  first flex_column_div av-zero-column-padding  '     ><section  class='av_textblock_section av-jt5tjyk0-1e04ddf86ca9bd8201b4b17bbb4a6491 '   itemscope=\"itemscope\" itemtype=\"https:\/\/schema.org\/BlogPosting\" itemprop=\"blogPost\" ><div class='avia_textblock'  itemprop=\"text\" ><h3>4.) Erkunden von Gro\u00dfst\u00e4dten: Das gilt es zu wissen<\/h3>\n<p>Egal ob Rom, Florenz, Palermo oder Neapel: Die italienischen Gro\u00dfst\u00e4dte bieten einen Kulturreichtum, den es sich zu erkunden lohnt. Auf eine Erkundung mit dem Wohnmobil sollten Sie aber besser verzichten. Das hat gleich mehrere Gr\u00fcnde. Einerseits d\u00fcrfen viele innerst\u00e4dtische Gebiete mit einem Wohnmobil schlicht nicht befahren werden. Andererseits sind die italienischen Verkehrsteilnehmer ber\u00fcchtigt daf\u00fcr, es mit der Stra\u00dfenverkehrsordnung nicht ganz so genau zu nehmen. Besser ist es daher, wenn Sie sich am Stadtrand einen geeigneten Campingplatz suchen und die Stadt selbst mit \u00f6ffentlichen Verkehrsmitteln erkunden.<\/p>\n<\/div><\/section><\/div>\n\n<\/div><\/div><\/div><!-- close content main div --><\/div><\/div><div id='av_section_13'  class='avia-section av-b7gvl-1eb57de5f7b7a94c40602e8cf977ebb0 main_color avia-section-default avia-no-border-styling  avia-builder-el-32  el_after_av_section  el_before_av_section  reduced-content avia-bg-style-scroll container_wrap sidebar_right'  ><div class='container av-section-cont-open' ><div class='template-page content  av-content-small alpha units'><div class='post-entry post-entry-type-page post-entry-1056'><div class='entry-content-wrapper clearfix'>\n\n<style type=\"text\/css\" data-created_by=\"avia_inline_auto\" id=\"style-css-av-jtplvt5k-c00301a857b8be0de98a7e2529083621\">\n.avia-image-container.av-jtplvt5k-c00301a857b8be0de98a7e2529083621 img.avia_image{\nbox-shadow:none;\n}\n.avia-image-container.av-jtplvt5k-c00301a857b8be0de98a7e2529083621 .av-caption-image-overlay-bg{\nopacity:0.4;\nbackground-color:#000000;\n}\n.avia-image-container.av-jtplvt5k-c00301a857b8be0de98a7e2529083621 .av-image-caption-overlay-center{\ncolor:#ffffff;\n}\n<\/style>\n<div  class='avia-image-container av-jtplvt5k-c00301a857b8be0de98a7e2529083621 av-styling- av-img-linked avia_animated_image av-animated-when-visible-95 fade-in avia-align-center  avia-builder-el-33  avia-builder-el-no-sibling  noHover av-overlay-on-hover'   itemprop=\"image\" itemscope=\"itemscope\" itemtype=\"https:\/\/schema.org\/ImageObject\" ><div class=\"avia-image-container-inner\"><div class=\"avia-image-overlay-wrap\"><a href=\"https:\/\/www.tuicamper.com\/wp-docker\/wp-content\/uploads\/2019\/04\/sizilien-1030x683.jpg\" data-srcset=\"https:\/\/www.tuicamper.com\/wp-docker\/wp-content\/uploads\/2019\/04\/sizilien-1030x683.jpg 1030w, https:\/\/www.tuicamper.com\/wp-docker\/wp-content\/uploads\/2019\/04\/sizilien-300x199.jpg 300w, https:\/\/www.tuicamper.com\/wp-docker\/wp-content\/uploads\/2019\/04\/sizilien-768x509.jpg 768w, https:\/\/www.tuicamper.com\/wp-docker\/wp-content\/uploads\/2019\/04\/sizilien-705x468.jpg 705w, https:\/\/www.tuicamper.com\/wp-docker\/wp-content\/uploads\/2019\/04\/sizilien-450x298.jpg 450w, https:\/\/www.tuicamper.com\/wp-docker\/wp-content\/uploads\/2019\/04\/sizilien.jpg 1280w\" data-sizes=\"(max-width: 1030px) 100vw, 1030px\" class='avia_image '  aria-label='Die K\u00fcste von Sizilien'><div class=\"av-image-caption-overlay\"><div class=\"av-caption-image-overlay-bg\"><\/div><div class=\"av-image-caption-overlay-position\"><div class=\"av-image-caption-overlay-center\"><p>Die K\u00fcste von Sizilien<\/p>\n<\/div><\/div><\/div><img decoding=\"async\" fetchpriority=\"high\" class='wp-image-1856 avia-img-lazy-loading-not-1856 avia_image ' src=\"https:\/\/www.tuicamper.com\/wp-docker\/wp-content\/uploads\/2019\/04\/sizilien-1280x630.jpg\" alt='Die K\u00fcste von Sizilien' title='Die K\u00fcste von Sizilien'  height=\"630\" width=\"1280\"  itemprop=\"thumbnailUrl\"  \/><\/a><\/div><\/div><\/div>\n\n<\/div><\/div><\/div><!-- close content main div --><\/div><\/div><div id='av_section_14'  class='avia-section av-jt5vrdgv-4386718e65b314e69682ca60ae604601 main_color avia-section-default avia-no-border-styling  avia-builder-el-34  el_after_av_section  el_before_av_textblock  reduced-content avia-bg-style-scroll container_wrap sidebar_right'  ><div class='container av-section-cont-open' ><div class='template-page content  av-content-small alpha units'><div class='post-entry post-entry-type-page post-entry-1056'><div class='entry-content-wrapper clearfix'>\n\n<style type=\"text\/css\" data-created_by=\"avia_inline_auto\" id=\"style-css-av-1g5aou-6e8505d9de1136ce38f66b0d0e5d2a36\">\n.flex_column.av-1g5aou-6e8505d9de1136ce38f66b0d0e5d2a36{\nborder-radius:0px 0px 0px 0px;\npadding:0px 0px 0px 0px;\n}\n<\/style>\n<div  class='flex_column av-1g5aou-6e8505d9de1136ce38f66b0d0e5d2a36 av_one_full  avia-builder-el-35  avia-builder-el-no-sibling  first flex_column_div av-zero-column-padding  '     ><section  class='av_textblock_section av-jt5tjyk0-1e04ddf86ca9bd8201b4b17bbb4a6491 '   itemscope=\"itemscope\" itemtype=\"https:\/\/schema.org\/BlogPosting\" itemprop=\"blogPost\" ><div class='avia_textblock'  itemprop=\"text\" ><h2>Sicher unterwegs in Italien: Das m\u00fcssen Sie wissen<\/h2>\n<p>Italien gilt als sicheres Reiseland. Dennoch sollten Sie einige Sicherheitshinweise bei Ihrem Wohnmobil-Urlaub beachten. Hierzu z\u00e4hlen insbesondere die folgenden:<\/p>\n<ul>\n<li>Italien liegt inmitten einer erdbebengef\u00e4hrdeten Zone. F\u00fcr den Fall der F\u00e4lle sollten Sie daher mit den Verhaltensregeln bei einem Erdbeben vertraut sein. Diese k\u00f6nnen Sie\u00a0<a href=\"http:\/\/media.gfz-potsdam.de\/gfz\/wv\/doc\/infothek\/leaflets\/Erdbeben_dt.pdf\" target=\"_blank\" rel=\"noopener\">hier<\/a>\u00a0einlesen.<\/li>\n<li>Gerade im Sommer kommt es in Italien immer wieder zu Busch- und Waldbr\u00e4nden. In Folge der hohen Waldbrandgefahr sollten Sie auf Lagerfeuer daher unbedingt verzichten \u2013 insbesondere in bewaldeten Regionen!<\/li>\n<li>Gerade in Touristenzentren ist Taschendiebstahl nicht ungew\u00f6hnlich. Seien Sie bei St\u00e4dtebesichtigungen und Co. daher besonders achtsam.<\/li>\n<li>Gerade in St\u00e4dten ist im Stra\u00dfenverkehr vollste Aufmerksamkeit geboten. Nicht selten geht es hier besonders hektisch und un\u00fcbersichtlich zu.<\/li>\n<li>Lassen Sie nach M\u00f6glichkeit keine Wertgegenst\u00e4nde im Wohnmobil zur\u00fcck, wenn Sie zu einer Wandertour aufbrechen. Camper-Einbr\u00fcche sind nicht auszuschlie\u00dfen.<\/li>\n<\/ul>\n<\/div><\/section><\/div>\n<\/div><\/div><\/div><!-- close content main div --><\/div><\/div><div id='after_section_14'  class='main_color av_default_container_wrap container_wrap sidebar_right'  ><div class='container av-section-cont-open' ><div class='template-page content  av-content-small alpha units'><div class='post-entry post-entry-type-page post-entry-1056'><div class='entry-content-wrapper clearfix'>\n<section  class='av_textblock_section av-jtpqpty6-550c066a997ebaf648fccc87d0b9ff16 '   itemscope=\"itemscope\" itemtype=\"https:\/\/schema.org\/BlogPosting\" itemprop=\"blogPost\" ><div class='avia_textblock'  itemprop=\"text\" >\r\n<div style=\"clear: both;\"><\/div>\r\n<div class=\"post-breaker-item breaker-type-default\">\r\n    <div class=\"post-breaker-item-inner\">\r\n                    \n<style type=\"text\/css\" data-created_by=\"avia_inline_auto\" id=\"style-css-av-jtpksizx-4b352f2a2752c01e58a4c67632af1aa6\">\n#top .av_textblock_section.av-jtpksizx-4b352f2a2752c01e58a4c67632af1aa6 .avia_textblock{\nfont-size:28px;\n}\n<\/style>\n<section  class='av_textblock_section av-jtpksizx-4b352f2a2752c01e58a4c67632af1aa6 '   itemscope=\"itemscope\" itemtype=\"https:\/\/schema.org\/BlogPosting\" itemprop=\"blogPost\" ><div class='avia_textblock'  itemprop=\"text\" ><p><strong>\u2013 Lesen Sie auch \u2013<\/strong><\/p>\n<\/div><\/section>\n\n<style type=\"text\/css\" data-created_by=\"avia_inline_auto\" id=\"style-css-av-ehyb5-42286bbb62f5c947921c50b729609f1d\">\n.flex_column.av-ehyb5-42286bbb62f5c947921c50b729609f1d{\nborder-radius:0px 0px 0px 0px;\npadding:0px 0px 0px 0px;\n}\n<\/style>\n<div  class='flex_column av-ehyb5-42286bbb62f5c947921c50b729609f1d av_one_third first flex_column_div av-zero-column-padding  '     ><p>\n<style type=\"text\/css\" data-created_by=\"avia_inline_auto\" id=\"style-css-av-jt75ko0n-b3ae510b2760ad435adfd60cb3f7b6d9\">\n.avia-image-container.av-jt75ko0n-b3ae510b2760ad435adfd60cb3f7b6d9 img.avia_image{\nbox-shadow:none;\n}\n.avia-image-container.av-jt75ko0n-b3ae510b2760ad435adfd60cb3f7b6d9 .av-image-caption-overlay-center{\ncolor:#ffffff;\n}\n<\/style>\n<div  class='avia-image-container av-jt75ko0n-b3ae510b2760ad435adfd60cb3f7b6d9 av-styling-no-styling av-hover-grow av-hide-overflow av-img-linked avia_animated_image av-animated-when-visible-95 fade-in avia-align-left'   itemprop=\"image\" itemscope=\"itemscope\" itemtype=\"https:\/\/schema.org\/ImageObject\" ><div class=\"avia-image-container-inner\"><div class=\"avia-image-overlay-wrap\"><a href=\"https:\/\/www.tuicamper.com\/magazin\/wohnmobil-sardinien\/\" class='avia_image '  aria-label='Wohnmobil Sardinien'><img decoding=\"async\" fetchpriority=\"high\" class='wp-image-1740 avia-img-lazy-loading-not-1740 avia_image ' src=\"https:\/\/www.tuicamper.com\/wp-docker\/wp-content\/uploads\/2019\/04\/sardinien-teaser.jpg\" alt='Wohnmobil Sardinien' title='Wohnmobil Sardinien'  height=\"200\" width=\"350\"  itemprop=\"thumbnailUrl\" srcset=\"https:\/\/www.tuicamper.com\/wp-docker\/wp-content\/uploads\/2019\/04\/sardinien-teaser.jpg 350w, https:\/\/www.tuicamper.com\/wp-docker\/wp-content\/uploads\/2019\/04\/sardinien-teaser-300x171.jpg 300w\" sizes=\"(max-width: 350px) 100vw, 350px\" \/><\/a><\/div><\/div><\/div><br \/>\n<section  class='av_textblock_section av-jt75lbqb-bba29013bb6610b0762c56b6a5ae7819 '   itemscope=\"itemscope\" itemtype=\"https:\/\/schema.org\/BlogPosting\" itemprop=\"blogPost\" ><div class='avia_textblock'  itemprop=\"text\" ><p style=\"text-align: left;\"><strong><a href=\"https:\/\/www.tuicamper.com\/magazin\/wohnmobil-sardinien\/\">Wohnmobil Sardinien \u2013 5 Highlights einer Sardinien-Rundreise<\/a><\/strong><\/p>\n<\/div><\/section><\/p><\/div>\n<style type=\"text\/css\" data-created_by=\"avia_inline_auto\" id=\"style-css-av-ehyb5-8fadcff6392c44a3fc98dc4b014d4246\">\n.flex_column.av-ehyb5-8fadcff6392c44a3fc98dc4b014d4246{\nborder-radius:0px 0px 0px 0px;\npadding:0px 0px 0px 0px;\n}\n<\/style>\n<div  class='flex_column av-ehyb5-8fadcff6392c44a3fc98dc4b014d4246 av_one_third flex_column_div av-zero-column-padding  '     ><p>\n<style type=\"text\/css\" data-created_by=\"avia_inline_auto\" id=\"style-css-av-jt75ko0n-b0bd9e019c22a6e3e0c809a51554667c\">\n.avia-image-container.av-jt75ko0n-b0bd9e019c22a6e3e0c809a51554667c img.avia_image{\nbox-shadow:none;\n}\n.avia-image-container.av-jt75ko0n-b0bd9e019c22a6e3e0c809a51554667c .av-image-caption-overlay-center{\ncolor:#ffffff;\n}\n<\/style>\n<div  class='avia-image-container av-jt75ko0n-b0bd9e019c22a6e3e0c809a51554667c av-styling-no-styling av-hover-grow av-hide-overflow av-img-linked avia_animated_image av-animated-when-visible-95 fade-in avia-align-left'   itemprop=\"image\" itemscope=\"itemscope\" itemtype=\"https:\/\/schema.org\/ImageObject\" ><div class=\"avia-image-container-inner\"><div class=\"avia-image-overlay-wrap\"><a href=\"https:\/\/www.tuicamper.com\/magazin\/wohnmobil-gardasee\/\" class='avia_image '  aria-label='Wohnmobil Gardasee'><img decoding=\"async\" fetchpriority=\"high\" class='wp-image-1861 avia-img-lazy-loading-not-1861 avia_image ' src=\"https:\/\/www.tuicamper.com\/wp-docker\/wp-content\/uploads\/2019\/04\/wohnmobil-gardasee-teaser.jpg\" alt='Wohnmobil Gardasee' title='Wohnmobil Gardasee'  height=\"200\" width=\"350\"  itemprop=\"thumbnailUrl\" srcset=\"https:\/\/www.tuicamper.com\/wp-docker\/wp-content\/uploads\/2019\/04\/wohnmobil-gardasee-teaser.jpg 350w, https:\/\/www.tuicamper.com\/wp-docker\/wp-content\/uploads\/2019\/04\/wohnmobil-gardasee-teaser-300x171.jpg 300w\" sizes=\"(max-width: 350px) 100vw, 350px\" \/><\/a><\/div><\/div><\/div><br \/>\n<section  class='av_textblock_section av-jt75lbqb-bba29013bb6610b0762c56b6a5ae7819 '   itemscope=\"itemscope\" itemtype=\"https:\/\/schema.org\/BlogPosting\" itemprop=\"blogPost\" ><div class='avia_textblock'  itemprop=\"text\" ><p style=\"text-align: left;\"><strong><a href=\"https:\/\/www.tuicamper.com\/magazin\/wohnmobil-gardasee\/\">Wohnmobil Gardasee \u2013 Camping, Highlights &amp; die besten Ausfl\u00fcge<\/a><\/strong><\/p>\n<\/div><\/section><\/p><\/div>\n<style type=\"text\/css\" data-created_by=\"avia_inline_auto\" id=\"style-css-av-ehyb5-8fadcff6392c44a3fc98dc4b014d4246\">\n.flex_column.av-ehyb5-8fadcff6392c44a3fc98dc4b014d4246{\nborder-radius:0px 0px 0px 0px;\npadding:0px 0px 0px 0px;\n}\n<\/style>\n<div  class='flex_column av-ehyb5-8fadcff6392c44a3fc98dc4b014d4246 av_one_third flex_column_div av-zero-column-padding  '     ><p>\n<style type=\"text\/css\" data-created_by=\"avia_inline_auto\" id=\"style-css-av-jt75ko0n-c899c2c5fa2fc7150bab03e2a3bebc8a\">\n.avia-image-container.av-jt75ko0n-c899c2c5fa2fc7150bab03e2a3bebc8a img.avia_image{\nbox-shadow:none;\n}\n.avia-image-container.av-jt75ko0n-c899c2c5fa2fc7150bab03e2a3bebc8a .av-image-caption-overlay-center{\ncolor:#ffffff;\n}\n<\/style>\n<div  class='avia-image-container av-jt75ko0n-c899c2c5fa2fc7150bab03e2a3bebc8a av-styling-no-styling av-hover-grow av-hide-overflow av-img-linked avia_animated_image av-animated-when-visible-95 fade-in avia-align-left'   itemprop=\"image\" itemscope=\"itemscope\" itemtype=\"https:\/\/schema.org\/ImageObject\" ><div class=\"avia-image-container-inner\"><div class=\"avia-image-overlay-wrap\"><a href=\"https:\/\/www.tuicamper.com\/magazin\/wohnmobil-sizilien\/\" class='avia_image '  aria-label='Wohnmobil Sizilien'><img decoding=\"async\" fetchpriority=\"high\" class='wp-image-1860 avia-img-lazy-loading-not-1860 avia_image ' src=\"https:\/\/www.tuicamper.com\/wp-docker\/wp-content\/uploads\/2019\/04\/wohnmobil-sizilien-teaser.jpg\" alt='Wohnmobil Sizilien' title='Wohnmobil Sizilien'  height=\"200\" width=\"350\"  itemprop=\"thumbnailUrl\" srcset=\"https:\/\/www.tuicamper.com\/wp-docker\/wp-content\/uploads\/2019\/04\/wohnmobil-sizilien-teaser.jpg 350w, https:\/\/www.tuicamper.com\/wp-docker\/wp-content\/uploads\/2019\/04\/wohnmobil-sizilien-teaser-300x171.jpg 300w\" sizes=\"(max-width: 350px) 100vw, 350px\" \/><\/a><\/div><\/div><\/div><br \/>\n<section  class='av_textblock_section av-jt75lbqb-bba29013bb6610b0762c56b6a5ae7819 '   itemscope=\"itemscope\" itemtype=\"https:\/\/schema.org\/BlogPosting\" itemprop=\"blogPost\" ><div class='avia_textblock'  itemprop=\"text\" ><p style=\"text-align: left;\"><strong><a href=\"https:\/\/www.tuicamper.com\/magazin\/wohnmobil-sizilien\/\">Wohnmobil Sizilien \u2013 Highlights f\u00fcr eine Camper-Rundreise<\/a><\/strong><\/p>\n<\/div><\/section><\/p><\/div><\/p>\n            <div style=\"clear: both;\"><\/div>\r\n            <\/div>\r\n<\/div>\r\n\n<\/div><\/section>\n<\/div><\/div><\/div><!-- close content main div --><\/div><\/div><div id='av_section_15'  class='avia-section av-jt5vrdgv-4386718e65b314e69682ca60ae604601 main_color avia-section-default avia-no-border-styling  avia-builder-el-38  el_after_av_textblock  el_before_av_section  reduced-content avia-bg-style-scroll container_wrap sidebar_right'  ><div class='container av-section-cont-open' ><div class='template-page content  av-content-small alpha units'><div class='post-entry post-entry-type-page post-entry-1056'><div class='entry-content-wrapper clearfix'>\n\n<style type=\"text\/css\" data-created_by=\"avia_inline_auto\" id=\"style-css-av-1g5aou-6e8505d9de1136ce38f66b0d0e5d2a36\">\n.flex_column.av-1g5aou-6e8505d9de1136ce38f66b0d0e5d2a36{\nborder-radius:0px 0px 0px 0px;\npadding:0px 0px 0px 0px;\n}\n<\/style>\n<div  class='flex_column av-1g5aou-6e8505d9de1136ce38f66b0d0e5d2a36 av_one_full  avia-builder-el-39  el_before_av_button  avia-builder-el-first  first flex_column_div av-zero-column-padding  '     ><section  class='av_textblock_section av-jt5tjyk0-1e04ddf86ca9bd8201b4b17bbb4a6491 '   itemscope=\"itemscope\" itemtype=\"https:\/\/schema.org\/BlogPosting\" itemprop=\"blogPost\" ><div class='avia_textblock'  itemprop=\"text\" ><h2>Erste Camper-Reise Italien: eine Checkliste<\/h2>\n<p>Die erste Wohnmobil-Reise nach Bella Italia steht bevor? Dann versichern Sie sich besser, dass Sie an Folgendes gedacht haben:<\/p>\n<ul>\n<li>Sie nehmen das Flugzeug nach Italien? Dann denken Sie an Ihre\u00a0<strong>Flugtickets<\/strong>.<\/li>\n<li>Da Italien Teil der EU ist, ben\u00f6tigen Sie f\u00fcr die Einreise keinen Reisepass. An Ihren\u00a0<strong>Personalausweis<\/strong>\u00a0m\u00fcssen Sie allerdings denken!<\/li>\n<li>Neben dem Personalausweis geh\u00f6rt nat\u00fcrlich auch der\u00a0<strong>F\u00fchrerschein\u00a0<\/strong>ins Reisegep\u00e4ck. Anderenfalls endet die Camper-Tour noch bevor sie begonnen hat.<\/li>\n<li>Denken Sie an die gut best\u00fcckte\u00a0<strong>Reiseapotheke\u00a0<\/strong>\u2013 inklusive s\u00e4mtlicher f\u00fcr Sie und Ihre Familie notwenigen Medikamente.<\/li>\n<li>Die herrlichen Landschaften Italien wollen nat\u00fcrlich auch erkundet werden.\u00a0<strong>Wanderschuhe\u00a0<\/strong>und passendes\u00a0<strong>Wanderequipment\u00a0<\/strong>ist daher Pflicht.<\/li>\n<li>Leider sind M\u00fccken in Italien gerade zur Sommerzeit keine Seltenheit. Mit\u00a0<strong>M\u00fcckenspray\u00a0<\/strong>sind Sie daher gut beraten.<\/li>\n<li>Die italienische Sommersonne hat eine enorme Kraft.\u00a0<strong>Sonnencreme\u00a0<\/strong>mit hohem Lichtschutzfaktor sollten Sie daher unbedingt mit an Bord nehmen!<\/li>\n<li>Besondere Impfungen ben\u00f6tigen Sie f\u00fcr Ihre Italien-Reise nicht. Das\u00a0<a href=\"https:\/\/www.auswaertiges-amt.de\/DE\/Laenderinformationen\/00-SiHi\/ItalienSicherheit.html\" target=\"_blank\" rel=\"noopener\">Ausw\u00e4rtige Amt<\/a>\u00a0empfiehlt jedoch die Auffrischung s\u00e4mtlicher\u00a0<strong>Standardimpfungen<\/strong>.<\/li>\n<li>Laden Sie sich im Vorfeld passende\u00a0<a href=\"https:\/\/www.tuicamper.com\/magazin\/camper-apps-fuer-den-wohnmobil-urlaub\/\"><strong>Camper-Apps<\/strong><\/a>\u00a0herunter, die Ihnen Ihren Urlaub erleichtern k\u00f6nnten.<\/li>\n<li>F\u00fcr den Fall der F\u00e4lle ist neben einer\u00a0<strong>Routen-App<\/strong>\u00a0auch eine gute alte Landkarte empfehlenswert.<\/li>\n<li>Um die herrlichen Panoramen der italienischen St\u00e4dte und Naturlandschaften festhalten zu k\u00f6nnen, empfiehlt sich dar\u00fcber hinaus ein\u00a0<strong>Fotoapparat<\/strong>.<\/li>\n<\/ul>\n<\/div><\/section><\/div><div  class='avia-button-wrap av-ju2eusip-8f14bff7b05d3be95d1ce04ea4284478-wrap avia-button-center  avia-builder-el-41  el_after_av_one_full  avia-builder-el-last '><a href='https:\/\/www.tuicamper.com\/reiseziele\/europa\/italien\/'  class='avia-button av-ju2eusip-8f14bff7b05d3be95d1ce04ea4284478 av-link-btn avia-icon_select-yes-right-icon avia-size-large avia-position-center avia-color-theme-color'   aria-label=\"Jetzt Wohnmobil mieten f\u00fcr Italien\"><span class='avia_iconbox_title' >Jetzt Wohnmobil mieten f\u00fcr Italien<\/span><span class='avia_button_icon avia_button_icon_right avia-iconfont avia-font-entypo-fontello' data-av_icon='\ue875' data-av_iconfont='entypo-fontello' ><\/span><\/a><\/div>\n\n<\/div><\/div><\/div><!-- close content main div --><\/div><\/div><div id='av_section_16'  class='avia-section av-jt5vrdgv-4386718e65b314e69682ca60ae604601 main_color avia-section-default avia-no-border-styling  avia-builder-el-42  el_after_av_section  avia-builder-el-last  reduced-content avia-bg-style-scroll container_wrap sidebar_right'  ><div class='container av-section-cont-open' ><div class='template-page content  av-content-small alpha units'><div class='post-entry post-entry-type-page post-entry-1056'><div class='entry-content-wrapper clearfix'>\n\n<style type=\"text\/css\" data-created_by=\"avia_inline_auto\" id=\"style-css-av-1g5aou-6e8505d9de1136ce38f66b0d0e5d2a36\">\n.flex_column.av-1g5aou-6e8505d9de1136ce38f66b0d0e5d2a36{\nborder-radius:0px 0px 0px 0px;\npadding:0px 0px 0px 0px;\n}\n<\/style>\n<div  class='flex_column av-1g5aou-6e8505d9de1136ce38f66b0d0e5d2a36 av_one_full  avia-builder-el-43  el_before_av_social_share  avia-builder-el-first  first flex_column_div av-zero-column-padding  '     ><style type=\"text\/css\" data-created_by=\"avia_inline_auto\" id=\"style-css-av-jt5tjyk0-26a28d0242835cbba60d70517a13c769\">\n#top .av_textblock_section.av-jt5tjyk0-26a28d0242835cbba60d70517a13c769 .avia_textblock{\nfont-size:28px;\n}\n<\/style>\n<section  class='av_textblock_section av-jt5tjyk0-26a28d0242835cbba60d70517a13c769 '   itemscope=\"itemscope\" itemtype=\"https:\/\/schema.org\/BlogPosting\" itemprop=\"blogPost\" ><div class='avia_textblock'  itemprop=\"text\" ><p><strong>Ihr TUI CAMPER-Team w\u00fcnscht Ihnen einen abwechslungsreichen Wohnmobil-Urlaub in Bella Italia!<\/strong><\/p>\n<\/div><\/section><\/div><div  class='av-social-sharing-box av-10zg8-8676a2d54b4a15bbf6c39a1c18f0815b av-social-sharing-box-default  avia-builder-el-45  el_after_av_one_full  avia-builder-el-last  av-social-sharing-box-fullwidth'><div class=\"av-share-box\"><ul class=\"av-share-box-list noLightbox\"><li class='av-share-link av-social-link-facebook avia_social_iconfont' ><a target=\"_blank\" aria-label=\"Teilen auf Facebook\" href='https:\/\/www.facebook.com\/sharer.php?u=https:\/\/www.tuicamper.com\/magazin\/reisetipps-italien\/&#038;t=Reisetipps%20Italien%3A%20Das%20sollten%20Sie%20wissen%20f%C3%BCr%20Ihren%20Camper-Urlaub' data-av_icon='\ue8f3' data-av_iconfont='entypo-fontello'  title='' data-avia-related-tooltip='Teilen auf Facebook'><span class='avia_hidden_link_text'>Teilen auf Facebook<\/span><\/a><\/li><li class='av-share-link av-social-link-twitter avia_social_iconfont' ><a target=\"_blank\" aria-label=\"Teilen auf X\" href='https:\/\/twitter.com\/share?text=Reisetipps%20Italien%3A%20Das%20sollten%20Sie%20wissen%20f%C3%BCr%20Ihren%20Camper-Urlaub&#038;url=https:\/\/www.tuicamper.com\/magazin\/reisetipps-italien\/' data-av_icon='\ue932' data-av_iconfont='entypo-fontello'  title='' data-avia-related-tooltip='Teilen auf X'><span class='avia_hidden_link_text'>Teilen auf X<\/span><\/a><\/li><li class='av-share-link av-social-link-whatsapp avia_social_iconfont' ><a target=\"_blank\" aria-label=\"Teilen auf WhatsApp\" href='https:\/\/api.whatsapp.com\/send?text=https:\/\/www.tuicamper.com\/magazin\/reisetipps-italien\/' data-av_icon='\uf232' data-av_iconfont='entypo-fontello'  title='' data-avia-related-tooltip='Teilen auf WhatsApp'><span class='avia_hidden_link_text'>Teilen auf WhatsApp<\/span><\/a><\/li><li class='av-share-link av-social-link-pinterest avia_social_iconfont' ><a target=\"_blank\" aria-label=\"Teilen auf Pinterest\" href='https:\/\/pinterest.com\/pin\/create\/button\/?url=https%3A%2F%2Fwww.tuicamper.com%2Fmagazin%2Freisetipps-italien%2F&#038;description=Reisetipps%20Italien%3A%20Das%20sollten%20Sie%20wissen%20f%C3%BCr%20Ihren%20Camper-Urlaub&#038;media=https%3A%2F%2Fwww.tuicamper.com%2Fwp-docker%2Fwp-content%2Fuploads%2F2019%2F04%2Freisetipps-italien-705x269.jpg' data-av_icon='\ue8f8' data-av_iconfont='entypo-fontello'  title='' data-avia-related-tooltip='Teilen auf Pinterest'><span class='avia_hidden_link_text'>Teilen auf Pinterest<\/span><\/a><\/li><li class='av-share-link av-social-link-mail avia_social_iconfont' ><a  aria-label=\"Per E-Mail teilen\" href='mailto:?subject=Reisetipps%20Italien%3A%20Das%20sollten%20Sie%20wissen%20f%C3%BCr%20Ihren%20Camper-Urlaub&#038;body=https:\/\/www.tuicamper.com\/magazin\/reisetipps-italien\/' data-av_icon='\ue805' data-av_iconfont='entypo-fontello'  title='' data-avia-related-tooltip='Per E-Mail teilen'><span class='avia_hidden_link_text'>Per E-Mail teilen<\/span><\/a><\/li><\/ul><\/div><\/div>\n<\/div><\/div><\/div><!-- close content main div --><\/div><\/div><div id='after_section_16'  class='main_color av_default_container_wrap container_wrap sidebar_right'  ><div class='container av-section-cont-open' ><div class='template-page content  av-content-small alpha units'><div class='post-entry post-entry-type-page post-entry-1056'><div class='entry-content-wrapper clearfix'>\n","protected":false},"excerpt":{"rendered":"<p>Italien bietet Campern etliche Kultur-Highlights und atemberaubende Landschaften. Lesen Sie hier die besten Tipps f\u00fcr Ihre erste Camper-Reise nach Italien!<\/p>\n","protected":false},"author":3,"featured_media":1851,"comment_status":"open","ping_status":"open","sticky":false,"template":"","format":"standard","meta":{"footnotes":""},"categories":[8],"tags":[47,69],"class_list":["post-1056","post","type-post","status-publish","format-standard","has-post-thumbnail","hentry","category-reiselaender","tag-grundlagen","tag-italien"],"yoast_head":"<!-- This site is optimized with the Yoast SEO plugin v27.4 - https:\/\/yoast.com\/product\/yoast-seo-wordpress\/ -->\n<title>Reisetipps Italien: Das sollten Sie wissen f\u00fcr Ihren Camper-Urlaub<\/title>\n<meta name=\"description\" content=\"Italien bietet Campern etliche Kultur-Highlights und atemberaubende Landschaften. Lesen Sie hier die besten Tipps f\u00fcr Ihre erste Camper-Reise nach Italien!\" \/>\n<meta name=\"robots\" content=\"index, follow, max-snippet:-1, max-image-preview:large, max-video-preview:-1\" \/>\n<link rel=\"canonical\" href=\"https:\/\/www.tuicamper.com\/magazin\/reisetipps-italien\/\" \/>\n<meta property=\"og:locale\" content=\"de_DE\" \/>\n<meta property=\"og:type\" content=\"article\" \/>\n<meta property=\"og:title\" content=\"Reisetipps Italien: Das sollten Sie wissen f\u00fcr Ihren Camper-Urlaub\" \/>\n<meta property=\"og:description\" content=\"Italien bietet Campern etliche Kultur-Highlights und atemberaubende Landschaften. Lesen Sie hier die besten Tipps f\u00fcr Ihre erste Camper-Reise nach Italien!\" \/>\n<meta property=\"og:url\" content=\"https:\/\/www.tuicamper.com\/magazin\/reisetipps-italien\/\" \/>\n<meta property=\"og:site_name\" content=\"TUI Camper Magazin\" \/>\n<meta property=\"article:published_time\" content=\"2019-04-25T07:17:32+00:00\" \/>\n<meta property=\"article:modified_time\" content=\"2022-05-12T08:13:32+00:00\" \/>\n<meta property=\"og:image\" content=\"https:\/\/www.tuicamper.com\/wp-docker\/wp-content\/uploads\/2019\/04\/reisetipps-italien.jpg\" \/>\n\t<meta property=\"og:image:width\" content=\"1310\" \/>\n\t<meta property=\"og:image:height\" content=\"500\" \/>\n\t<meta property=\"og:image:type\" content=\"image\/jpeg\" \/>\n<meta name=\"author\" content=\"S\u00f6ren Cortekar\" \/>\n<meta name=\"twitter:card\" content=\"summary_large_image\" \/>\n<meta name=\"twitter:label1\" content=\"Verfasst von\" \/>\n\t<meta name=\"twitter:data1\" content=\"S\u00f6ren Cortekar\" \/>\n\t<meta name=\"twitter:label2\" content=\"Gesch\u00e4tzte Lesezeit\" \/>\n\t<meta name=\"twitter:data2\" content=\"24\u00a0Minuten\" \/>\n<!-- \/ Yoast SEO plugin. -->","yoast_head_json":{"title":"Reisetipps Italien: Das sollten Sie wissen f\u00fcr Ihren Camper-Urlaub","description":"Italien bietet Campern etliche Kultur-Highlights und atemberaubende Landschaften. Lesen Sie hier die besten Tipps f\u00fcr Ihre erste Camper-Reise nach Italien!","robots":{"index":"index","follow":"follow","max-snippet":"max-snippet:-1","max-image-preview":"max-image-preview:large","max-video-preview":"max-video-preview:-1"},"canonical":"https:\/\/www.tuicamper.com\/magazin\/reisetipps-italien\/","og_locale":"de_DE","og_type":"article","og_title":"Reisetipps Italien: Das sollten Sie wissen f\u00fcr Ihren Camper-Urlaub","og_description":"Italien bietet Campern etliche Kultur-Highlights und atemberaubende Landschaften. Lesen Sie hier die besten Tipps f\u00fcr Ihre erste Camper-Reise nach Italien!","og_url":"https:\/\/www.tuicamper.com\/magazin\/reisetipps-italien\/","og_site_name":"TUI Camper Magazin","article_published_time":"2019-04-25T07:17:32+00:00","article_modified_time":"2022-05-12T08:13:32+00:00","og_image":[{"width":1310,"height":500,"url":"https:\/\/www.tuicamper.com\/wp-docker\/wp-content\/uploads\/2019\/04\/reisetipps-italien.jpg","type":"image\/jpeg"}],"author":"S\u00f6ren Cortekar","twitter_card":"summary_large_image","twitter_misc":{"Verfasst von":"S\u00f6ren Cortekar","Gesch\u00e4tzte Lesezeit":"24\u00a0Minuten"},"schema":{"@context":"https:\/\/schema.org","@graph":[{"@type":"Article","@id":"https:\/\/www.tuicamper.com\/magazin\/reisetipps-italien\/#article","isPartOf":{"@id":"https:\/\/www.tuicamper.com\/magazin\/reisetipps-italien\/"},"author":{"name":"S\u00f6ren Cortekar","@id":"https:\/\/www.tuicamper.com\/wp-docker\/#\/schema\/person\/a9ad15b73e3b6169a6c4a794a58d1ea6"},"headline":"Reisetipps Italien: Das sollten Sie wissen f\u00fcr Ihren Camper-Urlaub","datePublished":"2019-04-25T07:17:32+00:00","dateModified":"2022-05-12T08:13:32+00:00","mainEntityOfPage":{"@id":"https:\/\/www.tuicamper.com\/magazin\/reisetipps-italien\/"},"wordCount":3988,"commentCount":0,"image":{"@id":"https:\/\/www.tuicamper.com\/magazin\/reisetipps-italien\/#primaryimage"},"thumbnailUrl":"https:\/\/www.tuicamper.com\/wp-docker\/wp-content\/uploads\/2019\/04\/reisetipps-italien.jpg","keywords":["Grundlagen","Italien"],"articleSection":["Reisel\u00e4nder"],"inLanguage":"de","potentialAction":[{"@type":"CommentAction","name":"Comment","target":["https:\/\/www.tuicamper.com\/magazin\/reisetipps-italien\/#respond"]}]},{"@type":"WebPage","@id":"https:\/\/www.tuicamper.com\/magazin\/reisetipps-italien\/","url":"https:\/\/www.tuicamper.com\/magazin\/reisetipps-italien\/","name":"Reisetipps Italien: Das sollten Sie wissen f\u00fcr Ihren Camper-Urlaub","isPartOf":{"@id":"https:\/\/www.tuicamper.com\/#website"},"primaryImageOfPage":{"@id":"https:\/\/www.tuicamper.com\/magazin\/reisetipps-italien\/#primaryimage"},"image":{"@id":"https:\/\/www.tuicamper.com\/magazin\/reisetipps-italien\/#primaryimage"},"thumbnailUrl":"https:\/\/www.tuicamper.com\/wp-content\/uploads\/2019\/04\/reisetipps-italien.jpg","datePublished":"2019-04-25T07:17:32+00:00","dateModified":"2022-05-12T08:13:32+00:00","author":{"@id":"https:\/\/www.tuicamper.com\/#\/schema\/person\/a9ad15b73e3b6169a6c4a794a58d1ea6"},"description":"Italien bietet Campern etliche Kultur-Highlights und atemberaubende Landschaften. Lesen Sie hier die besten Tipps f\u00fcr Ihre erste Camper-Reise nach Italien!","breadcrumb":{"@id":"https:\/\/www.tuicamper.com\/magazin\/reisetipps-italien\/#breadcrumb"},"inLanguage":"de","potentialAction":["Array"]},{"@type":"ImageObject","inLanguage":"de","@id":"https:\/\/www.tuicamper.com\/magazin\/reisetipps-italien\/#primaryimage","url":"https:\/\/www.tuicamper.com\/wp-docker\/wp-content\/uploads\/2019\/04\/reisetipps-italien.jpg","contentUrl":"https:\/\/www.tuicamper.com\/wp-docker\/wp-content\/uploads\/2019\/04\/reisetipps-italien.jpg","width":1310,"height":500,"caption":"Reisetipps Italien"},{"@type":"BreadcrumbList","@id":"https:\/\/www.tuicamper.com\/magazin\/reisetipps-italien\/#breadcrumb","itemListElement":[{"@type":"ListItem","position":1,"name":"Startseite","item":"https:\/\/www.tuicamper.com\/wp-docker\/"},{"@type":"ListItem","position":2,"name":"Reisetipps Italien: Das sollten Sie wissen f\u00fcr Ihren Camper-Urlaub"}]},{"@type":"WebSite","@id":"https:\/\/www.tuicamper.com\/#website","url":"https:\/\/www.tuicamper.com\/","name":"TUI Camper Magazin","description":"","potentialAction":["Array"],"inLanguage":"de"},{"@type":"Person","@id":"https:\/\/www.tuicamper.com\/wp-docker\/#\/schema\/person\/a9ad15b73e3b6169a6c4a794a58d1ea6","name":"S\u00f6ren Cortekar","image":{"@type":"ImageObject","inLanguage":"de","@id":"https:\/\/secure.gravatar.com\/avatar\/399f9c9096d84e9147b61735bfa53689fd2add8aa9c074669869e4c106f7df59?s=96&d=mm&r=g","url":"https:\/\/secure.gravatar.com\/avatar\/399f9c9096d84e9147b61735bfa53689fd2add8aa9c074669869e4c106f7df59?s=96&d=mm&r=g","contentUrl":"https:\/\/secure.gravatar.com\/avatar\/399f9c9096d84e9147b61735bfa53689fd2add8aa9c074669869e4c106f7df59?s=96&d=mm&r=g","caption":"S\u00f6ren Cortekar"},"url":"https:\/\/www.tuicamper.com\/wp-docker\/magazin\/author\/soeren-cortekar\/"}]}},"_links":{"self":[{"href":"https:\/\/www.tuicamper.com\/wp-docker\/wp-json\/wp\/v2\/posts\/1056","targetHints":{"allow":["GET"]}}],"collection":[{"href":"https:\/\/www.tuicamper.com\/wp-docker\/wp-json\/wp\/v2\/posts"}],"about":[{"href":"https:\/\/www.tuicamper.com\/wp-docker\/wp-json\/wp\/v2\/types\/post"}],"author":[{"embeddable":true,"href":"https:\/\/www.tuicamper.com\/wp-docker\/wp-json\/wp\/v2\/users\/3"}],"replies":[{"embeddable":true,"href":"https:\/\/www.tuicamper.com\/wp-docker\/wp-json\/wp\/v2\/comments?post=1056"}],"version-history":[{"count":10,"href":"https:\/\/www.tuicamper.com\/wp-docker\/wp-json\/wp\/v2\/posts\/1056\/revisions"}],"predecessor-version":[{"id":12548,"href":"https:\/\/www.tuicamper.com\/wp-docker\/wp-json\/wp\/v2\/posts\/1056\/revisions\/12548"}],"wp:featuredmedia":[{"embeddable":true,"href":"https:\/\/www.tuicamper.com\/wp-docker\/wp-json\/wp\/v2\/media\/1851"}],"wp:attachment":[{"href":"https:\/\/www.tuicamper.com\/wp-docker\/wp-json\/wp\/v2\/media?parent=1056"}],"wp:term":[{"taxonomy":"category","embeddable":true,"href":"https:\/\/www.tuicamper.com\/wp-docker\/wp-json\/wp\/v2\/categories?post=1056"},{"taxonomy":"post_tag","embeddable":true,"href":"https:\/\/www.tuicamper.com\/wp-docker\/wp-json\/wp\/v2\/tags?post=1056"}],"curies":[{"name":"wp","href":"https:\/\/api.w.org\/{rel}","templated":true}]}}