{"id":1040,"date":"2019-04-16T15:10:43","date_gmt":"2019-04-16T13:10:43","guid":{"rendered":"https:\/\/www.tuicamper.com\/wp-docker\/?p=1040"},"modified":"2019-05-03T11:12:45","modified_gmt":"2019-05-03T09:12:45","slug":"portugal-highlights","status":"publish","type":"post","link":"https:\/\/www.tuicamper.com\/magazin\/portugal-highlights\/","title":{"rendered":"Portugal Sehensw\u00fcrdigkeiten: 10 Highlights f\u00fcr einen Camper-Roadtrip"},"content":{"rendered":"<div id='av_section_1'  class='avia-section av-jt5vrdgv-4386718e65b314e69682ca60ae604601 main_color avia-section-default avia-no-border-styling  avia-builder-el-0  el_before_av_textblock  avia-builder-el-first  reduced-content avia-bg-style-scroll container_wrap sidebar_right'  ><div class='container av-section-cont-open' ><main  role=\"main\" itemprop=\"mainContentOfPage\"  class='template-page content  av-content-small alpha units'><div class='post-entry post-entry-type-page post-entry-1040'><div class='entry-content-wrapper clearfix'>\n\n<style type=\"text\/css\" data-created_by=\"avia_inline_auto\" id=\"style-css-av-1g5aou-6e8505d9de1136ce38f66b0d0e5d2a36\">\n.flex_column.av-1g5aou-6e8505d9de1136ce38f66b0d0e5d2a36{\nborder-radius:0px 0px 0px 0px;\npadding:0px 0px 0px 0px;\n}\n<\/style>\n<div  class='flex_column av-1g5aou-6e8505d9de1136ce38f66b0d0e5d2a36 av_one_full  avia-builder-el-1  avia-builder-el-no-sibling  first flex_column_div av-zero-column-padding  '     ><section  class='av_textblock_section av-jt5tjyk0-1e04ddf86ca9bd8201b4b17bbb4a6491 '   itemscope=\"itemscope\" itemtype=\"https:\/\/schema.org\/BlogPosting\" itemprop=\"blogPost\" ><div class='avia_textblock'  itemprop=\"text\" ><p>Seien es die feinsandigen Str\u00e4nde der Algarve, das nostalgische Flair Portos, die kulturelle Vielfalt Lissabons, der spektakul\u00e4re Ausblick vom westlichsten Punkt Europas oder die pr\u00e4chtigen Pal\u00e4ste der Kulturlandschaft Sintra: Portugal geizt nicht mit Highlights. Hier kommen Wohnmobil-Reisende aller Couleur auf ihre Kosten. Wir zeigen Ihnen, welche zehn Highlights Sie im Rahmen Ihrer\u00a0<a href=\"https:\/\/www.tuicamper.com\/reiseziele\/europa\/portugal\/\">Camper-Tour durch Portugal<\/a>\u00a0nicht verpassen d\u00fcrften!<\/p>\n<\/div><\/section><\/div>\n<\/div><\/div><\/main><!-- close content main element --><\/div><\/div><div id='after_section_1'  class='main_color av_default_container_wrap container_wrap sidebar_right'  ><div class='container av-section-cont-open' ><div class='template-page content  av-content-small alpha units'><div class='post-entry post-entry-type-page post-entry-1040'><div class='entry-content-wrapper clearfix'>\n<section  class='av_textblock_section av-jtpqpty6-550c066a997ebaf648fccc87d0b9ff16 '   itemscope=\"itemscope\" itemtype=\"https:\/\/schema.org\/BlogPosting\" itemprop=\"blogPost\" ><div class='avia_textblock'  itemprop=\"text\" >\n<\/div><\/section>\n<\/div><\/div><\/div><!-- close content main div --><\/div><\/div><div id='av_section_2'  class='avia-section av-jt5vrdgv-4386718e65b314e69682ca60ae604601 main_color avia-section-default avia-no-border-styling  avia-builder-el-4  el_after_av_textblock  el_before_av_section  reduced-content avia-bg-style-scroll container_wrap sidebar_right'  ><div class='container av-section-cont-open' ><div class='template-page content  av-content-small alpha units'><div class='post-entry post-entry-type-page post-entry-1040'><div class='entry-content-wrapper clearfix'>\n<section  class='av_textblock_section av-jt5tjyk0-1e04ddf86ca9bd8201b4b17bbb4a6491 '   itemscope=\"itemscope\" itemtype=\"https:\/\/schema.org\/BlogPosting\" itemprop=\"blogPost\" ><div class='avia_textblock'  itemprop=\"text\" ><div id=\"js-table-of-contents\">\r\n    <strong>Inhaltsverzeichnis<\/strong>\r\n<\/div>\n<\/div><\/section>\n\n<\/div><\/div><\/div><!-- close content main div --><\/div><\/div><div id='av_section_3'  class='avia-section av-jt5vrdgv-aaa57a0ec80f3287d16e73c9693d5a37 main_color avia-section-default avia-no-border-styling  avia-builder-el-6  el_after_av_section  el_before_av_section  reduced-content av-mini-hide avia-bg-style-scroll container_wrap sidebar_right'  ><div class='container av-section-cont-open' ><div class='template-page content  av-content-small alpha units'><div class='post-entry post-entry-type-page post-entry-1040'><div class='entry-content-wrapper clearfix'>\n\n\n<\/div><\/div><\/div><!-- close content main div --><\/div><\/div><div id='av_section_4'  class='avia-section av-jt5vrdgv-4386718e65b314e69682ca60ae604601 main_color avia-section-default avia-no-border-styling  avia-builder-el-8  el_after_av_section  el_before_av_section  reduced-content avia-bg-style-scroll container_wrap sidebar_right'  ><div class='container av-section-cont-open' ><div class='template-page content  av-content-small alpha units'><div class='post-entry post-entry-type-page post-entry-1040'><div class='entry-content-wrapper clearfix'>\n\n<style type=\"text\/css\" data-created_by=\"avia_inline_auto\" id=\"style-css-av-1g5aou-6e8505d9de1136ce38f66b0d0e5d2a36\">\n.flex_column.av-1g5aou-6e8505d9de1136ce38f66b0d0e5d2a36{\nborder-radius:0px 0px 0px 0px;\npadding:0px 0px 0px 0px;\n}\n<\/style>\n<div  class='flex_column av-1g5aou-6e8505d9de1136ce38f66b0d0e5d2a36 av_one_full  avia-builder-el-9  avia-builder-el-no-sibling  first flex_column_div av-zero-column-padding  '     ><section  class='av_textblock_section av-jt5tjyk0-1e04ddf86ca9bd8201b4b17bbb4a6491 '   itemscope=\"itemscope\" itemtype=\"https:\/\/schema.org\/BlogPosting\" itemprop=\"blogPost\" ><div class='avia_textblock'  itemprop=\"text\" ><h2>1.) Lissabon: Das kulturelle Zentrum Portugals ist ein absolutes Must-See<\/h2>\n<p>Keine Frage, ein Besuch Lissabons geh\u00f6rt zu den absoluten Highlights eines jeden Portugal-Trips. Die pastellfarbenen H\u00e4user und engen Gassen der Altstadt verspr\u00fchen einen unwiderstehlichen Charme, w\u00e4hrend opulente Bauwerke wie das im Emanuelstil errichtete Hieronymuskloster Wohnmobil-Reisende und Touristen aus aller Welt in ehrf\u00fcrchtiges Staunen versetzt.<\/p>\n<p><b>Tipp<\/b>: Jede\u00a0<a href=\"https:\/\/www.tuicamper.com\/reiseziele\/europa\/portugal\/lissabon\/\">Lissabon-Tour<\/a>\u00a0ist unvollst\u00e4ndig, wenn Sie nicht mindestens einmal die ber\u00fchmten\u00a0<a href=\"http:\/\/www.spiegel.de\/reise\/staedte\/lissabon-das-geheimnis-der-pasteis-de-belem-a-1033196.html\" target=\"_blank\" rel=\"noopener noreferrer\">Past\u00e9is de Bel\u00e9m<\/a>\u00a0im Stadtteil Bel\u00e9m gekostet haben. Zwar gibt es als Past\u00e9is de Nata in ganz Portugal eine Variation der knusprig-s\u00fc\u00dfen Geb\u00e4ckst\u00fccke zu kaufen. Die originalen Past\u00e9is de Bel\u00e9m gibt es jedoch nur in Lissabon. Lediglich drei Konditoren des Stadtteils kennen das unverwechselbare Originalrezept \u2013 und h\u00fcten es wie ihren Augapfel<\/p>\n<\/div><\/section><\/div>\n\n<\/div><\/div><\/div><!-- close content main div --><\/div><\/div><div id='av_section_5'  class='avia-section av-b7gvl-1eb57de5f7b7a94c40602e8cf977ebb0 main_color avia-section-default avia-no-border-styling  avia-builder-el-11  el_after_av_section  el_before_av_section  reduced-content avia-bg-style-scroll container_wrap sidebar_right'  ><div class='container av-section-cont-open' ><div class='template-page content  av-content-small alpha units'><div class='post-entry post-entry-type-page post-entry-1040'><div class='entry-content-wrapper clearfix'>\n\n<style type=\"text\/css\" data-created_by=\"avia_inline_auto\" id=\"style-css-av-jtplvt5k-6104e843040f651a9824b3ae68a240af\">\n.avia-image-container.av-jtplvt5k-6104e843040f651a9824b3ae68a240af img.avia_image{\nbox-shadow:none;\n}\n.avia-image-container.av-jtplvt5k-6104e843040f651a9824b3ae68a240af .av-caption-image-overlay-bg{\nopacity:0.4;\nbackground-color:#000000;\n}\n.avia-image-container.av-jtplvt5k-6104e843040f651a9824b3ae68a240af .av-image-caption-overlay-center{\ncolor:#ffffff;\n}\n<\/style>\n<div  class='avia-image-container av-jtplvt5k-6104e843040f651a9824b3ae68a240af av-styling- av-img-linked avia_animated_image av-animated-when-visible-95 fade-in avia-align-center  avia-builder-el-12  avia-builder-el-no-sibling  noHover av-overlay-on-hover'   itemprop=\"image\" itemscope=\"itemscope\" itemtype=\"https:\/\/schema.org\/ImageObject\" ><div class=\"avia-image-container-inner\"><div class=\"avia-image-overlay-wrap\"><a href=\"https:\/\/www.tuicamper.com\/wp-docker\/wp-content\/uploads\/2019\/04\/lissabon-strassenbahn-1030x682.jpg\" data-srcset=\"https:\/\/www.tuicamper.com\/wp-docker\/wp-content\/uploads\/2019\/04\/lissabon-strassenbahn-1030x682.jpg 1030w, https:\/\/www.tuicamper.com\/wp-docker\/wp-content\/uploads\/2019\/04\/lissabon-strassenbahn-300x199.jpg 300w, https:\/\/www.tuicamper.com\/wp-docker\/wp-content\/uploads\/2019\/04\/lissabon-strassenbahn-768x508.jpg 768w, https:\/\/www.tuicamper.com\/wp-docker\/wp-content\/uploads\/2019\/04\/lissabon-strassenbahn-705x467.jpg 705w, https:\/\/www.tuicamper.com\/wp-docker\/wp-content\/uploads\/2019\/04\/lissabon-strassenbahn-450x298.jpg 450w, https:\/\/www.tuicamper.com\/wp-docker\/wp-content\/uploads\/2019\/04\/lissabon-strassenbahn.jpg 1280w\" data-sizes=\"(max-width: 1030px) 100vw, 1030px\" class='avia_image '  aria-label='Lissabon Stra\u00dfenbahn'><div class=\"av-image-caption-overlay\"><div class=\"av-caption-image-overlay-bg\"><\/div><div class=\"av-image-caption-overlay-position\"><div class=\"av-image-caption-overlay-center\"><p>Die Stra\u00dfenbahn von Lissabon<\/p>\n<\/div><\/div><\/div><img decoding=\"async\" fetchpriority=\"high\" class='wp-image-1398 avia-img-lazy-loading-not-1398 avia_image ' src=\"https:\/\/www.tuicamper.com\/wp-docker\/wp-content\/uploads\/2019\/04\/lissabon-strassenbahn-1280x630.jpg\" alt='Die Stra\u00dfenbahn von Lissabon' title='Lissabon Stra\u00dfenbahn'  height=\"630\" width=\"1280\"  itemprop=\"thumbnailUrl\"  \/><\/a><\/div><\/div><\/div>\n\n<\/div><\/div><\/div><!-- close content main div --><\/div><\/div><div id='av_section_6'  class='avia-section av-jt5vrdgv-4386718e65b314e69682ca60ae604601 main_color avia-section-default avia-no-border-styling  avia-builder-el-13  el_after_av_section  el_before_av_section  reduced-content avia-bg-style-scroll container_wrap sidebar_right'  ><div class='container av-section-cont-open' ><div class='template-page content  av-content-small alpha units'><div class='post-entry post-entry-type-page post-entry-1040'><div class='entry-content-wrapper clearfix'>\n\n<style type=\"text\/css\" data-created_by=\"avia_inline_auto\" id=\"style-css-av-1g5aou-6e8505d9de1136ce38f66b0d0e5d2a36\">\n.flex_column.av-1g5aou-6e8505d9de1136ce38f66b0d0e5d2a36{\nborder-radius:0px 0px 0px 0px;\npadding:0px 0px 0px 0px;\n}\n<\/style>\n<div  class='flex_column av-1g5aou-6e8505d9de1136ce38f66b0d0e5d2a36 av_one_full  avia-builder-el-14  avia-builder-el-no-sibling  first flex_column_div av-zero-column-padding  '     ><section  class='av_textblock_section av-jt5tjyk0-1e04ddf86ca9bd8201b4b17bbb4a6491 '   itemscope=\"itemscope\" itemtype=\"https:\/\/schema.org\/BlogPosting\" itemprop=\"blogPost\" ><div class='avia_textblock'  itemprop=\"text\" ><h2>2.) Die Algarve: Traumstr\u00e4nde vor kuriosen Felsformationen<\/h2>\n<p>Im S\u00fcden Portugals erstreckt sich die ber\u00fchmte Algarve. Das Panorama an der Landzunge Ponta da Piedade gilt dabei schon fast als stellvertretend f\u00fcr die Sch\u00f6nheit der Algarve. Die versteckten Buchten, kleine Sandstr\u00e4nde und die ver\u00e4stelte Felsklippenlandschaft vor dem t\u00fcrkisblauen Wasser ziehen zahlreiche Touristen an. Wer die K\u00fcstenregion mit dem Wohnmobil durchquert, wird \u00fcberrascht feststellen: Nahezu jeder feinsandige, fast perfekt wirkende, Strand kann vom n\u00e4chsten Traumstrand noch \u00fcbertroffen werden. Die malerischen K\u00fcstend\u00f6rfer mit ihren gastfreundlichen Bewohnern laden dagegen zum Spazieren und Erkunden ein.<\/p>\n<\/div><\/section><\/div>\n\n<\/div><\/div><\/div><!-- close content main div --><\/div><\/div><div id='av_section_7'  class='avia-section av-b7gvl-1eb57de5f7b7a94c40602e8cf977ebb0 main_color avia-section-default avia-no-border-styling  avia-builder-el-16  el_after_av_section  el_before_av_section  reduced-content avia-bg-style-scroll container_wrap sidebar_right'  ><div class='container av-section-cont-open' ><div class='template-page content  av-content-small alpha units'><div class='post-entry post-entry-type-page post-entry-1040'><div class='entry-content-wrapper clearfix'>\n\n<style type=\"text\/css\" data-created_by=\"avia_inline_auto\" id=\"style-css-av-jtplvt5k-44fc3c5bd12e27d8b6f07b1ff5f9c5a7\">\n.avia-image-container.av-jtplvt5k-44fc3c5bd12e27d8b6f07b1ff5f9c5a7 img.avia_image{\nbox-shadow:none;\n}\n.avia-image-container.av-jtplvt5k-44fc3c5bd12e27d8b6f07b1ff5f9c5a7 .av-caption-image-overlay-bg{\nopacity:0.4;\nbackground-color:#000000;\n}\n.avia-image-container.av-jtplvt5k-44fc3c5bd12e27d8b6f07b1ff5f9c5a7 .av-image-caption-overlay-center{\ncolor:#ffffff;\n}\n<\/style>\n<div  class='avia-image-container av-jtplvt5k-44fc3c5bd12e27d8b6f07b1ff5f9c5a7 av-styling- av-img-linked avia_animated_image av-animated-when-visible-95 fade-in avia-align-center  avia-builder-el-17  avia-builder-el-no-sibling  noHover av-overlay-on-hover'   itemprop=\"image\" itemscope=\"itemscope\" itemtype=\"https:\/\/schema.org\/ImageObject\" ><div class=\"avia-image-container-inner\"><div class=\"avia-image-overlay-wrap\"><a href=\"https:\/\/www.tuicamper.com\/wp-docker\/wp-content\/uploads\/2019\/04\/sonnenuntergang-algarve-1030x652.jpg\" data-srcset=\"https:\/\/www.tuicamper.com\/wp-docker\/wp-content\/uploads\/2019\/04\/sonnenuntergang-algarve-1030x652.jpg 1030w, https:\/\/www.tuicamper.com\/wp-docker\/wp-content\/uploads\/2019\/04\/sonnenuntergang-algarve-300x190.jpg 300w, https:\/\/www.tuicamper.com\/wp-docker\/wp-content\/uploads\/2019\/04\/sonnenuntergang-algarve-768x486.jpg 768w, https:\/\/www.tuicamper.com\/wp-docker\/wp-content\/uploads\/2019\/04\/sonnenuntergang-algarve-705x446.jpg 705w, https:\/\/www.tuicamper.com\/wp-docker\/wp-content\/uploads\/2019\/04\/sonnenuntergang-algarve-450x285.jpg 450w, https:\/\/www.tuicamper.com\/wp-docker\/wp-content\/uploads\/2019\/04\/sonnenuntergang-algarve.jpg 1280w\" data-sizes=\"(max-width: 1030px) 100vw, 1030px\" class='avia_image '  aria-label='Sonnenuntergang an der Algarve'><div class=\"av-image-caption-overlay\"><div class=\"av-caption-image-overlay-bg\"><\/div><div class=\"av-image-caption-overlay-position\"><div class=\"av-image-caption-overlay-center\"><p>Sonnenuntergang an der Algarve<\/p>\n<\/div><\/div><\/div><img decoding=\"async\" fetchpriority=\"high\" class='wp-image-1399 avia-img-lazy-loading-not-1399 avia_image ' src=\"https:\/\/www.tuicamper.com\/wp-docker\/wp-content\/uploads\/2019\/04\/sonnenuntergang-algarve-1280x630.jpg\" alt='Sonnenuntergang an der Algarve' title='Sonnenuntergang an der Algarve'  height=\"630\" width=\"1280\"  itemprop=\"thumbnailUrl\"  \/><\/a><\/div><\/div><\/div>\n\n<\/div><\/div><\/div><!-- close content main div --><\/div><\/div><div id='av_section_8'  class='avia-section av-jt5vrdgv-4386718e65b314e69682ca60ae604601 main_color avia-section-default avia-no-border-styling  avia-builder-el-18  el_after_av_section  el_before_av_section  reduced-content avia-bg-style-scroll container_wrap sidebar_right'  ><div class='container av-section-cont-open' ><div class='template-page content  av-content-small alpha units'><div class='post-entry post-entry-type-page post-entry-1040'><div class='entry-content-wrapper clearfix'>\n\n<style type=\"text\/css\" data-created_by=\"avia_inline_auto\" id=\"style-css-av-1g5aou-6e8505d9de1136ce38f66b0d0e5d2a36\">\n.flex_column.av-1g5aou-6e8505d9de1136ce38f66b0d0e5d2a36{\nborder-radius:0px 0px 0px 0px;\npadding:0px 0px 0px 0px;\n}\n<\/style>\n<div  class='flex_column av-1g5aou-6e8505d9de1136ce38f66b0d0e5d2a36 av_one_full  avia-builder-el-19  el_before_av_button  avia-builder-el-first  first flex_column_div av-zero-column-padding  '     ><section  class='av_textblock_section av-jt5tjyk0-1e04ddf86ca9bd8201b4b17bbb4a6491 '   itemscope=\"itemscope\" itemtype=\"https:\/\/schema.org\/BlogPosting\" itemprop=\"blogPost\" ><div class='avia_textblock'  itemprop=\"text\" ><h2>3.) Capela dos Ossos in Faro \u2013 die Kapelle der Toten<\/h2>\n<p><a href=\"https:\/\/www.tuicamper.com\/reiseziele\/europa\/portugal\/faro\/\">Faro<\/a>\u00a0ist nicht nur als administratives Zentrum der Algarve und beliebter Urlaubsort bekannt. Die Stadt beherbergt ein weiteres \u2013 zugegebenerma\u00dfen etwas makabres \u2013 Highlight: die Knochenkapelle Capela dos Ossos. Die 1816 eingeweihte Kapelle wurde aus den Knochen von \u00fcber 1.000 M\u00f6nchen erbaut. Wer sich im Inneren der Kapelle befindet, sp\u00fcrt die stillen Blicke der fast 1.250 Sch\u00e4del auf sich liegen. Ein Highlight der ganz besonderen Art also \u2013 aber zugegebenerma\u00dfen nichts f\u00fcr allzu zart besaitete. \u00dcber dem Eingang der Kapelle steht \u00fcbrigens die mahnende Inschrift: \u201e<i>Halte einen Moment inne, und bedenke, dass du diesen Zustand erreichen wirst.<\/i>\u201c<\/p>\n<\/div><\/section><\/div><div  class='avia-button-wrap av-ju2eusip-e21b6e1e73e06ab8100dfca0fa160d89-wrap avia-button-center  avia-builder-el-21  el_after_av_one_full  avia-builder-el-last '><a href='https:\/\/www.tuicamper.com\/reiseziele\/europa\/portugal\/'  class='avia-button av-ju2eusip-e21b6e1e73e06ab8100dfca0fa160d89 av-link-btn avia-icon_select-yes-right-icon avia-size-large avia-position-center avia-color-theme-color'   aria-label=\"Jetzt Wohnmobil mieten f\u00fcr Portugal\"><span class='avia_iconbox_title' >Jetzt Wohnmobil mieten f\u00fcr Portugal<\/span><span class='avia_button_icon avia_button_icon_right avia-iconfont avia-font-entypo-fontello' data-av_icon='\ue875' data-av_iconfont='entypo-fontello' ><\/span><\/a><\/div>\n\n<\/div><\/div><\/div><!-- close content main div --><\/div><\/div><div id='av_section_9'  class='avia-section av-jt5vrdgv-4386718e65b314e69682ca60ae604601 main_color avia-section-default avia-no-border-styling  avia-builder-el-22  el_after_av_section  el_before_av_section  reduced-content avia-bg-style-scroll container_wrap sidebar_right'  ><div class='container av-section-cont-open' ><div class='template-page content  av-content-small alpha units'><div class='post-entry post-entry-type-page post-entry-1040'><div class='entry-content-wrapper clearfix'>\n\n<style type=\"text\/css\" data-created_by=\"avia_inline_auto\" id=\"style-css-av-1g5aou-6e8505d9de1136ce38f66b0d0e5d2a36\">\n.flex_column.av-1g5aou-6e8505d9de1136ce38f66b0d0e5d2a36{\nborder-radius:0px 0px 0px 0px;\npadding:0px 0px 0px 0px;\n}\n<\/style>\n<div  class='flex_column av-1g5aou-6e8505d9de1136ce38f66b0d0e5d2a36 av_one_full  avia-builder-el-23  avia-builder-el-no-sibling  first flex_column_div av-zero-column-padding  '     ><section  class='av_textblock_section av-jt5tjyk0-1e04ddf86ca9bd8201b4b17bbb4a6491 '   itemscope=\"itemscope\" itemtype=\"https:\/\/schema.org\/BlogPosting\" itemprop=\"blogPost\" ><div class='avia_textblock'  itemprop=\"text\" ><h2>4.) Sagres: traumhaftes Surferparadies<\/h2>\n<p>Wenn es so etwas wie das europ\u00e4ische\u00a0<a href=\"https:\/\/www.tuicamper.com\/magazin\/surfspots-europa\/\">Eldorado f\u00fcr Surfer<\/a>\u00a0gibt, dann liegt es im portugiesischen Sagres. Inmitten eines Naturschutzgebiets gelegen, rollen hier die beeindruckenden Wellen des Atlantiks in Richtung K\u00fcste \u2013 und versetzen Surfer aus aller Welt in Entz\u00fcckung. Wem die hohen Wellen des rauen Atlantiks zu heftig sind, muss nur den Ort durchqueren, um in die sanften Gew\u00e4sser der Algarve einzutauchen.<\/p>\n<p><b>Das Beste<\/b>: Sagres ist trotz seiner ausgezeichneten Lage und den vielen erstklassigen Panoramen \u00fcber die Steilk\u00fcste auf den Atlantik touristisch keineswegs \u00fcberlaufen. Im Gegenteil: Vielen Portugal-Kennern gilt der Ort im S\u00fcdwesten des Landes noch immer als Geheimtipp!<\/p>\n<\/div><\/section><\/div>\n\n<\/div><\/div><\/div><!-- close content main div --><\/div><\/div><div id='av_section_10'  class='avia-section av-b7gvl-1eb57de5f7b7a94c40602e8cf977ebb0 main_color avia-section-default avia-no-border-styling  avia-builder-el-25  el_after_av_section  el_before_av_section  reduced-content avia-bg-style-scroll container_wrap sidebar_right'  ><div class='container av-section-cont-open' ><div class='template-page content  av-content-small alpha units'><div class='post-entry post-entry-type-page post-entry-1040'><div class='entry-content-wrapper clearfix'>\n\n<style type=\"text\/css\" data-created_by=\"avia_inline_auto\" id=\"style-css-av-jtplvt5k-9e41b7865bccf2b6a637e004fc94d0f4\">\n.avia-image-container.av-jtplvt5k-9e41b7865bccf2b6a637e004fc94d0f4 img.avia_image{\nbox-shadow:none;\n}\n.avia-image-container.av-jtplvt5k-9e41b7865bccf2b6a637e004fc94d0f4 .av-caption-image-overlay-bg{\nopacity:0.4;\nbackground-color:#000000;\n}\n.avia-image-container.av-jtplvt5k-9e41b7865bccf2b6a637e004fc94d0f4 .av-image-caption-overlay-center{\ncolor:#ffffff;\n}\n<\/style>\n<div  class='avia-image-container av-jtplvt5k-9e41b7865bccf2b6a637e004fc94d0f4 av-styling- av-img-linked avia_animated_image av-animated-when-visible-95 fade-in avia-align-center  avia-builder-el-26  avia-builder-el-no-sibling  noHover av-overlay-on-hover'   itemprop=\"image\" itemscope=\"itemscope\" itemtype=\"https:\/\/schema.org\/ImageObject\" ><div class=\"avia-image-container-inner\"><div class=\"avia-image-overlay-wrap\"><a href=\"https:\/\/www.tuicamper.com\/wp-docker\/wp-content\/uploads\/2019\/04\/surfer-portugal-1030x686.jpg\" data-srcset=\"https:\/\/www.tuicamper.com\/wp-docker\/wp-content\/uploads\/2019\/04\/surfer-portugal-1030x686.jpg 1030w, https:\/\/www.tuicamper.com\/wp-docker\/wp-content\/uploads\/2019\/04\/surfer-portugal-300x200.jpg 300w, https:\/\/www.tuicamper.com\/wp-docker\/wp-content\/uploads\/2019\/04\/surfer-portugal-768x512.jpg 768w, https:\/\/www.tuicamper.com\/wp-docker\/wp-content\/uploads\/2019\/04\/surfer-portugal-705x470.jpg 705w, https:\/\/www.tuicamper.com\/wp-docker\/wp-content\/uploads\/2019\/04\/surfer-portugal-450x300.jpg 450w, https:\/\/www.tuicamper.com\/wp-docker\/wp-content\/uploads\/2019\/04\/surfer-portugal.jpg 1280w\" data-sizes=\"(max-width: 1030px) 100vw, 1030px\" class='avia_image '  aria-label='Surfer am Strand von Portugal'><div class=\"av-image-caption-overlay\"><div class=\"av-caption-image-overlay-bg\"><\/div><div class=\"av-image-caption-overlay-position\"><div class=\"av-image-caption-overlay-center\"><p>Surfer in Portugal<\/p>\n<\/div><\/div><\/div><img decoding=\"async\" fetchpriority=\"high\" class='wp-image-1161 avia-img-lazy-loading-not-1161 avia_image ' src=\"https:\/\/www.tuicamper.com\/wp-docker\/wp-content\/uploads\/2019\/04\/surfer-portugal-1280x630.jpg\" alt='Surfer am Strand von Portugal' title='Surfer am Strand von Portugal'  height=\"630\" width=\"1280\"  itemprop=\"thumbnailUrl\"  \/><\/a><\/div><\/div><\/div>\n\n<\/div><\/div><\/div><!-- close content main div --><\/div><\/div><div id='av_section_11'  class='avia-section av-jt5vrdgv-4386718e65b314e69682ca60ae604601 main_color avia-section-default avia-no-border-styling  avia-builder-el-27  el_after_av_section  el_before_av_section  reduced-content avia-bg-style-scroll container_wrap sidebar_right'  ><div class='container av-section-cont-open' ><div class='template-page content  av-content-small alpha units'><div class='post-entry post-entry-type-page post-entry-1040'><div class='entry-content-wrapper clearfix'>\n\n<style type=\"text\/css\" data-created_by=\"avia_inline_auto\" id=\"style-css-av-1g5aou-6e8505d9de1136ce38f66b0d0e5d2a36\">\n.flex_column.av-1g5aou-6e8505d9de1136ce38f66b0d0e5d2a36{\nborder-radius:0px 0px 0px 0px;\npadding:0px 0px 0px 0px;\n}\n<\/style>\n<div  class='flex_column av-1g5aou-6e8505d9de1136ce38f66b0d0e5d2a36 av_one_full  avia-builder-el-28  avia-builder-el-no-sibling  first flex_column_div av-zero-column-padding  '     ><section  class='av_textblock_section av-jt5tjyk0-1e04ddf86ca9bd8201b4b17bbb4a6491 '   itemscope=\"itemscope\" itemtype=\"https:\/\/schema.org\/BlogPosting\" itemprop=\"blogPost\" ><div class='avia_textblock'  itemprop=\"text\" ><h2>5.) Sintra: Pal\u00e4ste und Panoramen wie aus dem Bilderbuch<\/h2>\n<p>Nicht ohne Grund wurde die Kulturlandschaft Sintra von der UNESCO in den Rang des Weltkulturerbes erhoben. Alleine die Zahl an ausladenden Burgen, Villen und pr\u00e4chtigen Pal\u00e4sten macht Sintra zu einem absoluten Portugal-Highlight! Bestaunen k\u00f6nnen Camper hier unter anderem:<\/p>\n<ul>\n<li><strong>Pal\u00e1cio Nacional da Pena<\/strong>: Ein im 19. Jahrhundert auf den Ruinen eines ehemaligen Klosters errichtetes Schloss, dessen bunte T\u00fcrme ein absolut unverwechselbares Fotomotiv abgeben. Aber auch der Ausblick vom Palast selbst auf die umliegende Landschaft bis zum Atlantik ist schlicht atemberaubend.<\/li>\n<li><strong>Pal\u00e1cio Nacional de Sintra<\/strong>: Ein ehemaliger k\u00f6niglicher Palast, der sich aus so vielen Baustilen zusammensetzt, dass er fast schon einer architektonischen Collage gleichkommt<\/li>\n<li><strong>Quinta da Regaleira<\/strong>: Das pr\u00e4chtige Anwesen mit seinem verwunschen wirkenden Garten verspr\u00fcht einen fast schon mystischen Charme.<\/li>\n<li><strong>Castelo dos Mouros<\/strong>: Eine im 8. oder 9. Jahrhundert erbaute, ausgedehnte Burganlage, von der aus sich spektakul\u00e4re Panoramen auf die umlegende Landschaft ergeben.<\/li>\n<\/ul>\n<\/div><\/section><\/div>\n\n<\/div><\/div><\/div><!-- close content main div --><\/div><\/div><div id='av_section_12'  class='avia-section av-jt5vrdgv-4386718e65b314e69682ca60ae604601 main_color avia-section-default avia-no-border-styling  avia-builder-el-30  el_after_av_section  el_before_av_section  reduced-content avia-bg-style-scroll container_wrap sidebar_right'  ><div class='container av-section-cont-open' ><div class='template-page content  av-content-small alpha units'><div class='post-entry post-entry-type-page post-entry-1040'><div class='entry-content-wrapper clearfix'>\n\n<style type=\"text\/css\" data-created_by=\"avia_inline_auto\" id=\"style-css-av-juazpu5v-f3b2f071449e26b7f8bcef531176c415\">\n.av-horizontal-gallery.av-juazpu5v-f3b2f071449e26b7f8bcef531176c415{\npadding:4.5% 0px;;\n}\n.av-horizontal-gallery.av-juazpu5v-f3b2f071449e26b7f8bcef531176c415 .av-horizontal-gallery-inner{\npadding-bottom:30%;\n}\n<\/style>\n<div  class='av-horizontal-gallery av-juazpu5v-f3b2f071449e26b7f8bcef531176c415 av-horizontal-gallery-large-gap av-horizontal-gallery-enlarge-effect  avia-builder-el-31  avia-builder-el-no-sibling  av-slideshow-ui av-control-default av-slideshow-manual av-loop-once av-loop-manual-endless av-horizontal-gallery-1' data-slideshow-data=\"{&quot;enlarge&quot;:1.3,&quot;animation&quot;:&quot;slide&quot;,&quot;autoplay&quot;:false,&quot;loop_autoplay&quot;:&quot;once&quot;,&quot;interval&quot;:5,&quot;loop_manual&quot;:&quot;manual-endless&quot;,&quot;autoplay_stopper&quot;:false,&quot;noNavigation&quot;:false,&quot;bg_slider&quot;:false,&quot;keep_padding&quot;:&quot;&quot;,&quot;hoverpause&quot;:false,&quot;show_slide_delay&quot;:0,&quot;initial&quot;:&quot;2&quot;}\"  itemprop=\"image\" itemscope=\"itemscope\" itemtype=\"https:\/\/schema.org\/ImageObject\" ><div class='avia-slideshow-arrows avia-slideshow-controls' ><a href='#prev' class='prev-slide av-horizontal-gallery-prev avia-svg-icon avia-font-svg_entypo-fontello' data-av_svg_icon='left-open-big' data-av_iconset='svg_entypo-fontello' tabindex='-1' title=\"Zur\u00fcck\"><svg version=\"1.1\" xmlns=\"http:\/\/www.w3.org\/2000\/svg\" width=\"15\" height=\"32\" viewBox=\"0 0 15 32\" preserveAspectRatio=\"xMidYMid meet\" aria-labelledby='av-svg-title-1' aria-describedby='av-svg-desc-1' role=\"graphics-symbol\" aria-hidden=\"true\">\n<title id='av-svg-title-1'>Zur\u00fcck<\/title>\n<desc id='av-svg-desc-1'>Zur\u00fcck<\/desc>\n<path d=\"M14.464 27.84q0.832 0.832 0 1.536-0.832 0.832-1.536 0l-12.544-12.608q-0.768-0.768 0-1.6l12.544-12.608q0.704-0.832 1.536 0 0.832 0.704 0 1.536l-11.456 11.904z\"><\/path>\n<\/svg><span class='avia_hidden_link_text'>Zur\u00fcck<\/span><\/a><a href='#next' class='next-slide av-horizontal-gallery-next avia-svg-icon avia-font-svg_entypo-fontello' data-av_svg_icon='right-open-big' data-av_iconset='svg_entypo-fontello' tabindex='-1' title=\"Weiter\"><svg version=\"1.1\" xmlns=\"http:\/\/www.w3.org\/2000\/svg\" width=\"15\" height=\"32\" viewBox=\"0 0 15 32\" preserveAspectRatio=\"xMidYMid meet\" aria-labelledby='av-svg-title-2' aria-describedby='av-svg-desc-2' role=\"graphics-symbol\" aria-hidden=\"true\">\n<title id='av-svg-title-2'>Weiter<\/title>\n<desc id='av-svg-desc-2'>Weiter<\/desc>\n<path d=\"M0.416 27.84l11.456-11.84-11.456-11.904q-0.832-0.832 0-1.536 0.832-0.832 1.536 0l12.544 12.608q0.768 0.832 0 1.6l-12.544 12.608q-0.704 0.832-1.536 0-0.832-0.704 0-1.536z\"><\/path>\n<\/svg><span class='avia_hidden_link_text'>Weiter<\/span><\/a><\/div><div class='avia-slideshow-dots avia-slideshow-controls av-horizontal-gallery-dots fade-in'><a href='#1' class='goto-slide active' >1<\/a><a href='#2' class='goto-slide ' >2<\/a><a href='#3' class='goto-slide ' >3<\/a><a href='#4' class='goto-slide ' >4<\/a><\/div><div class='av-horizontal-gallery-inner' data-av-height='30'><div class=\"av-horizontal-gallery-slider\"><div class=\"av-horizontal-gallery-wrap noHover\"><img decoding=\"async\" loading=\"lazy\" class='wp-image-1400 avia-img-lazy-loading-1400 av-horizontal-gallery-img' width=\"495\" height=\"400\" src=\"https:\/\/www.tuicamper.com\/wp-docker\/wp-content\/uploads\/2019\/04\/ausblick-palast-sintra-495x400.jpg\" title='Ausblick von der Terrasse des Palasts' alt='Ausblick von der Terrasse des Palasts' srcset=\"https:\/\/www.tuicamper.com\/wp-docker\/wp-content\/uploads\/2019\/04\/ausblick-palast-sintra-495x400.jpg 495w, https:\/\/www.tuicamper.com\/wp-docker\/wp-content\/uploads\/2019\/04\/ausblick-palast-sintra-845x684.jpg 845w\" sizes=\"auto, (max-width: 495px) 100vw, 495px\" \/><a href=\"https:\/\/www.tuicamper.com\/wp-docker\/wp-content\/uploads\/2019\/04\/ausblick-palast-sintra-1030x689.jpg\" data-srcset=\"https:\/\/www.tuicamper.com\/wp-docker\/wp-content\/uploads\/2019\/04\/ausblick-palast-sintra-1030x689.jpg 1030w, https:\/\/www.tuicamper.com\/wp-docker\/wp-content\/uploads\/2019\/04\/ausblick-palast-sintra-300x201.jpg 300w, https:\/\/www.tuicamper.com\/wp-docker\/wp-content\/uploads\/2019\/04\/ausblick-palast-sintra-768x514.jpg 768w, https:\/\/www.tuicamper.com\/wp-docker\/wp-content\/uploads\/2019\/04\/ausblick-palast-sintra-705x471.jpg 705w, https:\/\/www.tuicamper.com\/wp-docker\/wp-content\/uploads\/2019\/04\/ausblick-palast-sintra-450x301.jpg 450w, https:\/\/www.tuicamper.com\/wp-docker\/wp-content\/uploads\/2019\/04\/ausblick-palast-sintra.jpg 1280w\" data-sizes=\"(max-width: 1030px) 100vw, 1030px\" class='av-horizontal-gallery-link avia-svg-icon avia-font-svg_entypo-fontello' data-av_svg_icon='resize-full' data-av_iconset='svg_entypo-fontello' title='Ausblick von der Terrasse des Palasts' alt='Ausblick von der Terrasse des Palasts' aria-label='Open image in lightbox: Ausblick von der Terrasse des Palasts'><svg version=\"1.1\" xmlns=\"http:\/\/www.w3.org\/2000\/svg\" width=\"25\" height=\"32\" viewBox=\"0 0 25 32\" preserveAspectRatio=\"xMidYMid meet\" aria-labelledby='av-svg-title-3' aria-describedby='av-svg-desc-3' role=\"graphics-symbol\" aria-hidden=\"true\">\n<title id='av-svg-title-3'>Open image in lightbox: Ausblick von der Terrasse des Palasts<\/title>\n<desc id='av-svg-desc-3'>Open image in lightbox: Ausblick von der Terrasse des Palasts<\/desc>\n<path d=\"M15.232 3.328h10.112v10.112l-3.2-3.968-4.672 4.864-3.2-3.2 4.864-4.672zM7.872 17.536l3.2 3.2-4.864 4.672 3.904 3.2h-10.112v-10.112l3.2 3.904z\"><\/path>\n<\/svg><\/a><\/div><div class=\"av-horizontal-gallery-wrap noHover\"><img decoding=\"async\" loading=\"lazy\" class='wp-image-1401 avia-img-lazy-loading-1401 av-horizontal-gallery-img' width=\"495\" height=\"400\" src=\"https:\/\/www.tuicamper.com\/wp-docker\/wp-content\/uploads\/2019\/04\/palast-sintra-495x400.jpg\" title='Der Palast von Sintra' alt='Der Palast von Sintra' srcset=\"https:\/\/www.tuicamper.com\/wp-docker\/wp-content\/uploads\/2019\/04\/palast-sintra-495x400.jpg 495w, https:\/\/www.tuicamper.com\/wp-docker\/wp-content\/uploads\/2019\/04\/palast-sintra-845x684.jpg 845w\" sizes=\"auto, (max-width: 495px) 100vw, 495px\" \/><a href=\"https:\/\/www.tuicamper.com\/wp-docker\/wp-content\/uploads\/2019\/04\/palast-sintra-1030x705.jpg\" data-srcset=\"https:\/\/www.tuicamper.com\/wp-docker\/wp-content\/uploads\/2019\/04\/palast-sintra-1030x705.jpg 1030w, https:\/\/www.tuicamper.com\/wp-docker\/wp-content\/uploads\/2019\/04\/palast-sintra-300x205.jpg 300w, https:\/\/www.tuicamper.com\/wp-docker\/wp-content\/uploads\/2019\/04\/palast-sintra-768x526.jpg 768w, https:\/\/www.tuicamper.com\/wp-docker\/wp-content\/uploads\/2019\/04\/palast-sintra-705x482.jpg 705w, https:\/\/www.tuicamper.com\/wp-docker\/wp-content\/uploads\/2019\/04\/palast-sintra-450x308.jpg 450w, https:\/\/www.tuicamper.com\/wp-docker\/wp-content\/uploads\/2019\/04\/palast-sintra.jpg 1280w\" data-sizes=\"(max-width: 1030px) 100vw, 1030px\" class='av-horizontal-gallery-link avia-svg-icon avia-font-svg_entypo-fontello' data-av_svg_icon='resize-full' data-av_iconset='svg_entypo-fontello' title='Der Palast von Sintra' alt='Der Palast von Sintra' aria-label='Open image in lightbox: Der Palast von Sintra'><svg version=\"1.1\" xmlns=\"http:\/\/www.w3.org\/2000\/svg\" width=\"25\" height=\"32\" viewBox=\"0 0 25 32\" preserveAspectRatio=\"xMidYMid meet\" aria-labelledby='av-svg-title-4' aria-describedby='av-svg-desc-4' role=\"graphics-symbol\" aria-hidden=\"true\">\n<title id='av-svg-title-4'>Open image in lightbox: Der Palast von Sintra<\/title>\n<desc id='av-svg-desc-4'>Open image in lightbox: Der Palast von Sintra<\/desc>\n<path d=\"M15.232 3.328h10.112v10.112l-3.2-3.968-4.672 4.864-3.2-3.2 4.864-4.672zM7.872 17.536l3.2 3.2-4.864 4.672 3.904 3.2h-10.112v-10.112l3.2 3.904z\"><\/path>\n<\/svg><\/a><\/div><div class=\"av-horizontal-gallery-wrap noHover\"><img decoding=\"async\" loading=\"lazy\" class='wp-image-1402 avia-img-lazy-loading-1402 av-horizontal-gallery-img' width=\"495\" height=\"400\" src=\"https:\/\/www.tuicamper.com\/wp-docker\/wp-content\/uploads\/2019\/04\/palast-sintra-1-495x400.jpg\" title='Der Garten des Palasts von Sintra' alt='Der Garten des Palasts von Sintra' srcset=\"https:\/\/www.tuicamper.com\/wp-docker\/wp-content\/uploads\/2019\/04\/palast-sintra-1-495x400.jpg 495w, https:\/\/www.tuicamper.com\/wp-docker\/wp-content\/uploads\/2019\/04\/palast-sintra-1-845x684.jpg 845w\" sizes=\"auto, (max-width: 495px) 100vw, 495px\" \/><a href=\"https:\/\/www.tuicamper.com\/wp-docker\/wp-content\/uploads\/2019\/04\/palast-sintra-1-1030x686.jpg\" data-srcset=\"https:\/\/www.tuicamper.com\/wp-docker\/wp-content\/uploads\/2019\/04\/palast-sintra-1-1030x686.jpg 1030w, https:\/\/www.tuicamper.com\/wp-docker\/wp-content\/uploads\/2019\/04\/palast-sintra-1-300x200.jpg 300w, https:\/\/www.tuicamper.com\/wp-docker\/wp-content\/uploads\/2019\/04\/palast-sintra-1-768x512.jpg 768w, https:\/\/www.tuicamper.com\/wp-docker\/wp-content\/uploads\/2019\/04\/palast-sintra-1-705x470.jpg 705w, https:\/\/www.tuicamper.com\/wp-docker\/wp-content\/uploads\/2019\/04\/palast-sintra-1-450x300.jpg 450w, https:\/\/www.tuicamper.com\/wp-docker\/wp-content\/uploads\/2019\/04\/palast-sintra-1.jpg 1280w\" data-sizes=\"(max-width: 1030px) 100vw, 1030px\" class='av-horizontal-gallery-link avia-svg-icon avia-font-svg_entypo-fontello' data-av_svg_icon='resize-full' data-av_iconset='svg_entypo-fontello' title='Der Garten des Palasts von Sintra' alt='Der Garten des Palasts von Sintra' aria-label='Open image in lightbox: Der Garten des Palasts von Sintra'><svg version=\"1.1\" xmlns=\"http:\/\/www.w3.org\/2000\/svg\" width=\"25\" height=\"32\" viewBox=\"0 0 25 32\" preserveAspectRatio=\"xMidYMid meet\" aria-labelledby='av-svg-title-5' aria-describedby='av-svg-desc-5' role=\"graphics-symbol\" aria-hidden=\"true\">\n<title id='av-svg-title-5'>Open image in lightbox: Der Garten des Palasts von Sintra<\/title>\n<desc id='av-svg-desc-5'>Open image in lightbox: Der Garten des Palasts von Sintra<\/desc>\n<path d=\"M15.232 3.328h10.112v10.112l-3.2-3.968-4.672 4.864-3.2-3.2 4.864-4.672zM7.872 17.536l3.2 3.2-4.864 4.672 3.904 3.2h-10.112v-10.112l3.2 3.904z\"><\/path>\n<\/svg><\/a><\/div><div class=\"av-horizontal-gallery-wrap noHover\"><img decoding=\"async\" loading=\"lazy\" class='wp-image-1409 avia-img-lazy-loading-1409 av-horizontal-gallery-img' width=\"495\" height=\"400\" src=\"https:\/\/www.tuicamper.com\/wp-docker\/wp-content\/uploads\/2019\/04\/azenhas-do-mar-495x400.jpg\" title='Azenhas Do Mar bei Sintra' alt='Azenhas Do Mar bei Sintra' srcset=\"https:\/\/www.tuicamper.com\/wp-docker\/wp-content\/uploads\/2019\/04\/azenhas-do-mar-495x400.jpg 495w, https:\/\/www.tuicamper.com\/wp-docker\/wp-content\/uploads\/2019\/04\/azenhas-do-mar-845x684.jpg 845w\" sizes=\"auto, (max-width: 495px) 100vw, 495px\" \/><a href=\"https:\/\/www.tuicamper.com\/wp-docker\/wp-content\/uploads\/2019\/04\/azenhas-do-mar-1030x740.jpg\" data-srcset=\"https:\/\/www.tuicamper.com\/wp-docker\/wp-content\/uploads\/2019\/04\/azenhas-do-mar-1030x740.jpg 1030w, https:\/\/www.tuicamper.com\/wp-docker\/wp-content\/uploads\/2019\/04\/azenhas-do-mar-300x215.jpg 300w, https:\/\/www.tuicamper.com\/wp-docker\/wp-content\/uploads\/2019\/04\/azenhas-do-mar-768x551.jpg 768w, https:\/\/www.tuicamper.com\/wp-docker\/wp-content\/uploads\/2019\/04\/azenhas-do-mar-705x506.jpg 705w, https:\/\/www.tuicamper.com\/wp-docker\/wp-content\/uploads\/2019\/04\/azenhas-do-mar-450x323.jpg 450w, https:\/\/www.tuicamper.com\/wp-docker\/wp-content\/uploads\/2019\/04\/azenhas-do-mar.jpg 1280w\" data-sizes=\"(max-width: 1030px) 100vw, 1030px\" class='av-horizontal-gallery-link avia-svg-icon avia-font-svg_entypo-fontello' data-av_svg_icon='resize-full' data-av_iconset='svg_entypo-fontello' title='Azenhas Do Mar bei Sintra' alt='Azenhas Do Mar bei Sintra' aria-label='Open image in lightbox: Azenhas Do Mar bei Sintra'><svg version=\"1.1\" xmlns=\"http:\/\/www.w3.org\/2000\/svg\" width=\"25\" height=\"32\" viewBox=\"0 0 25 32\" preserveAspectRatio=\"xMidYMid meet\" aria-labelledby='av-svg-title-6' aria-describedby='av-svg-desc-6' role=\"graphics-symbol\" aria-hidden=\"true\">\n<title id='av-svg-title-6'>Open image in lightbox: Azenhas Do Mar bei Sintra<\/title>\n<desc id='av-svg-desc-6'>Open image in lightbox: Azenhas Do Mar bei Sintra<\/desc>\n<path d=\"M15.232 3.328h10.112v10.112l-3.2-3.968-4.672 4.864-3.2-3.2 4.864-4.672zM7.872 17.536l3.2 3.2-4.864 4.672 3.904 3.2h-10.112v-10.112l3.2 3.904z\"><\/path>\n<\/svg><\/a><\/div><\/div><\/div><\/div>\n\n<\/div><\/div><\/div><!-- close content main div --><\/div><\/div><div id='av_section_13'  class='avia-section av-jt5vrdgv-4386718e65b314e69682ca60ae604601 main_color avia-section-default avia-no-border-styling  avia-builder-el-32  el_after_av_section  el_before_av_section  reduced-content avia-bg-style-scroll container_wrap sidebar_right'  ><div class='container av-section-cont-open' ><div class='template-page content  av-content-small alpha units'><div class='post-entry post-entry-type-page post-entry-1040'><div class='entry-content-wrapper clearfix'>\n\n<style type=\"text\/css\" data-created_by=\"avia_inline_auto\" id=\"style-css-av-1g5aou-6e8505d9de1136ce38f66b0d0e5d2a36\">\n.flex_column.av-1g5aou-6e8505d9de1136ce38f66b0d0e5d2a36{\nborder-radius:0px 0px 0px 0px;\npadding:0px 0px 0px 0px;\n}\n<\/style>\n<div  class='flex_column av-1g5aou-6e8505d9de1136ce38f66b0d0e5d2a36 av_one_full  avia-builder-el-33  el_before_av_button  avia-builder-el-first  first flex_column_div av-zero-column-padding  '     ><section  class='av_textblock_section av-jt5tjyk0-1e04ddf86ca9bd8201b4b17bbb4a6491 '   itemscope=\"itemscope\" itemtype=\"https:\/\/schema.org\/BlogPosting\" itemprop=\"blogPost\" ><div class='avia_textblock'  itemprop=\"text\" ><h2>6.) Cabo da Roca: Wo die Erde endet und das Meer beginnt<\/h2>\n<p>Cabo da Roca gilt als westlichster Punkt des europ\u00e4ischen Festlandes. Ein Besuch lohnt sich aber nicht nur deshalb. Der Blick auf den Atlantik \u00fcber die zerkl\u00fcftete Felsk\u00fcste und die steilen H\u00e4nge, an denen immer wieder majest\u00e4tische Turmfalken emporsteigen, l\u00e4sst Beobachtern fast zwangsweise den Atem stocken. Lu\u00eds Vaz de Cam\u00f5es, der Nationaldichter Portugals, beschrieb das poetische Cabo da Roca treffend als Ort, \u201eWo die Erde endet und das Meer beginnt.\u201c Von Sintra aus ist es mit dem Wohnmobil nur noch ein Katzensprung bis zum westlichsten Zipfel Kontinentaleuropas.<\/p>\n<\/div><\/section><\/div><div  class='avia-button-wrap av-ju2eusip-e21b6e1e73e06ab8100dfca0fa160d89-wrap avia-button-center  avia-builder-el-35  el_after_av_one_full  avia-builder-el-last '><a href='https:\/\/www.tuicamper.com\/reiseziele\/europa\/portugal\/'  class='avia-button av-ju2eusip-e21b6e1e73e06ab8100dfca0fa160d89 av-link-btn avia-icon_select-yes-right-icon avia-size-large avia-position-center avia-color-theme-color'   aria-label=\"Jetzt Wohnmobil mieten f\u00fcr Portugal\"><span class='avia_iconbox_title' >Jetzt Wohnmobil mieten f\u00fcr Portugal<\/span><span class='avia_button_icon avia_button_icon_right avia-iconfont avia-font-entypo-fontello' data-av_icon='\ue875' data-av_iconfont='entypo-fontello' ><\/span><\/a><\/div>\n\n<\/div><\/div><\/div><!-- close content main div --><\/div><\/div><div id='av_section_14'  class='avia-section av-jt5vrdgv-4386718e65b314e69682ca60ae604601 main_color avia-section-default avia-no-border-styling  avia-builder-el-36  el_after_av_section  el_before_av_section  reduced-content avia-bg-style-scroll container_wrap sidebar_right'  ><div class='container av-section-cont-open' ><div class='template-page content  av-content-small alpha units'><div class='post-entry post-entry-type-page post-entry-1040'><div class='entry-content-wrapper clearfix'>\n\n<style type=\"text\/css\" data-created_by=\"avia_inline_auto\" id=\"style-css-av-1g5aou-6e8505d9de1136ce38f66b0d0e5d2a36\">\n.flex_column.av-1g5aou-6e8505d9de1136ce38f66b0d0e5d2a36{\nborder-radius:0px 0px 0px 0px;\npadding:0px 0px 0px 0px;\n}\n<\/style>\n<div  class='flex_column av-1g5aou-6e8505d9de1136ce38f66b0d0e5d2a36 av_one_full  avia-builder-el-37  avia-builder-el-no-sibling  first flex_column_div av-zero-column-padding  '     ><section  class='av_textblock_section av-jt5tjyk0-1e04ddf86ca9bd8201b4b17bbb4a6491 '   itemscope=\"itemscope\" itemtype=\"https:\/\/schema.org\/BlogPosting\" itemprop=\"blogPost\" ><div class='avia_textblock'  itemprop=\"text\" ><h2>7.) Porto: wirtschaftliches Zentrum mit einem Hauch von Nostalgie<\/h2>\n<p>Pr\u00e4chtige Jugendstilh\u00e4user neben in die Jahre gekommenen Altbauten mit br\u00f6ckelndem Putz, hippe Stra\u00dfencaf\u00e9s, die sich an vertr\u00e4umte Buchl\u00e4den anschlie\u00dfen, ein pulsierendes Nachtleben und ein historisches Zentrum, in dem die Zeit stehen geblieben zu sein scheint \u2013\u00a0<a href=\"https:\/\/www.tuicamper.com\/reiseziele\/europa\/portugal\/porto\/\">Porto<\/a>\u00a0ist eine Stadt, die Gegens\u00e4tze wie keine zweite zu vereinen vermag. Wohnmobil-Urlauber aller Fasson werden an den unterschiedlichsten Facetten der zweitgr\u00f6\u00dften Stadt Portugals ihre Freude finden. Gerade dem \u2013 f\u00fcr viele Touristen unerwarteten \u2013 nostalgischen Charme des wirtschaftlichen Zentrums Portugals, kann sich kaum ein Besucher entziehen.<\/p>\n<p><b>Tipp<\/b>: Das wohl spektakul\u00e4rste Panorama auf das zum UNESCO-Weltkulturerbe z\u00e4hlende historische Zentrum Portos ergibt sich von der Nachbarstadt Vila Nova de Gaia vom Fluss Douro aus.<\/p>\n<\/div><\/section><\/div>\n\n<\/div><\/div><\/div><!-- close content main div --><\/div><\/div><div id='av_section_15'  class='avia-section av-b7gvl-1eb57de5f7b7a94c40602e8cf977ebb0 main_color avia-section-default avia-no-border-styling  avia-builder-el-39  el_after_av_section  el_before_av_section  reduced-content avia-bg-style-scroll container_wrap sidebar_right'  ><div class='container av-section-cont-open' ><div class='template-page content  av-content-small alpha units'><div class='post-entry post-entry-type-page post-entry-1040'><div class='entry-content-wrapper clearfix'>\n\n<style type=\"text\/css\" data-created_by=\"avia_inline_auto\" id=\"style-css-av-jtplvt5k-b316d0ac42c39d3ce8770e5d62162f9f\">\n.avia-image-container.av-jtplvt5k-b316d0ac42c39d3ce8770e5d62162f9f img.avia_image{\nbox-shadow:none;\n}\n.avia-image-container.av-jtplvt5k-b316d0ac42c39d3ce8770e5d62162f9f .av-caption-image-overlay-bg{\nopacity:0.4;\nbackground-color:#000000;\n}\n.avia-image-container.av-jtplvt5k-b316d0ac42c39d3ce8770e5d62162f9f .av-image-caption-overlay-center{\ncolor:#ffffff;\n}\n<\/style>\n<div  class='avia-image-container av-jtplvt5k-b316d0ac42c39d3ce8770e5d62162f9f av-styling- av-img-linked avia_animated_image av-animated-when-visible-95 fade-in avia-align-center  avia-builder-el-40  avia-builder-el-no-sibling  noHover av-overlay-on-hover'   itemprop=\"image\" itemscope=\"itemscope\" itemtype=\"https:\/\/schema.org\/ImageObject\" ><div class=\"avia-image-container-inner\"><div class=\"avia-image-overlay-wrap\"><a href=\"https:\/\/www.tuicamper.com\/wp-docker\/wp-content\/uploads\/2019\/04\/porto-fassaden-1030x688.jpg\" data-srcset=\"https:\/\/www.tuicamper.com\/wp-docker\/wp-content\/uploads\/2019\/04\/porto-fassaden-1030x688.jpg 1030w, https:\/\/www.tuicamper.com\/wp-docker\/wp-content\/uploads\/2019\/04\/porto-fassaden-300x200.jpg 300w, https:\/\/www.tuicamper.com\/wp-docker\/wp-content\/uploads\/2019\/04\/porto-fassaden-768x513.jpg 768w, https:\/\/www.tuicamper.com\/wp-docker\/wp-content\/uploads\/2019\/04\/porto-fassaden-705x471.jpg 705w, https:\/\/www.tuicamper.com\/wp-docker\/wp-content\/uploads\/2019\/04\/porto-fassaden-450x301.jpg 450w, https:\/\/www.tuicamper.com\/wp-docker\/wp-content\/uploads\/2019\/04\/porto-fassaden.jpg 1280w\" data-sizes=\"(max-width: 1030px) 100vw, 1030px\" class='avia_image '  aria-label='Bunte H\u00e4userfassaden in Porto'><div class=\"av-image-caption-overlay\"><div class=\"av-caption-image-overlay-bg\"><\/div><div class=\"av-image-caption-overlay-position\"><div class=\"av-image-caption-overlay-center\"><p>Bunte H\u00e4userfassaden in Porto<\/p>\n<\/div><\/div><\/div><img decoding=\"async\" fetchpriority=\"high\" class='wp-image-1405 avia-img-lazy-loading-not-1405 avia_image ' src=\"https:\/\/www.tuicamper.com\/wp-docker\/wp-content\/uploads\/2019\/04\/porto-fassaden-1280x630.jpg\" alt='' title='Bunte H\u00e4userfassaden in Porto'  height=\"630\" width=\"1280\"  itemprop=\"thumbnailUrl\"  \/><\/a><\/div><\/div><\/div>\n\n<\/div><\/div><\/div><!-- close content main div --><\/div><\/div><div id='av_section_16'  class='avia-section av-jt5vrdgv-4386718e65b314e69682ca60ae604601 main_color avia-section-default avia-no-border-styling  avia-builder-el-41  el_after_av_section  el_before_av_section  reduced-content avia-bg-style-scroll container_wrap sidebar_right'  ><div class='container av-section-cont-open' ><div class='template-page content  av-content-small alpha units'><div class='post-entry post-entry-type-page post-entry-1040'><div class='entry-content-wrapper clearfix'>\n\n<style type=\"text\/css\" data-created_by=\"avia_inline_auto\" id=\"style-css-av-1g5aou-6e8505d9de1136ce38f66b0d0e5d2a36\">\n.flex_column.av-1g5aou-6e8505d9de1136ce38f66b0d0e5d2a36{\nborder-radius:0px 0px 0px 0px;\npadding:0px 0px 0px 0px;\n}\n<\/style>\n<div  class='flex_column av-1g5aou-6e8505d9de1136ce38f66b0d0e5d2a36 av_one_full  avia-builder-el-42  avia-builder-el-no-sibling  first flex_column_div av-zero-column-padding  '     ><section  class='av_textblock_section av-jt5tjyk0-1e04ddf86ca9bd8201b4b17bbb4a6491 '   itemscope=\"itemscope\" itemtype=\"https:\/\/schema.org\/BlogPosting\" itemprop=\"blogPost\" ><div class='avia_textblock'  itemprop=\"text\" ><h2>8.) Coimbra: Studentenstadt mit unwiderstehlichem Flair<\/h2>\n<p>F\u00fcr Studenten, die mit einem Auslandssemester in Portugal lieb\u00e4ugeln, ist die Universit\u00e4tsstadt Coimbra einer der Portugal-Hotspots. Derzeit beherbergt die Stadt rund 30.000 Studenten und bietet ein l\u00e4ssig-studentisches Flair, das Campern viele entspannte Stunden verspricht \u2013 beispielsweise in einem der etlichen erschwinglichen Caf\u00e9s in der idyllischen Altstadt. Ein Besuch der Universit\u00e4t Coimbra lohnt. Die \u00e4lteste Universit\u00e4t Europas, die seit 2013 zum Weltkulturerbe z\u00e4hlt, h\u00e4lt ihre Traditionen hoch. Wer \u00fcber das Campusgel\u00e4nde spaziert, f\u00fchlt sich angesichts der in schwarze Roben gekleideten Studenten schnell auf das Klostergel\u00e4nde eines l\u00e4ngst vergangenen Jahrhunderts zur\u00fcckversetzt.<\/p>\n<p><b>Tipp<\/b>: Die reich geschm\u00fcckte historische Biblioteca Joanina gilt als eine der spektakul\u00e4rsten Bibliotheken weltweit \u2013 und ist \u00f6ffentlich zug\u00e4nglich!<\/p>\n<\/div><\/section><\/div>\n\n<\/div><\/div><\/div><!-- close content main div --><\/div><\/div><div id='av_section_17'  class='avia-section av-b7gvl-1eb57de5f7b7a94c40602e8cf977ebb0 main_color avia-section-default avia-no-border-styling  avia-builder-el-44  el_after_av_section  el_before_av_section  reduced-content avia-bg-style-scroll container_wrap sidebar_right'  ><div class='container av-section-cont-open' ><div class='template-page content  av-content-small alpha units'><div class='post-entry post-entry-type-page post-entry-1040'><div class='entry-content-wrapper clearfix'>\n\n<style type=\"text\/css\" data-created_by=\"avia_inline_auto\" id=\"style-css-av-jtplvt5k-5c7a8464acf088323c5470ddb404ef5d\">\n.avia-image-container.av-jtplvt5k-5c7a8464acf088323c5470ddb404ef5d img.avia_image{\nbox-shadow:none;\n}\n.avia-image-container.av-jtplvt5k-5c7a8464acf088323c5470ddb404ef5d .av-caption-image-overlay-bg{\nopacity:0.4;\nbackground-color:#000000;\n}\n.avia-image-container.av-jtplvt5k-5c7a8464acf088323c5470ddb404ef5d .av-image-caption-overlay-center{\ncolor:#ffffff;\n}\n<\/style>\n<div  class='avia-image-container av-jtplvt5k-5c7a8464acf088323c5470ddb404ef5d av-styling- av-img-linked avia_animated_image av-animated-when-visible-95 fade-in avia-align-center  avia-builder-el-45  avia-builder-el-no-sibling  noHover av-overlay-on-hover'   itemprop=\"image\" itemscope=\"itemscope\" itemtype=\"https:\/\/schema.org\/ImageObject\" ><div class=\"avia-image-container-inner\"><div class=\"avia-image-overlay-wrap\"><a href=\"https:\/\/www.tuicamper.com\/wp-docker\/wp-content\/uploads\/2019\/04\/coimbra-1030x686.jpg\" data-srcset=\"https:\/\/www.tuicamper.com\/wp-docker\/wp-content\/uploads\/2019\/04\/coimbra-1030x686.jpg 1030w, https:\/\/www.tuicamper.com\/wp-docker\/wp-content\/uploads\/2019\/04\/coimbra-300x200.jpg 300w, https:\/\/www.tuicamper.com\/wp-docker\/wp-content\/uploads\/2019\/04\/coimbra-768x512.jpg 768w, https:\/\/www.tuicamper.com\/wp-docker\/wp-content\/uploads\/2019\/04\/coimbra-705x470.jpg 705w, https:\/\/www.tuicamper.com\/wp-docker\/wp-content\/uploads\/2019\/04\/coimbra-450x300.jpg 450w, https:\/\/www.tuicamper.com\/wp-docker\/wp-content\/uploads\/2019\/04\/coimbra.jpg 1280w\" data-sizes=\"(max-width: 1030px) 100vw, 1030px\" class='avia_image '  aria-label='Blick auf Coimbra'><div class=\"av-image-caption-overlay\"><div class=\"av-caption-image-overlay-bg\"><\/div><div class=\"av-image-caption-overlay-position\"><div class=\"av-image-caption-overlay-center\"><p>Blick auf Coimbra und den Mondego<\/p>\n<\/div><\/div><\/div><img decoding=\"async\" fetchpriority=\"high\" class='wp-image-1416 avia-img-lazy-loading-not-1416 avia_image ' src=\"https:\/\/www.tuicamper.com\/wp-docker\/wp-content\/uploads\/2019\/04\/coimbra-1280x630.jpg\" alt='Blick auf Coimbra' title='Blick auf Coimbra'  height=\"630\" width=\"1280\"  itemprop=\"thumbnailUrl\"  \/><\/a><\/div><\/div><\/div>\n\n<\/div><\/div><\/div><!-- close content main div --><\/div><\/div><div id='av_section_18'  class='avia-section av-jt5vrdgv-4386718e65b314e69682ca60ae604601 main_color avia-section-default avia-no-border-styling  avia-builder-el-46  el_after_av_section  el_before_av_textblock  reduced-content avia-bg-style-scroll container_wrap sidebar_right'  ><div class='container av-section-cont-open' ><div class='template-page content  av-content-small alpha units'><div class='post-entry post-entry-type-page post-entry-1040'><div class='entry-content-wrapper clearfix'>\n\n<style type=\"text\/css\" data-created_by=\"avia_inline_auto\" id=\"style-css-av-1g5aou-6e8505d9de1136ce38f66b0d0e5d2a36\">\n.flex_column.av-1g5aou-6e8505d9de1136ce38f66b0d0e5d2a36{\nborder-radius:0px 0px 0px 0px;\npadding:0px 0px 0px 0px;\n}\n<\/style>\n<div  class='flex_column av-1g5aou-6e8505d9de1136ce38f66b0d0e5d2a36 av_one_full  avia-builder-el-47  avia-builder-el-no-sibling  first flex_column_div av-zero-column-padding  '     ><section  class='av_textblock_section av-jt5tjyk0-1e04ddf86ca9bd8201b4b17bbb4a6491 '   itemscope=\"itemscope\" itemtype=\"https:\/\/schema.org\/BlogPosting\" itemprop=\"blogPost\" ><div class='avia_textblock'  itemprop=\"text\" ><h2>9.) Einmal die Treppen zu Bom Jesus do Monte besteigen<\/h2>\n<p>Die Gemeinde Ten\u00f5es im Norden Portugals beherbergt einen der faszinierendsten Wallfahrtsorte Europas. Insbesondere die barocke Treppenanlage des Heiligtums genie\u00dft weitreichende Ber\u00fchmtheit \u2013 und ziert so manche Postkarte. Wer sich damit br\u00fcsten m\u00f6chte, die Monumentaltreppe erklommen zu haben, sollte allerdings ein gewisses Ma\u00df an Ausdauer mitbringen. Wer die mit unz\u00e4hligen Statuen und Springbrunnen verzierte Treppe erfolgreich hinter sich gelassen hat, wird daf\u00fcr mit einem spektakul\u00e4ren Ausblick \u00fcber Ten\u00f5es belohnt.<\/p>\n<\/div><\/section><\/div>\n<\/div><\/div><\/div><!-- close content main div --><\/div><\/div><div id='after_section_18'  class='main_color av_default_container_wrap container_wrap sidebar_right'  ><div class='container av-section-cont-open' ><div class='template-page content  av-content-small alpha units'><div class='post-entry post-entry-type-page post-entry-1040'><div class='entry-content-wrapper clearfix'>\n<section  class='av_textblock_section av-jtpqpty6-550c066a997ebaf648fccc87d0b9ff16 '   itemscope=\"itemscope\" itemtype=\"https:\/\/schema.org\/BlogPosting\" itemprop=\"blogPost\" ><div class='avia_textblock'  itemprop=\"text\" >\r\n<div style=\"clear: both;\"><\/div>\r\n<div class=\"post-breaker-item breaker-type-default\">\r\n    <div class=\"post-breaker-item-inner\">\r\n                    \n<style type=\"text\/css\" data-created_by=\"avia_inline_auto\" id=\"style-css-av-jtpksizx-4b352f2a2752c01e58a4c67632af1aa6\">\n#top .av_textblock_section.av-jtpksizx-4b352f2a2752c01e58a4c67632af1aa6 .avia_textblock{\nfont-size:28px;\n}\n<\/style>\n<section  class='av_textblock_section av-jtpksizx-4b352f2a2752c01e58a4c67632af1aa6 '   itemscope=\"itemscope\" itemtype=\"https:\/\/schema.org\/BlogPosting\" itemprop=\"blogPost\" ><div class='avia_textblock'  itemprop=\"text\" ><p><strong>\u2013 Lesen Sie auch \u2013<\/strong><\/p>\n<\/div><\/section>\n\n<style type=\"text\/css\" data-created_by=\"avia_inline_auto\" id=\"style-css-av-ehyb5-42286bbb62f5c947921c50b729609f1d\">\n.flex_column.av-ehyb5-42286bbb62f5c947921c50b729609f1d{\nborder-radius:0px 0px 0px 0px;\npadding:0px 0px 0px 0px;\n}\n<\/style>\n<div  class='flex_column av-ehyb5-42286bbb62f5c947921c50b729609f1d av_one_third first flex_column_div av-zero-column-padding  '     ><p>\n<style type=\"text\/css\" data-created_by=\"avia_inline_auto\" id=\"style-css-av-jt75ko0n-3a09d8771f75fdffd3de110a0f3d077a\">\n.avia-image-container.av-jt75ko0n-3a09d8771f75fdffd3de110a0f3d077a img.avia_image{\nbox-shadow:none;\n}\n.avia-image-container.av-jt75ko0n-3a09d8771f75fdffd3de110a0f3d077a .av-image-caption-overlay-center{\ncolor:#ffffff;\n}\n<\/style>\n<div  class='avia-image-container av-jt75ko0n-3a09d8771f75fdffd3de110a0f3d077a av-styling-no-styling av-hover-grow av-hide-overflow av-img-linked avia_animated_image av-animated-when-visible-95 fade-in avia-align-left'   itemprop=\"image\" itemscope=\"itemscope\" itemtype=\"https:\/\/schema.org\/ImageObject\" ><div class=\"avia-image-container-inner\"><div class=\"avia-image-overlay-wrap\"><a href=\"https:\/\/www.tuicamper.com\/magazin\/andalusien-highlights\/\" class='avia_image '  aria-label='Wohnmobil Andalusien'><img decoding=\"async\" fetchpriority=\"high\" class='wp-image-1382 avia-img-lazy-loading-not-1382 avia_image ' src=\"https:\/\/www.tuicamper.com\/wp-docker\/wp-content\/uploads\/2019\/04\/andalusien-teaser.jpg\" alt='Wohnmobil Andalusien' title='Wohnmobil Andalusien'  height=\"200\" width=\"350\"  itemprop=\"thumbnailUrl\" srcset=\"https:\/\/www.tuicamper.com\/wp-docker\/wp-content\/uploads\/2019\/04\/andalusien-teaser.jpg 350w, https:\/\/www.tuicamper.com\/wp-docker\/wp-content\/uploads\/2019\/04\/andalusien-teaser-300x171.jpg 300w\" sizes=\"(max-width: 350px) 100vw, 350px\" \/><\/a><\/div><\/div><\/div><br \/>\n<section  class='av_textblock_section av-jt75lbqb-bba29013bb6610b0762c56b6a5ae7819 '   itemscope=\"itemscope\" itemtype=\"https:\/\/schema.org\/BlogPosting\" itemprop=\"blogPost\" ><div class='avia_textblock'  itemprop=\"text\" ><p style=\"text-align: left;\"><strong><a href=\"https:\/\/www.tuicamper.com\/magazin\/andalusien-highlights\/\">Wohnmobil Andalusien \u2013 10 Highlights f\u00fcr eine Camper-Reise<\/a><\/strong><\/p>\n<\/div><\/section><\/p><\/div>\n<style type=\"text\/css\" data-created_by=\"avia_inline_auto\" id=\"style-css-av-ehyb5-8fadcff6392c44a3fc98dc4b014d4246\">\n.flex_column.av-ehyb5-8fadcff6392c44a3fc98dc4b014d4246{\nborder-radius:0px 0px 0px 0px;\npadding:0px 0px 0px 0px;\n}\n<\/style>\n<div  class='flex_column av-ehyb5-8fadcff6392c44a3fc98dc4b014d4246 av_one_third flex_column_div av-zero-column-padding  '     ><p>\n<style type=\"text\/css\" data-created_by=\"avia_inline_auto\" id=\"style-css-av-jt75ko0n-40cefd9c4f19b6dd8081b74029841711\">\n.avia-image-container.av-jt75ko0n-40cefd9c4f19b6dd8081b74029841711 img.avia_image{\nbox-shadow:none;\n}\n.avia-image-container.av-jt75ko0n-40cefd9c4f19b6dd8081b74029841711 .av-image-caption-overlay-center{\ncolor:#ffffff;\n}\n<\/style>\n<div  class='avia-image-container av-jt75ko0n-40cefd9c4f19b6dd8081b74029841711 av-styling-no-styling av-hover-grow av-hide-overflow av-img-linked avia_animated_image av-animated-when-visible-95 fade-in avia-align-left'   itemprop=\"image\" itemscope=\"itemscope\" itemtype=\"https:\/\/schema.org\/ImageObject\" ><div class=\"avia-image-container-inner\"><div class=\"avia-image-overlay-wrap\"><a href=\"https:\/\/www.tuicamper.com\/magazin\/reisetipps-spanien\/\" class='avia_image '  aria-label='Reisetipps Spanien'><img decoding=\"async\" fetchpriority=\"high\" class='wp-image-1411 avia-img-lazy-loading-not-1411 avia_image ' src=\"https:\/\/www.tuicamper.com\/wp-docker\/wp-content\/uploads\/2019\/04\/reisetipps-spanien-teaser.jpg\" alt='Reisetipps Spanien' title='Reisetipps Spanien'  height=\"200\" width=\"350\"  itemprop=\"thumbnailUrl\" srcset=\"https:\/\/www.tuicamper.com\/wp-docker\/wp-content\/uploads\/2019\/04\/reisetipps-spanien-teaser.jpg 350w, https:\/\/www.tuicamper.com\/wp-docker\/wp-content\/uploads\/2019\/04\/reisetipps-spanien-teaser-300x171.jpg 300w\" sizes=\"(max-width: 350px) 100vw, 350px\" \/><\/a><\/div><\/div><\/div><br \/>\n<section  class='av_textblock_section av-jt75lbqb-bba29013bb6610b0762c56b6a5ae7819 '   itemscope=\"itemscope\" itemtype=\"https:\/\/schema.org\/BlogPosting\" itemprop=\"blogPost\" ><div class='avia_textblock'  itemprop=\"text\" ><p style=\"text-align: left;\"><strong><a href=\"https:\/\/www.tuicamper.com\/magazin\/reisetipps-spanien\/\">Reisetipps Spanien \u2013 Die besten Tipps f\u00fcr Ihre Wohnmobil-Tour<\/a><\/strong><\/p>\n<\/div><\/section><\/p><\/div>\n<style type=\"text\/css\" data-created_by=\"avia_inline_auto\" id=\"style-css-av-ehyb5-8fadcff6392c44a3fc98dc4b014d4246\">\n.flex_column.av-ehyb5-8fadcff6392c44a3fc98dc4b014d4246{\nborder-radius:0px 0px 0px 0px;\npadding:0px 0px 0px 0px;\n}\n<\/style>\n<div  class='flex_column av-ehyb5-8fadcff6392c44a3fc98dc4b014d4246 av_one_third flex_column_div av-zero-column-padding  '     ><p>\n<style type=\"text\/css\" data-created_by=\"avia_inline_auto\" id=\"style-css-av-jt75ko0n-41eff700c0bab3736f809dc0fe5be0c0\">\n.avia-image-container.av-jt75ko0n-41eff700c0bab3736f809dc0fe5be0c0 img.avia_image{\nbox-shadow:none;\n}\n.avia-image-container.av-jt75ko0n-41eff700c0bab3736f809dc0fe5be0c0 .av-image-caption-overlay-center{\ncolor:#ffffff;\n}\n<\/style>\n<div  class='avia-image-container av-jt75ko0n-41eff700c0bab3736f809dc0fe5be0c0 av-styling-no-styling av-hover-grow av-hide-overflow av-img-linked avia_animated_image av-animated-when-visible-95 fade-in avia-align-left'   itemprop=\"image\" itemscope=\"itemscope\" itemtype=\"https:\/\/schema.org\/ImageObject\" ><div class=\"avia-image-container-inner\"><div class=\"avia-image-overlay-wrap\"><a href=\"https:\/\/www.tuicamper.com\/magazin\/allgaeu-urlaub-mit-dem-wohnmobil\/\" class='avia_image '  aria-label='Allg\u00e4u Urlaub'><img decoding=\"async\" fetchpriority=\"high\" class='wp-image-570 avia-img-lazy-loading-not-570 avia_image ' src=\"https:\/\/www.tuicamper.com\/wp-docker\/wp-content\/uploads\/2019\/03\/allgaeu-urlaub-teaser.jpg\" alt='Allg\u00e4u Urlaub' title='Allg\u00e4u Urlaub'  height=\"200\" width=\"350\"  itemprop=\"thumbnailUrl\" srcset=\"https:\/\/www.tuicamper.com\/wp-docker\/wp-content\/uploads\/2019\/03\/allgaeu-urlaub-teaser.jpg 350w, https:\/\/www.tuicamper.com\/wp-docker\/wp-content\/uploads\/2019\/03\/allgaeu-urlaub-teaser-300x171.jpg 300w\" sizes=\"(max-width: 350px) 100vw, 350px\" \/><\/a><\/div><\/div><\/div><br \/>\n<section  class='av_textblock_section av-jt75lbqb-bba29013bb6610b0762c56b6a5ae7819 '   itemscope=\"itemscope\" itemtype=\"https:\/\/schema.org\/BlogPosting\" itemprop=\"blogPost\" ><div class='avia_textblock'  itemprop=\"text\" ><p style=\"text-align: left;\"><strong><a href=\"https:\/\/www.tuicamper.com\/magazin\/allgaeu-urlaub-mit-dem-wohnmobil\/\">Allg\u00e4u-Urlaub mit dem Wohnmobil: Highlights, Camping &amp; Ausflugstipps<\/a><\/strong><\/p>\n<\/div><\/section><\/p><\/div><\/p>\n            <div style=\"clear: both;\"><\/div>\r\n            <\/div>\r\n<\/div>\r\n\n<\/div><\/section>\n<\/div><\/div><\/div><!-- close content main div --><\/div><\/div><div id='av_section_19'  class='avia-section av-jt5vrdgv-4386718e65b314e69682ca60ae604601 main_color avia-section-default avia-no-border-styling  avia-builder-el-50  el_after_av_textblock  el_before_av_section  reduced-content avia-bg-style-scroll container_wrap sidebar_right'  ><div class='container av-section-cont-open' ><div class='template-page content  av-content-small alpha units'><div class='post-entry post-entry-type-page post-entry-1040'><div class='entry-content-wrapper clearfix'>\n\n<style type=\"text\/css\" data-created_by=\"avia_inline_auto\" id=\"style-css-av-1g5aou-6e8505d9de1136ce38f66b0d0e5d2a36\">\n.flex_column.av-1g5aou-6e8505d9de1136ce38f66b0d0e5d2a36{\nborder-radius:0px 0px 0px 0px;\npadding:0px 0px 0px 0px;\n}\n<\/style>\n<div  class='flex_column av-1g5aou-6e8505d9de1136ce38f66b0d0e5d2a36 av_one_full  avia-builder-el-51  avia-builder-el-no-sibling  first flex_column_div av-zero-column-padding  '     ><section  class='av_textblock_section av-jt5tjyk0-1e04ddf86ca9bd8201b4b17bbb4a6491 '   itemscope=\"itemscope\" itemtype=\"https:\/\/schema.org\/BlogPosting\" itemprop=\"blogPost\" ><div class='avia_textblock'  itemprop=\"text\" ><h2>10.) Das spektakul\u00e4re Panorama vom Monte Santa Luzia in Viana do Castello<\/h2>\n<p>Apropos Wallfahrt: Mindestens ebenso lohnenswert wie ein Besuch Ten\u00f5es ist der Aufstieg des Monte Santa Luzia in Viana do Castello. Hier befindet sich eine majest\u00e4tische Wallfahrtskirche, die gleich einem steinernen W\u00e4chter \u00fcber der Stadt thront \u2013 und obendrein den Blick \u00fcber die Stadt auf einen weiten Teil der umliegenden K\u00fcstenregion frei gibt.<\/p>\n<\/div><\/section><\/div>\n\n<\/div><\/div><\/div><!-- close content main div --><\/div><\/div><div id='av_section_20'  class='avia-section av-jt5vrdgv-4386718e65b314e69682ca60ae604601 main_color avia-section-default avia-no-border-styling  avia-builder-el-53  el_after_av_section  el_before_av_section  reduced-content avia-bg-style-scroll container_wrap sidebar_right'  ><div class='container av-section-cont-open' ><div class='template-page content  av-content-small alpha units'><div class='post-entry post-entry-type-page post-entry-1040'><div class='entry-content-wrapper clearfix'>\n\n<style type=\"text\/css\" data-created_by=\"avia_inline_auto\" id=\"style-css-av-1g5aou-6e8505d9de1136ce38f66b0d0e5d2a36\">\n.flex_column.av-1g5aou-6e8505d9de1136ce38f66b0d0e5d2a36{\nborder-radius:0px 0px 0px 0px;\npadding:0px 0px 0px 0px;\n}\n<\/style>\n<div  class='flex_column av-1g5aou-6e8505d9de1136ce38f66b0d0e5d2a36 av_one_full  avia-builder-el-54  avia-builder-el-no-sibling  first flex_column_div av-zero-column-padding  '     ><section  class='av_textblock_section av-jt5tjyk0-1e04ddf86ca9bd8201b4b17bbb4a6491 '   itemscope=\"itemscope\" itemtype=\"https:\/\/schema.org\/BlogPosting\" itemprop=\"blogPost\" ><div class='avia_textblock'  itemprop=\"text\" ><p><b>Tipp:\u00a0<\/b>Noch mehr traumhafte Bilder sowie die sch\u00f6nsten Camping- und Stellpl\u00e4tze &amp; Wein- und Landg\u00fcter finden Sie auch im aktuellen LandYachting Special\u00a0<a href=\"http:\/\/landyachting.de\/landyachting-bildatlas-algarve\/?v=3a52f3c22ed6\" target=\"_blank\" rel=\"noopener noreferrer\">Bildatlas Algarve<\/a>.<\/p>\n<\/div><\/section><\/div>\n\n<\/div><\/div><\/div><!-- close content main div --><\/div><\/div><div id='av_section_21'  class='avia-section av-jt5vrdgv-4386718e65b314e69682ca60ae604601 main_color avia-section-default avia-no-border-styling  avia-builder-el-56  el_after_av_section  avia-builder-el-last  reduced-content avia-bg-style-scroll container_wrap sidebar_right'  ><div class='container av-section-cont-open' ><div class='template-page content  av-content-small alpha units'><div class='post-entry post-entry-type-page post-entry-1040'><div class='entry-content-wrapper clearfix'>\n\n<style type=\"text\/css\" data-created_by=\"avia_inline_auto\" id=\"style-css-av-1g5aou-6e8505d9de1136ce38f66b0d0e5d2a36\">\n.flex_column.av-1g5aou-6e8505d9de1136ce38f66b0d0e5d2a36{\nborder-radius:0px 0px 0px 0px;\npadding:0px 0px 0px 0px;\n}\n<\/style>\n<div  class='flex_column av-1g5aou-6e8505d9de1136ce38f66b0d0e5d2a36 av_one_full  avia-builder-el-57  el_before_av_social_share  avia-builder-el-first  first flex_column_div av-zero-column-padding  '     ><style type=\"text\/css\" data-created_by=\"avia_inline_auto\" id=\"style-css-av-jt5tjyk0-26a28d0242835cbba60d70517a13c769\">\n#top .av_textblock_section.av-jt5tjyk0-26a28d0242835cbba60d70517a13c769 .avia_textblock{\nfont-size:28px;\n}\n<\/style>\n<section  class='av_textblock_section av-jt5tjyk0-26a28d0242835cbba60d70517a13c769 '   itemscope=\"itemscope\" itemtype=\"https:\/\/schema.org\/BlogPosting\" itemprop=\"blogPost\" ><div class='avia_textblock'  itemprop=\"text\" ><p><strong>Ihr TUI CAMPER-Team w\u00fcnscht Ihnen einen unvergesslichen Wohnmobil-Urlaub mit tollen Highlights in Portugal!<\/strong><\/p>\n<\/div><\/section><\/div><div  class='av-social-sharing-box av-10zg8-8676a2d54b4a15bbf6c39a1c18f0815b av-social-sharing-box-default  avia-builder-el-59  el_after_av_one_full  avia-builder-el-last  av-social-sharing-box-fullwidth'><div class=\"av-share-box\"><ul class=\"av-share-box-list noLightbox\"><li class='av-share-link av-social-link-facebook avia_social_iconfont' ><a target=\"_blank\" aria-label=\"Teilen auf Facebook\" href='https:\/\/www.facebook.com\/sharer.php?u=https:\/\/www.tuicamper.com\/magazin\/portugal-highlights\/&#038;t=Portugal%20Sehensw%C3%BCrdigkeiten%3A%2010%20Highlights%20f%C3%BCr%20einen%20Camper-Roadtrip' data-av_icon='\ue8f3' data-av_iconfont='entypo-fontello'  title='' data-avia-related-tooltip='Teilen auf Facebook'><span class='avia_hidden_link_text'>Teilen auf Facebook<\/span><\/a><\/li><li class='av-share-link av-social-link-twitter avia_social_iconfont' ><a target=\"_blank\" aria-label=\"Teilen auf X\" href='https:\/\/twitter.com\/share?text=Portugal%20Sehensw%C3%BCrdigkeiten%3A%2010%20Highlights%20f%C3%BCr%20einen%20Camper-Roadtrip&#038;url=https:\/\/www.tuicamper.com\/magazin\/portugal-highlights\/' data-av_icon='\ue932' data-av_iconfont='entypo-fontello'  title='' data-avia-related-tooltip='Teilen auf X'><span class='avia_hidden_link_text'>Teilen auf X<\/span><\/a><\/li><li class='av-share-link av-social-link-whatsapp avia_social_iconfont' ><a target=\"_blank\" aria-label=\"Teilen auf WhatsApp\" href='https:\/\/api.whatsapp.com\/send?text=https:\/\/www.tuicamper.com\/magazin\/portugal-highlights\/' data-av_icon='\uf232' data-av_iconfont='entypo-fontello'  title='' data-avia-related-tooltip='Teilen auf WhatsApp'><span class='avia_hidden_link_text'>Teilen auf WhatsApp<\/span><\/a><\/li><li class='av-share-link av-social-link-pinterest avia_social_iconfont' ><a target=\"_blank\" aria-label=\"Teilen auf Pinterest\" href='https:\/\/pinterest.com\/pin\/create\/button\/?url=https%3A%2F%2Fwww.tuicamper.com%2Fmagazin%2Fportugal-highlights%2F&#038;description=Portugal%20Sehensw%C3%BCrdigkeiten%3A%2010%20Highlights%20f%C3%BCr%20einen%20Camper-Roadtrip&#038;media=https%3A%2F%2Fwww.tuicamper.com%2Fwp-docker%2Fwp-content%2Fuploads%2F2019%2F04%2Fportugal-highlights-705x269.jpg' data-av_icon='\ue8f8' data-av_iconfont='entypo-fontello'  title='' data-avia-related-tooltip='Teilen auf Pinterest'><span class='avia_hidden_link_text'>Teilen auf Pinterest<\/span><\/a><\/li><li class='av-share-link av-social-link-mail avia_social_iconfont' ><a  aria-label=\"Per E-Mail teilen\" href='mailto:?subject=Portugal%20Sehensw%C3%BCrdigkeiten%3A%2010%20Highlights%20f%C3%BCr%20einen%20Camper-Roadtrip&#038;body=https:\/\/www.tuicamper.com\/magazin\/portugal-highlights\/' data-av_icon='\ue805' data-av_iconfont='entypo-fontello'  title='' data-avia-related-tooltip='Per E-Mail teilen'><span class='avia_hidden_link_text'>Per E-Mail teilen<\/span><\/a><\/li><\/ul><\/div><\/div>\n<\/div><\/div><\/div><!-- close content main div --><\/div><\/div><div id='after_section_21'  class='main_color av_default_container_wrap container_wrap sidebar_right'  ><div class='container av-section-cont-open' ><div class='template-page content  av-content-small alpha units'><div class='post-entry post-entry-type-page post-entry-1040'><div class='entry-content-wrapper clearfix'>\n","protected":false},"excerpt":{"rendered":"<p>Traumstr\u00e4nde, spektakul\u00e4re Panoramen, pr\u00e4chtige Pal\u00e4ste: Portugal hat Campern viel zu bieten. Lesen Sie hier, welche 10 Highlights Sie nicht verpassen d\u00fcrfen!<\/p>\n","protected":false},"author":3,"featured_media":1396,"comment_status":"open","ping_status":"open","sticky":false,"template":"","format":"standard","meta":{"footnotes":""},"categories":[8],"tags":[53,50,42,60,54],"class_list":["post-1040","post","type-post","status-publish","format-standard","has-post-thumbnail","hentry","category-reiselaender","tag-kultur","tag-natur","tag-paare","tag-portugal","tag-staedte"],"yoast_head":"<!-- This site is optimized with the Yoast SEO plugin v27.4 - https:\/\/yoast.com\/product\/yoast-seo-wordpress\/ -->\n<title>Portugal Sehensw\u00fcrdigkeiten: 10 Highlights f\u00fcr einen Camper-Roadtrip<\/title>\n<meta name=\"description\" content=\"Traumstr\u00e4nde, spektakul\u00e4re Panoramen, pr\u00e4chtige Pal\u00e4ste: Portugal hat Campern viel zu bieten. Lesen Sie hier, welche 10 Highlights Sie nicht verpassen d\u00fcrfen!\" \/>\n<meta name=\"robots\" content=\"index, follow, max-snippet:-1, max-image-preview:large, max-video-preview:-1\" \/>\n<link rel=\"canonical\" href=\"https:\/\/www.tuicamper.com\/magazin\/portugal-highlights\/\" \/>\n<meta property=\"og:locale\" content=\"de_DE\" \/>\n<meta property=\"og:type\" content=\"article\" \/>\n<meta property=\"og:title\" content=\"Portugal Sehensw\u00fcrdigkeiten: 10 Highlights f\u00fcr einen Camper-Roadtrip\" \/>\n<meta property=\"og:description\" content=\"Traumstr\u00e4nde, spektakul\u00e4re Panoramen, pr\u00e4chtige Pal\u00e4ste: Portugal hat Campern viel zu bieten. Lesen Sie hier, welche 10 Highlights Sie nicht verpassen d\u00fcrfen!\" \/>\n<meta property=\"og:url\" content=\"https:\/\/www.tuicamper.com\/magazin\/portugal-highlights\/\" \/>\n<meta property=\"og:site_name\" content=\"TUI Camper Magazin\" \/>\n<meta property=\"article:published_time\" content=\"2019-04-16T13:10:43+00:00\" \/>\n<meta property=\"article:modified_time\" content=\"2019-05-03T09:12:45+00:00\" \/>\n<meta property=\"og:image\" content=\"https:\/\/www.tuicamper.com\/wp-docker\/wp-content\/uploads\/2019\/04\/portugal-highlights.jpg\" \/>\n\t<meta property=\"og:image:width\" content=\"1310\" \/>\n\t<meta property=\"og:image:height\" content=\"500\" \/>\n\t<meta property=\"og:image:type\" content=\"image\/jpeg\" \/>\n<meta name=\"author\" content=\"S\u00f6ren Cortekar\" \/>\n<meta name=\"twitter:card\" content=\"summary_large_image\" \/>\n<meta name=\"twitter:label1\" content=\"Verfasst von\" \/>\n\t<meta name=\"twitter:data1\" content=\"S\u00f6ren Cortekar\" \/>\n\t<meta name=\"twitter:label2\" content=\"Gesch\u00e4tzte Lesezeit\" \/>\n\t<meta name=\"twitter:data2\" content=\"31\u00a0Minuten\" \/>\n<!-- \/ Yoast SEO plugin. -->","yoast_head_json":{"title":"Portugal Sehensw\u00fcrdigkeiten: 10 Highlights f\u00fcr einen Camper-Roadtrip","description":"Traumstr\u00e4nde, spektakul\u00e4re Panoramen, pr\u00e4chtige Pal\u00e4ste: Portugal hat Campern viel zu bieten. Lesen Sie hier, welche 10 Highlights Sie nicht verpassen d\u00fcrfen!","robots":{"index":"index","follow":"follow","max-snippet":"max-snippet:-1","max-image-preview":"max-image-preview:large","max-video-preview":"max-video-preview:-1"},"canonical":"https:\/\/www.tuicamper.com\/magazin\/portugal-highlights\/","og_locale":"de_DE","og_type":"article","og_title":"Portugal Sehensw\u00fcrdigkeiten: 10 Highlights f\u00fcr einen Camper-Roadtrip","og_description":"Traumstr\u00e4nde, spektakul\u00e4re Panoramen, pr\u00e4chtige Pal\u00e4ste: Portugal hat Campern viel zu bieten. Lesen Sie hier, welche 10 Highlights Sie nicht verpassen d\u00fcrfen!","og_url":"https:\/\/www.tuicamper.com\/magazin\/portugal-highlights\/","og_site_name":"TUI Camper Magazin","article_published_time":"2019-04-16T13:10:43+00:00","article_modified_time":"2019-05-03T09:12:45+00:00","og_image":[{"width":1310,"height":500,"url":"https:\/\/www.tuicamper.com\/wp-docker\/wp-content\/uploads\/2019\/04\/portugal-highlights.jpg","type":"image\/jpeg"}],"author":"S\u00f6ren Cortekar","twitter_card":"summary_large_image","twitter_misc":{"Verfasst von":"S\u00f6ren Cortekar","Gesch\u00e4tzte Lesezeit":"31\u00a0Minuten"},"schema":{"@context":"https:\/\/schema.org","@graph":[{"@type":"Article","@id":"https:\/\/www.tuicamper.com\/magazin\/portugal-highlights\/#article","isPartOf":{"@id":"https:\/\/www.tuicamper.com\/magazin\/portugal-highlights\/"},"author":{"name":"S\u00f6ren Cortekar","@id":"https:\/\/www.tuicamper.com\/wp-docker\/#\/schema\/person\/a9ad15b73e3b6169a6c4a794a58d1ea6"},"headline":"Portugal Sehensw\u00fcrdigkeiten: 10 Highlights f\u00fcr einen Camper-Roadtrip","datePublished":"2019-04-16T13:10:43+00:00","dateModified":"2019-05-03T09:12:45+00:00","mainEntityOfPage":{"@id":"https:\/\/www.tuicamper.com\/magazin\/portugal-highlights\/"},"wordCount":4963,"commentCount":0,"image":{"@id":"https:\/\/www.tuicamper.com\/magazin\/portugal-highlights\/#primaryimage"},"thumbnailUrl":"https:\/\/www.tuicamper.com\/wp-docker\/wp-content\/uploads\/2019\/04\/portugal-highlights.jpg","keywords":["Kultur","Natur","Paare","Portugal","St\u00e4dte"],"articleSection":["Reisel\u00e4nder"],"inLanguage":"de","potentialAction":[{"@type":"CommentAction","name":"Comment","target":["https:\/\/www.tuicamper.com\/magazin\/portugal-highlights\/#respond"]}]},{"@type":"WebPage","@id":"https:\/\/www.tuicamper.com\/magazin\/portugal-highlights\/","url":"https:\/\/www.tuicamper.com\/magazin\/portugal-highlights\/","name":"Portugal Sehensw\u00fcrdigkeiten: 10 Highlights f\u00fcr einen Camper-Roadtrip","isPartOf":{"@id":"https:\/\/www.tuicamper.com\/#website"},"primaryImageOfPage":{"@id":"https:\/\/www.tuicamper.com\/magazin\/portugal-highlights\/#primaryimage"},"image":{"@id":"https:\/\/www.tuicamper.com\/magazin\/portugal-highlights\/#primaryimage"},"thumbnailUrl":"https:\/\/www.tuicamper.com\/wp-content\/uploads\/2019\/04\/portugal-highlights.jpg","datePublished":"2019-04-16T13:10:43+00:00","dateModified":"2019-05-03T09:12:45+00:00","author":{"@id":"https:\/\/www.tuicamper.com\/#\/schema\/person\/a9ad15b73e3b6169a6c4a794a58d1ea6"},"description":"Traumstr\u00e4nde, spektakul\u00e4re Panoramen, pr\u00e4chtige Pal\u00e4ste: Portugal hat Campern viel zu bieten. Lesen Sie hier, welche 10 Highlights Sie nicht verpassen d\u00fcrfen!","breadcrumb":{"@id":"https:\/\/www.tuicamper.com\/magazin\/portugal-highlights\/#breadcrumb"},"inLanguage":"de","potentialAction":["Array"]},{"@type":"ImageObject","inLanguage":"de","@id":"https:\/\/www.tuicamper.com\/magazin\/portugal-highlights\/#primaryimage","url":"https:\/\/www.tuicamper.com\/wp-docker\/wp-content\/uploads\/2019\/04\/portugal-highlights.jpg","contentUrl":"https:\/\/www.tuicamper.com\/wp-docker\/wp-content\/uploads\/2019\/04\/portugal-highlights.jpg","width":1310,"height":500,"caption":"Portugal Highlights"},{"@type":"BreadcrumbList","@id":"https:\/\/www.tuicamper.com\/magazin\/portugal-highlights\/#breadcrumb","itemListElement":[{"@type":"ListItem","position":1,"name":"Startseite","item":"https:\/\/www.tuicamper.com\/wp-docker\/"},{"@type":"ListItem","position":2,"name":"Portugal Sehensw\u00fcrdigkeiten: 10 Highlights f\u00fcr einen Camper-Roadtrip"}]},{"@type":"WebSite","@id":"https:\/\/www.tuicamper.com\/#website","url":"https:\/\/www.tuicamper.com\/","name":"TUI Camper Magazin","description":"","potentialAction":["Array"],"inLanguage":"de"},{"@type":"Person","@id":"https:\/\/www.tuicamper.com\/wp-docker\/#\/schema\/person\/a9ad15b73e3b6169a6c4a794a58d1ea6","name":"S\u00f6ren Cortekar","image":{"@type":"ImageObject","inLanguage":"de","@id":"https:\/\/secure.gravatar.com\/avatar\/399f9c9096d84e9147b61735bfa53689fd2add8aa9c074669869e4c106f7df59?s=96&d=mm&r=g","url":"https:\/\/secure.gravatar.com\/avatar\/399f9c9096d84e9147b61735bfa53689fd2add8aa9c074669869e4c106f7df59?s=96&d=mm&r=g","contentUrl":"https:\/\/secure.gravatar.com\/avatar\/399f9c9096d84e9147b61735bfa53689fd2add8aa9c074669869e4c106f7df59?s=96&d=mm&r=g","caption":"S\u00f6ren Cortekar"},"url":"https:\/\/www.tuicamper.com\/wp-docker\/magazin\/author\/soeren-cortekar\/"}]}},"_links":{"self":[{"href":"https:\/\/www.tuicamper.com\/wp-docker\/wp-json\/wp\/v2\/posts\/1040","targetHints":{"allow":["GET"]}}],"collection":[{"href":"https:\/\/www.tuicamper.com\/wp-docker\/wp-json\/wp\/v2\/posts"}],"about":[{"href":"https:\/\/www.tuicamper.com\/wp-docker\/wp-json\/wp\/v2\/types\/post"}],"author":[{"embeddable":true,"href":"https:\/\/www.tuicamper.com\/wp-docker\/wp-json\/wp\/v2\/users\/3"}],"replies":[{"embeddable":true,"href":"https:\/\/www.tuicamper.com\/wp-docker\/wp-json\/wp\/v2\/comments?post=1040"}],"version-history":[{"count":13,"href":"https:\/\/www.tuicamper.com\/wp-docker\/wp-json\/wp\/v2\/posts\/1040\/revisions"}],"predecessor-version":[{"id":2737,"href":"https:\/\/www.tuicamper.com\/wp-docker\/wp-json\/wp\/v2\/posts\/1040\/revisions\/2737"}],"wp:featuredmedia":[{"embeddable":true,"href":"https:\/\/www.tuicamper.com\/wp-docker\/wp-json\/wp\/v2\/media\/1396"}],"wp:attachment":[{"href":"https:\/\/www.tuicamper.com\/wp-docker\/wp-json\/wp\/v2\/media?parent=1040"}],"wp:term":[{"taxonomy":"category","embeddable":true,"href":"https:\/\/www.tuicamper.com\/wp-docker\/wp-json\/wp\/v2\/categories?post=1040"},{"taxonomy":"post_tag","embeddable":true,"href":"https:\/\/www.tuicamper.com\/wp-docker\/wp-json\/wp\/v2\/tags?post=1040"}],"curies":[{"name":"wp","href":"https:\/\/api.w.org\/{rel}","templated":true}]}}