{"id":1033,"date":"2019-04-11T13:36:08","date_gmt":"2019-04-11T11:36:08","guid":{"rendered":"https:\/\/www.tuicamper.com\/wp-docker\/?p=1033"},"modified":"2022-05-12T10:22:56","modified_gmt":"2022-05-12T08:22:56","slug":"mit-dem-wohnmobil-zum-nordkap","status":"publish","type":"post","link":"https:\/\/www.tuicamper.com\/magazin\/mit-dem-wohnmobil-zum-nordkap\/","title":{"rendered":"Mit dem Wohnmobil zum Nordkap &#038; Norwegens Norden entdecken"},"content":{"rendered":"<div id='av_section_1'  class='avia-section av-jt5vrdgv-4386718e65b314e69682ca60ae604601 main_color avia-section-default avia-no-border-styling  avia-builder-el-0  el_before_av_textblock  avia-builder-el-first  reduced-content avia-bg-style-scroll container_wrap sidebar_right'  ><div class='container av-section-cont-open' ><main  role=\"main\" itemprop=\"mainContentOfPage\"  class='template-page content  av-content-small alpha units'><div class='post-entry post-entry-type-page post-entry-1033'><div class='entry-content-wrapper clearfix'>\n\n<style type=\"text\/css\" data-created_by=\"avia_inline_auto\" id=\"style-css-av-1g5aou-6e8505d9de1136ce38f66b0d0e5d2a36\">\n.flex_column.av-1g5aou-6e8505d9de1136ce38f66b0d0e5d2a36{\nborder-radius:0px 0px 0px 0px;\npadding:0px 0px 0px 0px;\n}\n<\/style>\n<div  class='flex_column av-1g5aou-6e8505d9de1136ce38f66b0d0e5d2a36 av_one_full  avia-builder-el-1  avia-builder-el-no-sibling  first flex_column_div av-zero-column-padding  '     ><section  class='av_textblock_section av-jt5tjyk0-1e04ddf86ca9bd8201b4b17bbb4a6491 '   itemscope=\"itemscope\" itemtype=\"https:\/\/schema.org\/BlogPosting\" itemprop=\"blogPost\" ><div class='avia_textblock'  itemprop=\"text\" ><p>Mitternachtssonne, spektakul\u00e4re Naturlandschaften, charmante St\u00e4dte und das faszinierende Nordkap: Eine Camper-Tour durch den Norden Norwegens ist ein unvergleichliches Erlebnis. Zumal es hier noch mehr Urspr\u00fcnglichkeit zu erfahren gibt als im\u00a0<a href=\"https:\/\/www.tuicamper.com\/routen\/norwegen-routen\/norwegen-rundreise\/\">s\u00fcdlicheren Teil Norwegens<\/a>\u00a0\u2013 sowohl in landschaftlicher als auch in kultureller Hinsicht. Wir zeigen Ihnen, wie facettenreich der Camper-Urlaub in Nordnorwegen ist. Im Rahmen einer Camperreise f\u00fchren wir Sie von Troms\u00f6 \u00fcber Alta bis hin zum ber\u00fchmten Nordkap \u2013 und geben Ihnen wichtige Infos, Tipps und Tricks f\u00fcr Ihre Route mit auf den Weg.<\/p>\n<\/div><\/section><\/div>\n<\/div><\/div><\/main><!-- close content main element --><\/div><\/div><div id='after_section_1'  class='main_color av_default_container_wrap container_wrap sidebar_right'  ><div class='container av-section-cont-open' ><div class='template-page content  av-content-small alpha units'><div class='post-entry post-entry-type-page post-entry-1033'><div class='entry-content-wrapper clearfix'>\n<section  class='av_textblock_section av-jtpqpty6-550c066a997ebaf648fccc87d0b9ff16 '   itemscope=\"itemscope\" itemtype=\"https:\/\/schema.org\/BlogPosting\" itemprop=\"blogPost\" ><div class='avia_textblock'  itemprop=\"text\" >\n<\/div><\/section>\n<\/div><\/div><\/div><!-- close content main div --><\/div><\/div><div id='av_section_2'  class='avia-section av-jt5vrdgv-4386718e65b314e69682ca60ae604601 main_color avia-section-default avia-no-border-styling  avia-builder-el-4  el_after_av_textblock  el_before_av_section  reduced-content avia-bg-style-scroll container_wrap sidebar_right'  ><div class='container av-section-cont-open' ><div class='template-page content  av-content-small alpha units'><div class='post-entry post-entry-type-page post-entry-1033'><div class='entry-content-wrapper clearfix'>\n<section  class='av_textblock_section av-jt5tjyk0-1e04ddf86ca9bd8201b4b17bbb4a6491 '   itemscope=\"itemscope\" itemtype=\"https:\/\/schema.org\/BlogPosting\" itemprop=\"blogPost\" ><div class='avia_textblock'  itemprop=\"text\" ><div id=\"js-table-of-contents\">\r\n    <strong>Inhaltsverzeichnis<\/strong>\r\n<\/div>\n<\/div><\/section>\n\n<\/div><\/div><\/div><!-- close content main div --><\/div><\/div><div id='av_section_3'  class='avia-section av-jt5vrdgv-aaa57a0ec80f3287d16e73c9693d5a37 main_color avia-section-default avia-no-border-styling  avia-builder-el-6  el_after_av_section  el_before_av_section  reduced-content av-mini-hide avia-bg-style-scroll container_wrap sidebar_right'  ><div class='container av-section-cont-open' ><div class='template-page content  av-content-small alpha units'><div class='post-entry post-entry-type-page post-entry-1033'><div class='entry-content-wrapper clearfix'>\n\n\n<\/div><\/div><\/div><!-- close content main div --><\/div><\/div><div id='av_section_4'  class='avia-section av-jt5vrdgv-4386718e65b314e69682ca60ae604601 main_color avia-section-default avia-no-border-styling  avia-builder-el-8  el_after_av_section  el_before_av_section  reduced-content avia-bg-style-scroll container_wrap sidebar_right'  ><div class='container av-section-cont-open' ><div class='template-page content  av-content-small alpha units'><div class='post-entry post-entry-type-page post-entry-1033'><div class='entry-content-wrapper clearfix'>\n\n<style type=\"text\/css\" data-created_by=\"avia_inline_auto\" id=\"style-css-av-1g5aou-6e8505d9de1136ce38f66b0d0e5d2a36\">\n.flex_column.av-1g5aou-6e8505d9de1136ce38f66b0d0e5d2a36{\nborder-radius:0px 0px 0px 0px;\npadding:0px 0px 0px 0px;\n}\n<\/style>\n<div  class='flex_column av-1g5aou-6e8505d9de1136ce38f66b0d0e5d2a36 av_one_full  avia-builder-el-9  avia-builder-el-no-sibling  first flex_column_div av-zero-column-padding  '     ><section  class='av_textblock_section av-jt5tjyk0-0d18eb781390b291547f54187af4d25e '   itemscope=\"itemscope\" itemtype=\"https:\/\/schema.org\/BlogPosting\" itemprop=\"blogPost\" ><div class='avia_textblock'  itemprop=\"text\" ><h2 class=\"\">Troms\u00f6: Paris des Nordens und Tor zur Arktis<\/h2>\n<p>Troms\u00f6, das den vielsagenden Beinamen\u00a0<i>Tor zur Arktis<\/i>\u00a0tr\u00e4gt, ist der ideale Ausgangspunkt, um den vielseitigen \u2013 stellenweise rauen, immer aber auch wildromantischen \u2013 Norden Norwegens mit dem Wohnmobil zu erkunden. Die kleine Metropole mit der n\u00f6rdlichsten Universit\u00e4t der Welt geh\u00f6rt selbst zu einem der Highlights Nordnorwegens. Immerhin ist die Stadt extrem reich an kulturellen H\u00f6hepunkten und Sehensw\u00fcrdigkeiten und punktet zugleich mit einem malerischen Stadtbild. Dass Troms\u00f6 sowohl als\u00a0<i>Tor zur Arktis<\/i>\u00a0als auch als\u00a0<i>Paris des Nordens<\/i>\u00a0bekannt ist, beschreibt den Charakter der Stadt hervorragend.<\/p>\n<\/div><\/section><\/div><\/div><\/div><\/div><!-- close content main div --><\/div><\/div><div id='av_section_5'  class='avia-section av-b7gvl-1eb57de5f7b7a94c40602e8cf977ebb0 main_color avia-section-default avia-no-border-styling  avia-builder-el-11  el_after_av_section  el_before_av_section  reduced-content avia-bg-style-scroll container_wrap sidebar_right'  ><div class='container av-section-cont-open' ><div class='template-page content  av-content-small alpha units'><div class='post-entry post-entry-type-page post-entry-1033'><div class='entry-content-wrapper clearfix'>\n\n<style type=\"text\/css\" data-created_by=\"avia_inline_auto\" id=\"style-css-av-jtplvt5k-c1e7604d12633f7dcf51e4e659d5fb69\">\n.avia-image-container.av-jtplvt5k-c1e7604d12633f7dcf51e4e659d5fb69 img.avia_image{\nbox-shadow:none;\n}\n.avia-image-container.av-jtplvt5k-c1e7604d12633f7dcf51e4e659d5fb69 .av-caption-image-overlay-bg{\nopacity:0.4;\nbackground-color:#000000;\n}\n.avia-image-container.av-jtplvt5k-c1e7604d12633f7dcf51e4e659d5fb69 .av-image-caption-overlay-center{\ncolor:#ffffff;\n}\n<\/style>\n<div  class='avia-image-container av-jtplvt5k-c1e7604d12633f7dcf51e4e659d5fb69 av-styling- av-img-linked avia_animated_image av-animated-when-visible-95 fade-in avia-align-center  avia-builder-el-12  avia-builder-el-no-sibling  noHover av-overlay-on-hover'   itemprop=\"image\" itemscope=\"itemscope\" itemtype=\"https:\/\/schema.org\/ImageObject\" ><div class=\"avia-image-container-inner\"><div class=\"avia-image-overlay-wrap\"><a href=\"https:\/\/www.tuicamper.com\/wp-docker\/wp-content\/uploads\/2019\/04\/tromsoe-im-abendlicht-1030x464.jpg\" data-srcset=\"https:\/\/www.tuicamper.com\/wp-docker\/wp-content\/uploads\/2019\/04\/tromsoe-im-abendlicht-1030x464.jpg 1030w, https:\/\/www.tuicamper.com\/wp-docker\/wp-content\/uploads\/2019\/04\/tromsoe-im-abendlicht-300x135.jpg 300w, https:\/\/www.tuicamper.com\/wp-docker\/wp-content\/uploads\/2019\/04\/tromsoe-im-abendlicht-768x346.jpg 768w, https:\/\/www.tuicamper.com\/wp-docker\/wp-content\/uploads\/2019\/04\/tromsoe-im-abendlicht-705x318.jpg 705w, https:\/\/www.tuicamper.com\/wp-docker\/wp-content\/uploads\/2019\/04\/tromsoe-im-abendlicht-450x203.jpg 450w, https:\/\/www.tuicamper.com\/wp-docker\/wp-content\/uploads\/2019\/04\/tromsoe-im-abendlicht.jpg 1280w\" data-sizes=\"(max-width: 1030px) 100vw, 1030px\" class='avia_image '  aria-label='Troms\u00f6 bei D\u00e4mmerung'><div class=\"av-image-caption-overlay\"><div class=\"av-caption-image-overlay-bg\"><\/div><div class=\"av-image-caption-overlay-position\"><div class=\"av-image-caption-overlay-center\"><p>Troms\u00f6 bei D\u00e4mmerung<\/p>\n<\/div><\/div><\/div><img decoding=\"async\" fetchpriority=\"high\" class='wp-image-1203 avia-img-lazy-loading-not-1203 avia_image ' src=\"https:\/\/www.tuicamper.com\/wp-docker\/wp-content\/uploads\/2019\/04\/tromsoe-im-abendlicht-1280x430.jpg\" alt='' title='Troms\u00f6 bei D\u00e4mmerung'  height=\"430\" width=\"1280\"  itemprop=\"thumbnailUrl\"  \/><\/a><\/div><\/div><\/div>\n<\/p>\n<\/div><\/div><\/div><!-- close content main div --><\/div><\/div><div id='av_section_6'  class='avia-section av-jt5vrdgv-4386718e65b314e69682ca60ae604601 main_color avia-section-default avia-no-border-styling  avia-builder-el-13  el_after_av_section  el_before_av_section  reduced-content avia-bg-style-scroll container_wrap sidebar_right'  ><div class='container av-section-cont-open' ><div class='template-page content  av-content-small alpha units'><div class='post-entry post-entry-type-page post-entry-1033'><div class='entry-content-wrapper clearfix'>\n\n<style type=\"text\/css\" data-created_by=\"avia_inline_auto\" id=\"style-css-av-1g5aou-6e8505d9de1136ce38f66b0d0e5d2a36\">\n.flex_column.av-1g5aou-6e8505d9de1136ce38f66b0d0e5d2a36{\nborder-radius:0px 0px 0px 0px;\npadding:0px 0px 0px 0px;\n}\n<\/style>\n<div  class='flex_column av-1g5aou-6e8505d9de1136ce38f66b0d0e5d2a36 av_one_full  avia-builder-el-14  avia-builder-el-no-sibling  first flex_column_div av-zero-column-padding  '     ><section  class='av_textblock_section av-jt5tjyk0-1e04ddf86ca9bd8201b4b17bbb4a6491 '   itemscope=\"itemscope\" itemtype=\"https:\/\/schema.org\/BlogPosting\" itemprop=\"blogPost\" ><div class='avia_textblock'  itemprop=\"text\" ><h3>Tipps und Highlights rund um Troms\u00f6<\/h3>\n<p>Sowohl in als auch rund um Troms\u00f6 gibt es viel zu entdecken. Die wichtigsten Highlights im \u00dcberblick:<\/p>\n<ul>\n<li><strong>Eismeerkathedrale<\/strong>: Die beeindruckende Eismeerkathedrale, deren einmalige Architektur von der Natur der Arktis inspiriert worden ist, ist das Wahrzeichen von Troms\u00f6.<\/li>\n<li><strong>Mitternachtssonne<\/strong>: Vom 18. Mai bis zum 25. Juli verschwindet die Sonne in Troms\u00f6 selbst nachts nie hinter dem Horizont. Wer den Wohnmobil-Urlaub in Nordnorwegen in diese Zeit legt, lernt das magisch anmutende Licht der Mitternachtssonne kennen.<\/li>\n<li><strong>Seilbahn<\/strong>: Die beste Panoramasicht auf Troms\u00f6 genie\u00dfen Sie von der Luftseilbahn Fjellheisen aus, die geradewegs auf den Hausberg der Stadt f\u00fchrt. Im Sommer k\u00f6nnen Sie von hier aus auch die Mitternachtssonne in vollen Z\u00fcgen genie\u00dfen.<\/li>\n<li><strong>Polarlichter<\/strong>: Die Region rund um Troms\u00f6 liegt direkt unter dem Nordlichtoval \u2013 entsprechend gut stehen zwischen September und M\u00e4rz die Chancen, das tanzende Himmelspektakel bestaunen zu k\u00f6nnen. Noch bessere Bedingungen f\u00fcr Nordlichtj\u00e4ger herrschen allerdings in Alta.<\/li>\n<li><strong>Kaldfjorden<\/strong>: Mit dem Kaldfjorden finden Sie wenige Kilometer westlich von Troms\u00f6 (einfach auf der Stra\u00dfe 862 halten), einen idyllischen Fjord. Ein Abstecher lohnt sich!<\/li>\n<\/ul>\n<p><b>Tipp<\/b>: Mit\u00a0<a href=\"https:\/\/tromsolodgeandcamping.no\/en\/\" target=\"_blank\" rel=\"noopener\">Troms\u00f6 Lodge &amp; Camping<\/a>\u00a0finden Sie in der Region einen gut ausgestatteten Campingplatz vor.<\/p>\n<\/div><\/section><br \/>\n<div  class='avia-button-wrap av-ju2eusip-df223af1b3eaa3167c2bd7c211ba2532-wrap avia-button-center  avia-builder-el-16  el_after_av_textblock  avia-builder-el-last '><a href='https:\/\/www.tuicamper.com\/reiseziele\/europa\/norwegen\/bjerkvik\/'  class='avia-button av-ju2eusip-df223af1b3eaa3167c2bd7c211ba2532 av-link-btn avia-icon_select-yes-right-icon avia-size-large avia-position-center avia-color-theme-color'   aria-label=\"Jetzt Wohnmobil mieten ab Bjerkvik\"><span class='avia_iconbox_title' >Jetzt Wohnmobil mieten ab Bjerkvik<\/span><span class='avia_button_icon avia_button_icon_right avia-iconfont avia-font-entypo-fontello' data-av_icon='\ue875' data-av_iconfont='entypo-fontello' ><\/span><\/a><\/div><\/p><\/div><\/div><\/div><\/div><!-- close content main div --><\/div><\/div><div id='av_section_7'  class='avia-section av-jt5vrdgv-4386718e65b314e69682ca60ae604601 main_color avia-section-default avia-no-border-styling  avia-builder-el-17  el_after_av_section  el_before_av_textblock  reduced-content avia-bg-style-scroll container_wrap sidebar_right'  ><div class='container av-section-cont-open' ><div class='template-page content  av-content-small alpha units'><div class='post-entry post-entry-type-page post-entry-1033'><div class='entry-content-wrapper clearfix'>\n\n<style type=\"text\/css\" data-created_by=\"avia_inline_auto\" id=\"style-css-av-1g5aou-6e8505d9de1136ce38f66b0d0e5d2a36\">\n.flex_column.av-1g5aou-6e8505d9de1136ce38f66b0d0e5d2a36{\nborder-radius:0px 0px 0px 0px;\npadding:0px 0px 0px 0px;\n}\n<\/style>\n<div  class='flex_column av-1g5aou-6e8505d9de1136ce38f66b0d0e5d2a36 av_one_full  avia-builder-el-18  avia-builder-el-no-sibling  first flex_column_div av-zero-column-padding  '     ><section  class='av_textblock_section av-jt5tjyk0-1e04ddf86ca9bd8201b4b17bbb4a6491 '   itemscope=\"itemscope\" itemtype=\"https:\/\/schema.org\/BlogPosting\" itemprop=\"blogPost\" ><div class='avia_textblock'  itemprop=\"text\" ><h2>Alta \u2013 Nordnorwegen in der Nussschale<\/h2>\n<p>Wer Troms\u00f6 in Richtung Norden verl\u00e4sst, erreicht \u00fcber die E6 schon nach einem Tag gem\u00e4chlicher Fahrt die Region rund um Alta. Die Region am Ende des idyllischen Altafjords vereint etliche der Highlights Nordnorwegen auf engstem Raum. Zwischen Nordlichtern, einem spektakul\u00e4ren Canyon und der jahrtausendealten Kultur der Samen bleibt Campern zugleich viel Raum, um die idyllische Landschaft und die Gastfreundlichkeit der Einheimischen zu genie\u00dfen.<\/p>\n<\/div><\/section><\/div>\n<\/div><\/div><\/div><!-- close content main div --><\/div><\/div><div id='after_section_7'  class='main_color av_default_container_wrap container_wrap sidebar_right'  ><div class='container av-section-cont-open' ><div class='template-page content  av-content-small alpha units'><div class='post-entry post-entry-type-page post-entry-1033'><div class='entry-content-wrapper clearfix'><\/p>\n<section  class='av_textblock_section av-jtpqpty6-550c066a997ebaf648fccc87d0b9ff16 '   itemscope=\"itemscope\" itemtype=\"https:\/\/schema.org\/BlogPosting\" itemprop=\"blogPost\" ><div class='avia_textblock'  itemprop=\"text\" >\r\n<div style=\"clear: both;\"><\/div>\r\n<div class=\"post-breaker-item breaker-type-default\">\r\n    <div class=\"post-breaker-item-inner\">\r\n                    \n<style type=\"text\/css\" data-created_by=\"avia_inline_auto\" id=\"style-css-av-jtpksizx-4b352f2a2752c01e58a4c67632af1aa6\">\n#top .av_textblock_section.av-jtpksizx-4b352f2a2752c01e58a4c67632af1aa6 .avia_textblock{\nfont-size:28px;\n}\n<\/style>\n<section  class='av_textblock_section av-jtpksizx-4b352f2a2752c01e58a4c67632af1aa6 '   itemscope=\"itemscope\" itemtype=\"https:\/\/schema.org\/BlogPosting\" itemprop=\"blogPost\" ><div class='avia_textblock'  itemprop=\"text\" ><p><strong>\u2013 Lesen Sie auch \u2013<\/strong><\/p>\n<\/div><\/section>\n\n<style type=\"text\/css\" data-created_by=\"avia_inline_auto\" id=\"style-css-av-mjaz5-4a5e7a4612d820311f0a023801221c9c\">\n.flex_column.av-mjaz5-4a5e7a4612d820311f0a023801221c9c{\nborder-radius:0px 0px 0px 0px;\npadding:0px 0px 0px 0px;\n}\n<\/style>\n<div  class='flex_column av-mjaz5-4a5e7a4612d820311f0a023801221c9c av_one_third first flex_column_div av-zero-column-padding  '     ><p>\n<style type=\"text\/css\" data-created_by=\"avia_inline_auto\" id=\"style-css-av-jt75ko0n-caa53760818ad98dc313de76c5d82db3\">\n.avia-image-container.av-jt75ko0n-caa53760818ad98dc313de76c5d82db3 img.avia_image{\nbox-shadow:none;\n}\n.avia-image-container.av-jt75ko0n-caa53760818ad98dc313de76c5d82db3 .av-image-caption-overlay-center{\ncolor:#ffffff;\n}\n<\/style>\n<div  class='avia-image-container av-jt75ko0n-caa53760818ad98dc313de76c5d82db3 av-styling-no-styling av-hover-grow av-hide-overflow av-img-linked avia_animated_image av-animated-when-visible-95 fade-in avia-align-left'   itemprop=\"image\" itemscope=\"itemscope\" itemtype=\"https:\/\/schema.org\/ImageObject\" ><div class=\"avia-image-container-inner\"><div class=\"avia-image-overlay-wrap\"><a href=\"https:\/\/www.tuicamper.com\/magazin\/lofoten-rundreise\/\" class='avia_image '  aria-label='Lofoten Rundreise'><img decoding=\"async\" fetchpriority=\"high\" class='wp-image-3239 avia-img-lazy-loading-not-3239 avia_image ' src=\"https:\/\/www.tuicamper.com\/wp-docker\/wp-content\/uploads\/2019\/04\/lofoten-rundreise-teaser.jpg\" alt='Lofoten Rundreise' title='Lofoten Rundreise'  height=\"200\" width=\"350\"  itemprop=\"thumbnailUrl\" srcset=\"https:\/\/www.tuicamper.com\/wp-docker\/wp-content\/uploads\/2019\/04\/lofoten-rundreise-teaser.jpg 350w, https:\/\/www.tuicamper.com\/wp-docker\/wp-content\/uploads\/2019\/04\/lofoten-rundreise-teaser-300x171.jpg 300w\" sizes=\"(max-width: 350px) 100vw, 350px\" \/><\/a><\/div><\/div><\/div><br \/>\n<section  class='av_textblock_section av-jt75lbqb-bba29013bb6610b0762c56b6a5ae7819 '   itemscope=\"itemscope\" itemtype=\"https:\/\/schema.org\/BlogPosting\" itemprop=\"blogPost\" ><div class='avia_textblock'  itemprop=\"text\" ><p style=\"text-align: left;\"><a href=\"https:\/\/www.tuicamper.com\/magazin\/lofoten-rundreise\/\"><strong>Lofoten-Rundreise mit dem Camper \u2013 Camping, Reisezeit &amp; Highlights<\/strong><\/a><\/p>\n<\/div><\/section><\/p><\/div>\n\n<style type=\"text\/css\" data-created_by=\"avia_inline_auto\" id=\"style-css-av-7tzf5-0c74ac4f5c6d3099336654f757cbc09f\">\n.flex_column.av-7tzf5-0c74ac4f5c6d3099336654f757cbc09f{\nborder-radius:0px 0px 0px 0px;\npadding:0px 0px 0px 0px;\n}\n<\/style>\n<div  class='flex_column av-7tzf5-0c74ac4f5c6d3099336654f757cbc09f av_one_third flex_column_div av-zero-column-padding  '     ><p>\n<style type=\"text\/css\" data-created_by=\"avia_inline_auto\" id=\"style-css-av-jt75ko0n-9d69b910bb4ce2916fb5fa17d13d7b93\">\n.avia-image-container.av-jt75ko0n-9d69b910bb4ce2916fb5fa17d13d7b93 img.avia_image{\nbox-shadow:none;\n}\n.avia-image-container.av-jt75ko0n-9d69b910bb4ce2916fb5fa17d13d7b93 .av-image-caption-overlay-center{\ncolor:#ffffff;\n}\n<\/style>\n<div  class='avia-image-container av-jt75ko0n-9d69b910bb4ce2916fb5fa17d13d7b93 av-styling-no-styling av-hover-grow av-hide-overflow av-img-linked avia_animated_image av-animated-when-visible-95 fade-in avia-align-left'   itemprop=\"image\" itemscope=\"itemscope\" itemtype=\"https:\/\/schema.org\/ImageObject\" ><div class=\"avia-image-container-inner\"><div class=\"avia-image-overlay-wrap\"><a href=\"https:\/\/www.tuicamper.com\/routen\/norwegen-routen\/\" class='avia_image '  aria-label='Routenvorschl\u00e4ge Norwegen'><img decoding=\"async\" fetchpriority=\"high\" class='wp-image-1216 avia-img-lazy-loading-not-1216 avia_image ' src=\"https:\/\/www.tuicamper.com\/wp-docker\/wp-content\/uploads\/2019\/04\/routen-teaser.jpg\" alt='Routenvorschl\u00e4ge Norwegen' title='Routenvorschl\u00e4ge Norwegen'  height=\"200\" width=\"350\"  itemprop=\"thumbnailUrl\" srcset=\"https:\/\/www.tuicamper.com\/wp-docker\/wp-content\/uploads\/2019\/04\/routen-teaser.jpg 350w, https:\/\/www.tuicamper.com\/wp-docker\/wp-content\/uploads\/2019\/04\/routen-teaser-300x171.jpg 300w\" sizes=\"(max-width: 350px) 100vw, 350px\" \/><\/a><\/div><\/div><\/div><br \/>\n<section  class='av_textblock_section av-jt75lbqb-bba29013bb6610b0762c56b6a5ae7819 '   itemscope=\"itemscope\" itemtype=\"https:\/\/schema.org\/BlogPosting\" itemprop=\"blogPost\" ><div class='avia_textblock'  itemprop=\"text\" ><p style=\"text-align: left;\"><a href=\"https:\/\/www.tuicamper.com\/routen\/norwegen-routen\/\"><strong>Wohnmobil-Routen f\u00fcr Norwegen \u2013 Die sch\u00f6nsten Touren &amp; Rundreisen<\/strong><\/a><\/p>\n<\/div><\/section><\/p><\/div>\n<style type=\"text\/css\" data-created_by=\"avia_inline_auto\" id=\"style-css-av-ehyb5-8fadcff6392c44a3fc98dc4b014d4246\">\n.flex_column.av-ehyb5-8fadcff6392c44a3fc98dc4b014d4246{\nborder-radius:0px 0px 0px 0px;\npadding:0px 0px 0px 0px;\n}\n<\/style>\n<div  class='flex_column av-ehyb5-8fadcff6392c44a3fc98dc4b014d4246 av_one_third flex_column_div av-zero-column-padding  '     ><p>\n<style type=\"text\/css\" data-created_by=\"avia_inline_auto\" id=\"style-css-av-jt75ko0n-45d9560982e3d9e09f30f9825671c274\">\n.avia-image-container.av-jt75ko0n-45d9560982e3d9e09f30f9825671c274 img.avia_image{\nbox-shadow:none;\n}\n.avia-image-container.av-jt75ko0n-45d9560982e3d9e09f30f9825671c274 .av-image-caption-overlay-center{\ncolor:#ffffff;\n}\n<\/style>\n<div  class='avia-image-container av-jt75ko0n-45d9560982e3d9e09f30f9825671c274 av-styling-no-styling av-hover-grow av-hide-overflow av-img-linked avia_animated_image av-animated-when-visible-95 fade-in avia-align-left'   itemprop=\"image\" itemscope=\"itemscope\" itemtype=\"https:\/\/schema.org\/ImageObject\" ><div class=\"avia-image-container-inner\"><div class=\"avia-image-overlay-wrap\"><a href=\"https:\/\/www.tuicamper.com\/magazin\/reisetipps-norwegen\/\" class='avia_image '  aria-label='Reisetipps Norwegen'><img decoding=\"async\" fetchpriority=\"high\" class='wp-image-1215 avia-img-lazy-loading-not-1215 avia_image ' src=\"https:\/\/www.tuicamper.com\/wp-docker\/wp-content\/uploads\/2019\/04\/reisetipps-norwegen-teaser.jpg\" alt='' title='Reisetipps Norwegen'  height=\"200\" width=\"350\"  itemprop=\"thumbnailUrl\" srcset=\"https:\/\/www.tuicamper.com\/wp-docker\/wp-content\/uploads\/2019\/04\/reisetipps-norwegen-teaser.jpg 350w, https:\/\/www.tuicamper.com\/wp-docker\/wp-content\/uploads\/2019\/04\/reisetipps-norwegen-teaser-300x171.jpg 300w\" sizes=\"(max-width: 350px) 100vw, 350px\" \/><\/a><\/div><\/div><\/div><br \/>\n<section  class='av_textblock_section av-jt75lbqb-bba29013bb6610b0762c56b6a5ae7819 '   itemscope=\"itemscope\" itemtype=\"https:\/\/schema.org\/BlogPosting\" itemprop=\"blogPost\" ><div class='avia_textblock'  itemprop=\"text\" ><p style=\"text-align: left;\"><strong><a href=\"https:\/\/www.tuicamper.com\/magazin\/reisetipps-norwegen\/\">Reisetipps Norwegen \u2013 Die wichtigsten Tipps f\u00fcr Ihre Camper-Tour nach Norwegen<\/a><\/strong><\/p>\n<\/div><\/section><\/p><\/div><\/p>\n            <div style=\"clear: both;\"><\/div>\r\n            <\/div>\r\n<\/div>\r\n\n<\/div><\/section>\n<\/div><\/div><\/div><!-- close content main div --><\/div><\/div><div id='av_section_8'  class='avia-section av-jt5vrdgv-4386718e65b314e69682ca60ae604601 main_color avia-section-default avia-no-border-styling  avia-builder-el-21  el_after_av_textblock  el_before_av_section  reduced-content avia-bg-style-scroll container_wrap sidebar_right'  ><div class='container av-section-cont-open' ><div class='template-page content  av-content-small alpha units'><div class='post-entry post-entry-type-page post-entry-1033'><div class='entry-content-wrapper clearfix'>\n\n<style type=\"text\/css\" data-created_by=\"avia_inline_auto\" id=\"style-css-av-1g5aou-6e8505d9de1136ce38f66b0d0e5d2a36\">\n.flex_column.av-1g5aou-6e8505d9de1136ce38f66b0d0e5d2a36{\nborder-radius:0px 0px 0px 0px;\npadding:0px 0px 0px 0px;\n}\n<\/style>\n<div  class='flex_column av-1g5aou-6e8505d9de1136ce38f66b0d0e5d2a36 av_one_full  avia-builder-el-22  el_before_av_horizontal_gallery  avia-builder-el-no-sibling  first flex_column_div av-zero-column-padding  '     ><section  class='av_textblock_section av-jt5tjyk0-1e04ddf86ca9bd8201b4b17bbb4a6491 '   itemscope=\"itemscope\" itemtype=\"https:\/\/schema.org\/BlogPosting\" itemprop=\"blogPost\" ><div class='avia_textblock'  itemprop=\"text\" ><h3>Die Highlights von Alta<\/h3>\n<p>Es lohnt sich, in und rund um den Ort Alta f\u00fcr einige Tage sein Lager aufzuschlagen. Immerhin gibt es hier zu jeder Jahreszeit viel zu entdecken. Um nur die wichtigsten Highlights zu nennen:<\/p>\n<ul>\n<li><strong>Seiland Nationalpark<\/strong>: Via Boot oder F\u00e4hre erreichen Sie von Alta oder dem nahe gelegenen Hammerfest aus den Seiland Nationalpark. Der fruchtbare Boden hat hier eine sehr \u00fcppige Vegetation sprie\u00dfen lassen. Zudem bev\u00f6lkern etliche Rentiere und Raubv\u00f6gel den Park. Besonderes Highlight: eine Gletscherwanderung entlang der zwei n\u00f6rdlichsten \u2013 und niedrigsten \u2013 Gletscher Norwegens.<\/li>\n<li><strong>Nordlichter<\/strong>: Dank seines trockenen Klimas eignet sich Alta perfekt, um Polarlichter zu beobachten. Diesen wurde mit der Nordlichtkathedrale ein beeindruckendes Bauwerk gewidmet.<\/li>\n<li><strong>Alta-Canyon<\/strong>: Mit dem Alta-Canyon\u00a0<em>Sautso<\/em>\u00a0finden Wohnmobil-Urlauber vor Ort eines der spektakul\u00e4rsten Naturhighlights Norwegens vor. Der rund 10 Kilometer lange und bis zu 420 Meter tiefe Canyon h\u00e4lt f\u00fcr Wanderer im Sommer unschlagbare Panoramen bereit.<\/li>\n<li><strong>Alta-Museum<\/strong>: Schon vor gut 15.000 Jahren lebten Menschen rund um Alta. Noch heute sind etliche Felsritzungen aus der Steinzeit (vor rund 6.000 Jahren) entlang eines Lehrpfads des Alta-Museums zu sehen, das von der UNESCO als Weltkulturerbe gef\u00fchrt wird.<\/li>\n<\/ul>\n<p>Zudem l\u00e4dt der Alta-Fjord zu langen Spazierg\u00e4ngen und Wanderungen ein. Geradezu traumwandlerisch sch\u00f6n ist ein Spaziergang, wenn die Mitternachtssonne tief \u00fcber dem Fjord steht.<\/p>\n<p><b>Tipp<\/b>: Rund um Alta leben etliche Rentiere, die \u2013 gerade auf weniger befahrenen Strecken \u2013 auch gerne mal die Stra\u00dfe \u00fcberqueren. Fahren Sie entsprechend vorsichtig!<\/p>\n<\/div><\/section><\/div>\n<style type=\"text\/css\" data-created_by=\"avia_inline_auto\" id=\"style-css-av-juazpu5v-64773122e09c737d62008f023cc358f4\">\n.av-horizontal-gallery.av-juazpu5v-64773122e09c737d62008f023cc358f4{\npadding:4.5% 0px;;\n}\n.av-horizontal-gallery.av-juazpu5v-64773122e09c737d62008f023cc358f4 .av-horizontal-gallery-inner{\npadding-bottom:30%;\n}\n<\/style>\n<div  class='av-horizontal-gallery av-juazpu5v-64773122e09c737d62008f023cc358f4 av-horizontal-gallery-large-gap av-horizontal-gallery-enlarge-effect  avia-builder-el-24  el_after_av_one_full  avia-builder-el-last  av-slideshow-ui av-control-default av-slideshow-manual av-loop-once av-loop-manual-endless av-horizontal-gallery-1' data-slideshow-data=\"{&quot;enlarge&quot;:1.3,&quot;animation&quot;:&quot;slide&quot;,&quot;autoplay&quot;:false,&quot;loop_autoplay&quot;:&quot;once&quot;,&quot;interval&quot;:5,&quot;loop_manual&quot;:&quot;manual-endless&quot;,&quot;autoplay_stopper&quot;:false,&quot;noNavigation&quot;:false,&quot;bg_slider&quot;:false,&quot;keep_padding&quot;:&quot;&quot;,&quot;hoverpause&quot;:false,&quot;show_slide_delay&quot;:0,&quot;initial&quot;:&quot;2&quot;}\"  itemprop=\"image\" itemscope=\"itemscope\" itemtype=\"https:\/\/schema.org\/ImageObject\" ><div class='avia-slideshow-arrows avia-slideshow-controls' ><a href='#prev' class='prev-slide av-horizontal-gallery-prev avia-svg-icon avia-font-svg_entypo-fontello' data-av_svg_icon='left-open-big' data-av_iconset='svg_entypo-fontello' tabindex='-1' title=\"Zur\u00fcck\"><svg version=\"1.1\" xmlns=\"http:\/\/www.w3.org\/2000\/svg\" width=\"15\" height=\"32\" viewBox=\"0 0 15 32\" preserveAspectRatio=\"xMidYMid meet\" aria-labelledby='av-svg-title-1' aria-describedby='av-svg-desc-1' role=\"graphics-symbol\" aria-hidden=\"true\">\n<title id='av-svg-title-1'>Zur\u00fcck<\/title>\n<desc id='av-svg-desc-1'>Zur\u00fcck<\/desc>\n<path d=\"M14.464 27.84q0.832 0.832 0 1.536-0.832 0.832-1.536 0l-12.544-12.608q-0.768-0.768 0-1.6l12.544-12.608q0.704-0.832 1.536 0 0.832 0.704 0 1.536l-11.456 11.904z\"><\/path>\n<\/svg><span class='avia_hidden_link_text'>Zur\u00fcck<\/span><\/a><a href='#next' class='next-slide av-horizontal-gallery-next avia-svg-icon avia-font-svg_entypo-fontello' data-av_svg_icon='right-open-big' data-av_iconset='svg_entypo-fontello' tabindex='-1' title=\"Weiter\"><svg version=\"1.1\" xmlns=\"http:\/\/www.w3.org\/2000\/svg\" width=\"15\" height=\"32\" viewBox=\"0 0 15 32\" preserveAspectRatio=\"xMidYMid meet\" aria-labelledby='av-svg-title-2' aria-describedby='av-svg-desc-2' role=\"graphics-symbol\" aria-hidden=\"true\">\n<title id='av-svg-title-2'>Weiter<\/title>\n<desc id='av-svg-desc-2'>Weiter<\/desc>\n<path d=\"M0.416 27.84l11.456-11.84-11.456-11.904q-0.832-0.832 0-1.536 0.832-0.832 1.536 0l12.544 12.608q0.768 0.832 0 1.6l-12.544 12.608q-0.704 0.832-1.536 0-0.832-0.704 0-1.536z\"><\/path>\n<\/svg><span class='avia_hidden_link_text'>Weiter<\/span><\/a><\/div><div class='avia-slideshow-dots avia-slideshow-controls av-horizontal-gallery-dots fade-in'><a href='#1' class='goto-slide active' >1<\/a><a href='#2' class='goto-slide ' >2<\/a><a href='#3' class='goto-slide ' >3<\/a><\/div><div class='av-horizontal-gallery-inner' data-av-height='30'><div class=\"av-horizontal-gallery-slider\"><div class=\"av-horizontal-gallery-wrap noHover\"><img decoding=\"async\" loading=\"lazy\" class='wp-image-1205 avia-img-lazy-loading-1205 av-horizontal-gallery-img' width=\"495\" height=\"400\" src=\"https:\/\/www.tuicamper.com\/wp-docker\/wp-content\/uploads\/2019\/04\/nordlichter-norwegen-495x400.jpg\" title='Nordlichter in Norwegen' alt='Nordlichter in Norwegen' srcset=\"https:\/\/www.tuicamper.com\/wp-docker\/wp-content\/uploads\/2019\/04\/nordlichter-norwegen-495x400.jpg 495w, https:\/\/www.tuicamper.com\/wp-docker\/wp-content\/uploads\/2019\/04\/nordlichter-norwegen-845x684.jpg 845w\" sizes=\"auto, (max-width: 495px) 100vw, 495px\" \/><a href=\"https:\/\/www.tuicamper.com\/wp-docker\/wp-content\/uploads\/2019\/04\/nordlichter-norwegen-1030x579.jpg\" data-srcset=\"https:\/\/www.tuicamper.com\/wp-docker\/wp-content\/uploads\/2019\/04\/nordlichter-norwegen-1030x579.jpg 1030w, https:\/\/www.tuicamper.com\/wp-docker\/wp-content\/uploads\/2019\/04\/nordlichter-norwegen-300x169.jpg 300w, https:\/\/www.tuicamper.com\/wp-docker\/wp-content\/uploads\/2019\/04\/nordlichter-norwegen-768x431.jpg 768w, https:\/\/www.tuicamper.com\/wp-docker\/wp-content\/uploads\/2019\/04\/nordlichter-norwegen-705x396.jpg 705w, https:\/\/www.tuicamper.com\/wp-docker\/wp-content\/uploads\/2019\/04\/nordlichter-norwegen-450x253.jpg 450w, https:\/\/www.tuicamper.com\/wp-docker\/wp-content\/uploads\/2019\/04\/nordlichter-norwegen.jpg 1280w\" data-sizes=\"(max-width: 1030px) 100vw, 1030px\" class='av-horizontal-gallery-link avia-svg-icon avia-font-svg_entypo-fontello' data-av_svg_icon='resize-full' data-av_iconset='svg_entypo-fontello' title='Nordlichter in Norwegen' alt='Nordlichter in Norwegen' aria-label='Open image in lightbox: Nordlichter in Norwegen'><svg version=\"1.1\" xmlns=\"http:\/\/www.w3.org\/2000\/svg\" width=\"25\" height=\"32\" viewBox=\"0 0 25 32\" preserveAspectRatio=\"xMidYMid meet\" aria-labelledby='av-svg-title-3' aria-describedby='av-svg-desc-3' role=\"graphics-symbol\" aria-hidden=\"true\">\n<title id='av-svg-title-3'>Open image in lightbox: Nordlichter in Norwegen<\/title>\n<desc id='av-svg-desc-3'>Open image in lightbox: Nordlichter in Norwegen<\/desc>\n<path d=\"M15.232 3.328h10.112v10.112l-3.2-3.968-4.672 4.864-3.2-3.2 4.864-4.672zM7.872 17.536l3.2 3.2-4.864 4.672 3.904 3.2h-10.112v-10.112l3.2 3.904z\"><\/path>\n<\/svg><\/a><\/div><div class=\"av-horizontal-gallery-wrap noHover\"><img decoding=\"async\" loading=\"lazy\" class='wp-image-1210 avia-img-lazy-loading-1210 av-horizontal-gallery-img' width=\"495\" height=\"400\" src=\"https:\/\/www.tuicamper.com\/wp-docker\/wp-content\/uploads\/2019\/04\/rentiere-strasse-495x400.jpg\" title='Rentiere auf der Stra\u00dfe' alt='Rentiere auf der Stra\u00dfe' \/><a href=\"https:\/\/www.tuicamper.com\/wp-docker\/wp-content\/uploads\/2019\/04\/rentiere-strasse-1030x538.jpg\" data-srcset=\"https:\/\/www.tuicamper.com\/wp-docker\/wp-content\/uploads\/2019\/04\/rentiere-strasse-1030x538.jpg 1030w, https:\/\/www.tuicamper.com\/wp-docker\/wp-content\/uploads\/2019\/04\/rentiere-strasse-300x157.jpg 300w, https:\/\/www.tuicamper.com\/wp-docker\/wp-content\/uploads\/2019\/04\/rentiere-strasse-768x401.jpg 768w, https:\/\/www.tuicamper.com\/wp-docker\/wp-content\/uploads\/2019\/04\/rentiere-strasse-705x368.jpg 705w, https:\/\/www.tuicamper.com\/wp-docker\/wp-content\/uploads\/2019\/04\/rentiere-strasse-450x235.jpg 450w, https:\/\/www.tuicamper.com\/wp-docker\/wp-content\/uploads\/2019\/04\/rentiere-strasse.jpg 1280w\" data-sizes=\"(max-width: 1030px) 100vw, 1030px\" class='av-horizontal-gallery-link avia-svg-icon avia-font-svg_entypo-fontello' data-av_svg_icon='resize-full' data-av_iconset='svg_entypo-fontello' title='Rentiere auf der Stra\u00dfe' alt='Rentiere auf der Stra\u00dfe' aria-label='Open image in lightbox: Rentiere auf der Stra\u00dfe'><svg version=\"1.1\" xmlns=\"http:\/\/www.w3.org\/2000\/svg\" width=\"25\" height=\"32\" viewBox=\"0 0 25 32\" preserveAspectRatio=\"xMidYMid meet\" aria-labelledby='av-svg-title-4' aria-describedby='av-svg-desc-4' role=\"graphics-symbol\" aria-hidden=\"true\">\n<title id='av-svg-title-4'>Open image in lightbox: Rentiere auf der Stra\u00dfe<\/title>\n<desc id='av-svg-desc-4'>Open image in lightbox: Rentiere auf der Stra\u00dfe<\/desc>\n<path d=\"M15.232 3.328h10.112v10.112l-3.2-3.968-4.672 4.864-3.2-3.2 4.864-4.672zM7.872 17.536l3.2 3.2-4.864 4.672 3.904 3.2h-10.112v-10.112l3.2 3.904z\"><\/path>\n<\/svg><\/a><\/div><div class=\"av-horizontal-gallery-wrap noHover\"><img decoding=\"async\" loading=\"lazy\" class='wp-image-1209 avia-img-lazy-loading-1209 av-horizontal-gallery-img' width=\"495\" height=\"400\" src=\"https:\/\/www.tuicamper.com\/wp-docker\/wp-content\/uploads\/2019\/04\/nordlichter-lofoten-495x400.jpg\" title='Nordlichter in den Lofoten' alt='Nordlichter in den Lofoten' srcset=\"https:\/\/www.tuicamper.com\/wp-docker\/wp-content\/uploads\/2019\/04\/nordlichter-lofoten-495x400.jpg 495w, https:\/\/www.tuicamper.com\/wp-docker\/wp-content\/uploads\/2019\/04\/nordlichter-lofoten-845x684.jpg 845w\" sizes=\"auto, (max-width: 495px) 100vw, 495px\" \/><a href=\"https:\/\/www.tuicamper.com\/wp-docker\/wp-content\/uploads\/2019\/04\/nordlichter-lofoten-1030x687.jpg\" data-srcset=\"https:\/\/www.tuicamper.com\/wp-docker\/wp-content\/uploads\/2019\/04\/nordlichter-lofoten-1030x687.jpg 1030w, https:\/\/www.tuicamper.com\/wp-docker\/wp-content\/uploads\/2019\/04\/nordlichter-lofoten-300x200.jpg 300w, https:\/\/www.tuicamper.com\/wp-docker\/wp-content\/uploads\/2019\/04\/nordlichter-lofoten-768x512.jpg 768w, https:\/\/www.tuicamper.com\/wp-docker\/wp-content\/uploads\/2019\/04\/nordlichter-lofoten-705x470.jpg 705w, https:\/\/www.tuicamper.com\/wp-docker\/wp-content\/uploads\/2019\/04\/nordlichter-lofoten-450x300.jpg 450w, https:\/\/www.tuicamper.com\/wp-docker\/wp-content\/uploads\/2019\/04\/nordlichter-lofoten.jpg 1280w\" data-sizes=\"(max-width: 1030px) 100vw, 1030px\" class='av-horizontal-gallery-link avia-svg-icon avia-font-svg_entypo-fontello' data-av_svg_icon='resize-full' data-av_iconset='svg_entypo-fontello' title='Nordlichter in den Lofoten' alt='Nordlichter in den Lofoten' aria-label='Open image in lightbox: Nordlichter in den Lofoten'><svg version=\"1.1\" xmlns=\"http:\/\/www.w3.org\/2000\/svg\" width=\"25\" height=\"32\" viewBox=\"0 0 25 32\" preserveAspectRatio=\"xMidYMid meet\" aria-labelledby='av-svg-title-5' aria-describedby='av-svg-desc-5' role=\"graphics-symbol\" aria-hidden=\"true\">\n<title id='av-svg-title-5'>Open image in lightbox: Nordlichter in den Lofoten<\/title>\n<desc id='av-svg-desc-5'>Open image in lightbox: Nordlichter in den Lofoten<\/desc>\n<path d=\"M15.232 3.328h10.112v10.112l-3.2-3.968-4.672 4.864-3.2-3.2 4.864-4.672zM7.872 17.536l3.2 3.2-4.864 4.672 3.904 3.2h-10.112v-10.112l3.2 3.904z\"><\/path>\n<\/svg><\/a><\/div><\/div><\/div><\/div>\n\n<\/div><\/div><\/div><!-- close content main div --><\/div><\/div><div id='av_section_9'  class='avia-section av-jt5vrdgv-4386718e65b314e69682ca60ae604601 main_color avia-section-default avia-no-border-styling  avia-builder-el-25  el_after_av_section  el_before_av_section  reduced-content avia-bg-style-scroll container_wrap sidebar_right'  ><div class='container av-section-cont-open' ><div class='template-page content  av-content-small alpha units'><div class='post-entry post-entry-type-page post-entry-1033'><div class='entry-content-wrapper clearfix'>\n\n<style type=\"text\/css\" data-created_by=\"avia_inline_auto\" id=\"style-css-av-1g5aou-6e8505d9de1136ce38f66b0d0e5d2a36\">\n.flex_column.av-1g5aou-6e8505d9de1136ce38f66b0d0e5d2a36{\nborder-radius:0px 0px 0px 0px;\npadding:0px 0px 0px 0px;\n}\n<\/style>\n<div  class='flex_column av-1g5aou-6e8505d9de1136ce38f66b0d0e5d2a36 av_one_full  avia-builder-el-26  avia-builder-el-no-sibling  first flex_column_div av-zero-column-padding  '     ><section  class='av_textblock_section av-jt5tjyk0-1e04ddf86ca9bd8201b4b17bbb4a6491 '   itemscope=\"itemscope\" itemtype=\"https:\/\/schema.org\/BlogPosting\" itemprop=\"blogPost\" ><div class='avia_textblock'  itemprop=\"text\" ><h3>Campingplatzempfehlungen rund um Alta<\/h3>\n<p>Alta wartet mit einer ganzen Reihe von Campingpl\u00e4tzen auf. W\u00e4hrend etwa\u00a0<a href=\"https:\/\/alta-river-camping.no\/\" target=\"_blank\" rel=\"noopener\">Alta River Camping<\/a>\u00a0direkt im lebendigen Hauptort der Kommune liegt, genie\u00dfen Sie in\u00a0<a href=\"http:\/\/www.altafjord-camping.no\/english\" target=\"_blank\" rel=\"noopener\">Altafjord Camping<\/a>\u00a0die Ruhe und Sch\u00f6nheit des Altafjords.<\/p>\n<\/div><\/section><\/div>\n\n<\/div><\/div><\/div><!-- close content main div --><\/div><\/div><div id='av_section_10'  class='avia-section av-jt5vrdgv-4386718e65b314e69682ca60ae604601 main_color avia-section-default avia-no-border-styling  avia-builder-el-28  el_after_av_section  el_before_av_section  reduced-content avia-bg-style-scroll container_wrap sidebar_right'  ><div class='container av-section-cont-open' ><div class='template-page content  av-content-small alpha units'><div class='post-entry post-entry-type-page post-entry-1033'><div class='entry-content-wrapper clearfix'>\n\n<style type=\"text\/css\" data-created_by=\"avia_inline_auto\" id=\"style-css-av-1g5aou-6e8505d9de1136ce38f66b0d0e5d2a36\">\n.flex_column.av-1g5aou-6e8505d9de1136ce38f66b0d0e5d2a36{\nborder-radius:0px 0px 0px 0px;\npadding:0px 0px 0px 0px;\n}\n<\/style>\n<div  class='flex_column av-1g5aou-6e8505d9de1136ce38f66b0d0e5d2a36 av_one_full  avia-builder-el-29  avia-builder-el-no-sibling  first flex_column_div av-zero-column-padding  '     ><section  class='av_textblock_section av-jt5tjyk0-1e04ddf86ca9bd8201b4b17bbb4a6491 '   itemscope=\"itemscope\" itemtype=\"https:\/\/schema.org\/BlogPosting\" itemprop=\"blogPost\" ><div class='avia_textblock'  itemprop=\"text\" ><h2>Nordkap: einzigartiger Blick aufs Nordpolarmeer<\/h2>\n<p>Das legend\u00e4re Nordkap ist f\u00fcr viele Camper das Ziel Ihrer Tour durch Nordnorwegen. Immerhin gilt das weit ins Nordpolarmeer hinausragende Kap als der (fast) n\u00f6rdlichste Punkt Europas. Spektakul\u00e4r ist aber bereits die Fahrt ans Nordkap. Diese f\u00fchrt \u00fcber die E69 zun\u00e4chst \u00fcber weite Teile durch unber\u00fchrte Landschaften, die zum Hinwegtr\u00e4umen in die ganz pers\u00f6nliche Robinsonade einladen, bis schlie\u00dflich der Nordkap-Tunnel erreicht wird. Der Unterwassertunnel verbindet das Festland mit Mager\u00f6ya, der Insel, die das ber\u00fchmte Nordkap beherbergt. Das beeindruckende: Ihr Weg f\u00fchrt Sie auf einer Strecke von fast sieben Kilometern bis zu 212 Meter unter dem Meeresspiegel entlang.<\/p>\n<\/div><\/section><\/div>\n\n<\/div><\/div><\/div><!-- close content main div --><\/div><\/div><div id='av_section_11'  class='avia-section av-b7gvl-1eb57de5f7b7a94c40602e8cf977ebb0 main_color avia-section-default avia-no-border-styling  avia-builder-el-31  el_after_av_section  el_before_av_section  reduced-content avia-bg-style-scroll container_wrap sidebar_right'  ><div class='container av-section-cont-open' ><div class='template-page content  av-content-small alpha units'><div class='post-entry post-entry-type-page post-entry-1033'><div class='entry-content-wrapper clearfix'>\n\n<style type=\"text\/css\" data-created_by=\"avia_inline_auto\" id=\"style-css-av-jtplvt5k-6735aae7a0b1fe70529d8c1887cbd0a4\">\n.avia-image-container.av-jtplvt5k-6735aae7a0b1fe70529d8c1887cbd0a4 img.avia_image{\nbox-shadow:none;\n}\n.avia-image-container.av-jtplvt5k-6735aae7a0b1fe70529d8c1887cbd0a4 .av-caption-image-overlay-bg{\nopacity:0.4;\nbackground-color:#000000;\n}\n.avia-image-container.av-jtplvt5k-6735aae7a0b1fe70529d8c1887cbd0a4 .av-image-caption-overlay-center{\ncolor:#ffffff;\n}\n<\/style>\n<div  class='avia-image-container av-jtplvt5k-6735aae7a0b1fe70529d8c1887cbd0a4 av-styling- av-img-linked avia_animated_image av-animated-when-visible-95 fade-in avia-align-center  avia-builder-el-32  avia-builder-el-no-sibling  noHover av-overlay-on-hover'   itemprop=\"image\" itemscope=\"itemscope\" itemtype=\"https:\/\/schema.org\/ImageObject\" ><div class=\"avia-image-container-inner\"><div class=\"avia-image-overlay-wrap\"><a href=\"https:\/\/www.tuicamper.com\/wp-docker\/wp-content\/uploads\/2019\/04\/weltkugel-am-nordkap-1030x686.jpg\" data-srcset=\"https:\/\/www.tuicamper.com\/wp-docker\/wp-content\/uploads\/2019\/04\/weltkugel-am-nordkap-1030x686.jpg 1030w, https:\/\/www.tuicamper.com\/wp-docker\/wp-content\/uploads\/2019\/04\/weltkugel-am-nordkap-300x200.jpg 300w, https:\/\/www.tuicamper.com\/wp-docker\/wp-content\/uploads\/2019\/04\/weltkugel-am-nordkap-768x512.jpg 768w, https:\/\/www.tuicamper.com\/wp-docker\/wp-content\/uploads\/2019\/04\/weltkugel-am-nordkap-705x470.jpg 705w, https:\/\/www.tuicamper.com\/wp-docker\/wp-content\/uploads\/2019\/04\/weltkugel-am-nordkap-450x300.jpg 450w, https:\/\/www.tuicamper.com\/wp-docker\/wp-content\/uploads\/2019\/04\/weltkugel-am-nordkap.jpg 1280w\" data-sizes=\"(max-width: 1030px) 100vw, 1030px\" class='avia_image '  aria-label='Weltkugel am Nordkap'><div class=\"av-image-caption-overlay\"><div class=\"av-caption-image-overlay-bg\"><\/div><div class=\"av-image-caption-overlay-position\"><div class=\"av-image-caption-overlay-center\"><p>Weltkugel am Nordkap<\/p>\n<\/div><\/div><\/div><img decoding=\"async\" fetchpriority=\"high\" class='wp-image-1206 avia-img-lazy-loading-not-1206 avia_image ' src=\"https:\/\/www.tuicamper.com\/wp-docker\/wp-content\/uploads\/2019\/04\/weltkugel-am-nordkap-1280x630.jpg\" alt='Weltkugel am Nordkap' title='Weltkugel am Nordkap'  height=\"630\" width=\"1280\"  itemprop=\"thumbnailUrl\"  \/><\/a><\/div><\/div><\/div>\n\n<\/div><\/div><\/div><!-- close content main div --><\/div><\/div><div id='av_section_12'  class='avia-section av-jt5vrdgv-4386718e65b314e69682ca60ae604601 main_color avia-section-default avia-no-border-styling  avia-builder-el-33  el_after_av_section  el_before_av_section  reduced-content avia-bg-style-scroll container_wrap sidebar_right'  ><div class='container av-section-cont-open' ><div class='template-page content  av-content-small alpha units'><div class='post-entry post-entry-type-page post-entry-1033'><div class='entry-content-wrapper clearfix'>\n\n<style type=\"text\/css\" data-created_by=\"avia_inline_auto\" id=\"style-css-av-1g5aou-6e8505d9de1136ce38f66b0d0e5d2a36\">\n.flex_column.av-1g5aou-6e8505d9de1136ce38f66b0d0e5d2a36{\nborder-radius:0px 0px 0px 0px;\npadding:0px 0px 0px 0px;\n}\n<\/style>\n<div  class='flex_column av-1g5aou-6e8505d9de1136ce38f66b0d0e5d2a36 av_one_full  avia-builder-el-34  el_before_av_button  avia-builder-el-first  first flex_column_div av-zero-column-padding  '     ><section  class='av_textblock_section av-jt5tjyk0-1e04ddf86ca9bd8201b4b17bbb4a6491 '   itemscope=\"itemscope\" itemtype=\"https:\/\/schema.org\/BlogPosting\" itemprop=\"blogPost\" ><div class='avia_textblock'  itemprop=\"text\" ><h3>Mager\u00f6ya und das Nordkap: Das gibt es zu sehen<\/h3>\n<p>Keine Frage, der Blick von der Spitze des Nordkaps auf das Nordpolarmeer hinaus ist ein absolutes Highlight einer jeden Troms\u00f6-Rundreise. Direkt hinter\u00a0<i>Globus<\/i>, dem weltber\u00fchmten Wahrzeichen des Nordkaps, fallen die Klippen steil ins endlos erscheinende Meer ab. Steht \u00fcber dieser spektakul\u00e4ren Kulisse auch noch die Mitternachtssonne, empfinden garantiert auch wenig sentimental veranlagte Campernaturen ein Gef\u00fchl der Ehrfurcht. Wer sich danach erst mal st\u00e4rken muss, findet im 1. Stock der unweit gelegenen Nordkapphalle ein Restaurant \u2013 mit traumhaftem Panoramablick auf Meer und Plateau versteht sich.<\/p>\n<\/div><\/section><\/div><div  class='avia-button-wrap av-ju2eusip-0233a614101b46dc95d8c20119c3c1aa-wrap avia-button-center  avia-builder-el-36  el_after_av_one_full  el_before_av_one_full '><a href='https:\/\/www.tuicamper.com\/reiseziele\/europa\/norwegen\/'  class='avia-button av-ju2eusip-0233a614101b46dc95d8c20119c3c1aa av-link-btn avia-icon_select-yes-right-icon avia-size-large avia-position-center avia-color-theme-color'   aria-label=\"Jetzt Wohnmobil mieten f\u00fcr Norwegen\"><span class='avia_iconbox_title' >Jetzt Wohnmobil mieten f\u00fcr Norwegen<\/span><span class='avia_button_icon avia_button_icon_right avia-iconfont avia-font-entypo-fontello' data-av_icon='\ue875' data-av_iconfont='entypo-fontello' ><\/span><\/a><\/div>\n\n<style type=\"text\/css\" data-created_by=\"avia_inline_auto\" id=\"style-css-av-1g5aou-6e8505d9de1136ce38f66b0d0e5d2a36\">\n.flex_column.av-1g5aou-6e8505d9de1136ce38f66b0d0e5d2a36{\nborder-radius:0px 0px 0px 0px;\npadding:0px 0px 0px 0px;\n}\n<\/style>\n<div  class='flex_column av-1g5aou-6e8505d9de1136ce38f66b0d0e5d2a36 av_one_full  avia-builder-el-37  el_after_av_button  avia-builder-el-last  first flex_column_div av-zero-column-padding  '     ><section  class='av_textblock_section av-jt5tjyk0-1e04ddf86ca9bd8201b4b17bbb4a6491 '   itemscope=\"itemscope\" itemtype=\"https:\/\/schema.org\/BlogPosting\" itemprop=\"blogPost\" ><div class='avia_textblock'  itemprop=\"text\" ><p><b>Gut zu wissen<\/b>: Ein Besuch der Insel Mager\u00f6ya lohnt sich nicht nur wegen des Nordkaps. Die fantastischen Lichtverh\u00e4ltnisse tauchen die karge Landschaft immer wieder in neue Farben \u2013 und machen Wanderungen entlang der Steilk\u00fcste zum echten Erlebnis. Das Erkunden pittoresker D\u00f6rfchen \u2013 allen voran des gerade mal 60 Einwohner beherbergenden Fischerdorf Skarsvag \u2013 runden das Nordkap-Erlebnis ab.<\/p>\n<p><b>Campen am (fast) n\u00f6rdlichsten Punkt Europas<\/b><br \/>\nAuf der Insel Mager\u00f6ya befinden sich gleich mehrere Campingpl\u00e4tze, die teils das ganze Jahr \u00fcber angesteuert werden k\u00f6nnen.\u00a0<a href=\"http:\/\/www.nordkappcamping.no\/willkommen.86082.de.html\" target=\"_blank\" rel=\"noopener\">Nordkapp Camping<\/a>\u00a0kann dabei mit einer besonders sch\u00f6nen Lage direkt am Skipsfjord punkten.<\/p>\n<\/div><\/section><\/div>\n\n<\/div><\/div><\/div><!-- close content main div --><\/div><\/div><div id='av_section_13'  class='avia-section av-jt5vrdgv-4386718e65b314e69682ca60ae604601 main_color avia-section-default avia-no-border-styling  avia-builder-el-39  el_after_av_section  avia-builder-el-last  reduced-content avia-bg-style-scroll container_wrap sidebar_right'  ><div class='container av-section-cont-open' ><div class='template-page content  av-content-small alpha units'><div class='post-entry post-entry-type-page post-entry-1033'><div class='entry-content-wrapper clearfix'>\n\n<style type=\"text\/css\" data-created_by=\"avia_inline_auto\" id=\"style-css-av-1g5aou-6e8505d9de1136ce38f66b0d0e5d2a36\">\n.flex_column.av-1g5aou-6e8505d9de1136ce38f66b0d0e5d2a36{\nborder-radius:0px 0px 0px 0px;\npadding:0px 0px 0px 0px;\n}\n<\/style>\n<div  class='flex_column av-1g5aou-6e8505d9de1136ce38f66b0d0e5d2a36 av_one_full  avia-builder-el-40  el_before_av_social_share  avia-builder-el-first  first flex_column_div av-zero-column-padding  '     ><style type=\"text\/css\" data-created_by=\"avia_inline_auto\" id=\"style-css-av-jt5tjyk0-26a28d0242835cbba60d70517a13c769\">\n#top .av_textblock_section.av-jt5tjyk0-26a28d0242835cbba60d70517a13c769 .avia_textblock{\nfont-size:28px;\n}\n<\/style>\n<section  class='av_textblock_section av-jt5tjyk0-26a28d0242835cbba60d70517a13c769 '   itemscope=\"itemscope\" itemtype=\"https:\/\/schema.org\/BlogPosting\" itemprop=\"blogPost\" ><div class='avia_textblock'  itemprop=\"text\" ><p><strong>Ihr TUI CAMPER-Team w\u00fcnscht Ihnen eine spannende Tour durch die faszinierenden Landschaften Nordnorwegens!<\/strong><\/p>\n<\/div><\/section><\/div><div  class='av-social-sharing-box av-10zg8-8676a2d54b4a15bbf6c39a1c18f0815b av-social-sharing-box-default  avia-builder-el-42  el_after_av_one_full  avia-builder-el-last  av-social-sharing-box-fullwidth'><div class=\"av-share-box\"><ul class=\"av-share-box-list noLightbox\"><li class='av-share-link av-social-link-facebook avia_social_iconfont' ><a target=\"_blank\" aria-label=\"Teilen auf Facebook\" href='https:\/\/www.facebook.com\/sharer.php?u=https:\/\/www.tuicamper.com\/magazin\/mit-dem-wohnmobil-zum-nordkap\/&#038;t=Mit%20dem%20Wohnmobil%20zum%20Nordkap%20%26%20Norwegens%20Norden%20entdecken' data-av_icon='\ue8f3' data-av_iconfont='entypo-fontello'  title='' data-avia-related-tooltip='Teilen auf Facebook'><span class='avia_hidden_link_text'>Teilen auf Facebook<\/span><\/a><\/li><li class='av-share-link av-social-link-twitter avia_social_iconfont' ><a target=\"_blank\" aria-label=\"Teilen auf X\" href='https:\/\/twitter.com\/share?text=Mit%20dem%20Wohnmobil%20zum%20Nordkap%20%26%20Norwegens%20Norden%20entdecken&#038;url=https:\/\/www.tuicamper.com\/magazin\/mit-dem-wohnmobil-zum-nordkap\/' data-av_icon='\ue932' data-av_iconfont='entypo-fontello'  title='' data-avia-related-tooltip='Teilen auf X'><span class='avia_hidden_link_text'>Teilen auf X<\/span><\/a><\/li><li class='av-share-link av-social-link-whatsapp avia_social_iconfont' ><a target=\"_blank\" aria-label=\"Teilen auf WhatsApp\" href='https:\/\/api.whatsapp.com\/send?text=https:\/\/www.tuicamper.com\/magazin\/mit-dem-wohnmobil-zum-nordkap\/' data-av_icon='\uf232' data-av_iconfont='entypo-fontello'  title='' data-avia-related-tooltip='Teilen auf WhatsApp'><span class='avia_hidden_link_text'>Teilen auf WhatsApp<\/span><\/a><\/li><li class='av-share-link av-social-link-pinterest avia_social_iconfont' ><a target=\"_blank\" aria-label=\"Teilen auf Pinterest\" href='https:\/\/pinterest.com\/pin\/create\/button\/?url=https%3A%2F%2Fwww.tuicamper.com%2Fmagazin%2Fmit-dem-wohnmobil-zum-nordkap%2F&#038;description=Mit%20dem%20Wohnmobil%20zum%20Nordkap%20%26%20Norwegens%20Norden%20entdecken&#038;media=https%3A%2F%2Fwww.tuicamper.com%2Fwp-docker%2Fwp-content%2Fuploads%2F2019%2F04%2Fnordkap-reise-705x269.jpg' data-av_icon='\ue8f8' data-av_iconfont='entypo-fontello'  title='' data-avia-related-tooltip='Teilen auf Pinterest'><span class='avia_hidden_link_text'>Teilen auf Pinterest<\/span><\/a><\/li><li class='av-share-link av-social-link-mail avia_social_iconfont' ><a  aria-label=\"Per E-Mail teilen\" href='mailto:?subject=Mit%20dem%20Wohnmobil%20zum%20Nordkap%20%26%20Norwegens%20Norden%20entdecken&#038;body=https:\/\/www.tuicamper.com\/magazin\/mit-dem-wohnmobil-zum-nordkap\/' data-av_icon='\ue805' data-av_iconfont='entypo-fontello'  title='' data-avia-related-tooltip='Per E-Mail teilen'><span class='avia_hidden_link_text'>Per E-Mail teilen<\/span><\/a><\/li><\/ul><\/div><\/div>\n<\/div><\/div><\/div><!-- close content main div --><\/div><\/div><div id='after_section_13'  class='main_color av_default_container_wrap container_wrap sidebar_right'  ><div class='container av-section-cont-open' ><div class='template-page content  av-content-small alpha units'><div class='post-entry post-entry-type-page post-entry-1033'><div class='entry-content-wrapper clearfix'>\n","protected":false},"excerpt":{"rendered":"<p>Polarlichter, spektakul\u00e4re Fjorde, faszinierende Mitternachtssonne: Erfahren Sie, was Sie auf Ihrer Wohnmobil-Reise zum Nordkap nicht verpassen d\u00fcrfen!<\/p>\n","protected":false},"author":3,"featured_media":1202,"comment_status":"open","ping_status":"open","sticky":false,"template":"","format":"standard","meta":{"footnotes":""},"categories":[33],"tags":[49,50,63],"class_list":["post-1033","post","type-post","status-publish","format-standard","has-post-thumbnail","hentry","category-reisethema","tag-abenteuer","tag-natur","tag-norwegen"],"yoast_head":"<!-- This site is optimized with the Yoast SEO plugin v27.4 - https:\/\/yoast.com\/product\/yoast-seo-wordpress\/ -->\n<title>Mit dem Wohnmobil zum Nordkap &amp; Norwegens Norden entdecken<\/title>\n<meta name=\"description\" content=\"Polarlichter, spektakul\u00e4re Fjorde, faszinierende Mitternachtssonne: Erfahren Sie, was Sie auf Ihrer Wohnmobil-Reise zum Nordkap nicht verpassen d\u00fcrfen!\" \/>\n<meta name=\"robots\" content=\"index, follow, max-snippet:-1, max-image-preview:large, max-video-preview:-1\" \/>\n<link rel=\"canonical\" href=\"https:\/\/www.tuicamper.com\/magazin\/mit-dem-wohnmobil-zum-nordkap\/\" \/>\n<meta property=\"og:locale\" content=\"de_DE\" \/>\n<meta property=\"og:type\" content=\"article\" \/>\n<meta property=\"og:title\" content=\"Mit dem Wohnmobil zum Nordkap &amp; Norwegens Norden entdecken\" \/>\n<meta property=\"og:description\" content=\"Polarlichter, spektakul\u00e4re Fjorde, faszinierende Mitternachtssonne: Erfahren Sie, was Sie auf Ihrer Wohnmobil-Reise zum Nordkap nicht verpassen d\u00fcrfen!\" \/>\n<meta property=\"og:url\" content=\"https:\/\/www.tuicamper.com\/magazin\/mit-dem-wohnmobil-zum-nordkap\/\" \/>\n<meta property=\"og:site_name\" content=\"TUI Camper Magazin\" \/>\n<meta property=\"article:published_time\" content=\"2019-04-11T11:36:08+00:00\" \/>\n<meta property=\"article:modified_time\" content=\"2022-05-12T08:22:56+00:00\" \/>\n<meta property=\"og:image\" content=\"https:\/\/www.tuicamper.com\/wp-docker\/wp-content\/uploads\/2019\/04\/nordkap-reise.jpg\" \/>\n\t<meta property=\"og:image:width\" content=\"1310\" \/>\n\t<meta property=\"og:image:height\" content=\"500\" \/>\n\t<meta property=\"og:image:type\" content=\"image\/jpeg\" \/>\n<meta name=\"author\" content=\"S\u00f6ren Cortekar\" \/>\n<meta name=\"twitter:card\" content=\"summary_large_image\" \/>\n<meta name=\"twitter:label1\" content=\"Verfasst von\" \/>\n\t<meta name=\"twitter:data1\" content=\"S\u00f6ren Cortekar\" \/>\n\t<meta name=\"twitter:label2\" content=\"Gesch\u00e4tzte Lesezeit\" \/>\n\t<meta name=\"twitter:data2\" content=\"23\u00a0Minuten\" \/>\n<!-- \/ Yoast SEO plugin. -->","yoast_head_json":{"title":"Mit dem Wohnmobil zum Nordkap & Norwegens Norden entdecken","description":"Polarlichter, spektakul\u00e4re Fjorde, faszinierende Mitternachtssonne: Erfahren Sie, was Sie auf Ihrer Wohnmobil-Reise zum Nordkap nicht verpassen d\u00fcrfen!","robots":{"index":"index","follow":"follow","max-snippet":"max-snippet:-1","max-image-preview":"max-image-preview:large","max-video-preview":"max-video-preview:-1"},"canonical":"https:\/\/www.tuicamper.com\/magazin\/mit-dem-wohnmobil-zum-nordkap\/","og_locale":"de_DE","og_type":"article","og_title":"Mit dem Wohnmobil zum Nordkap & Norwegens Norden entdecken","og_description":"Polarlichter, spektakul\u00e4re Fjorde, faszinierende Mitternachtssonne: Erfahren Sie, was Sie auf Ihrer Wohnmobil-Reise zum Nordkap nicht verpassen d\u00fcrfen!","og_url":"https:\/\/www.tuicamper.com\/magazin\/mit-dem-wohnmobil-zum-nordkap\/","og_site_name":"TUI Camper Magazin","article_published_time":"2019-04-11T11:36:08+00:00","article_modified_time":"2022-05-12T08:22:56+00:00","og_image":[{"width":1310,"height":500,"url":"https:\/\/www.tuicamper.com\/wp-docker\/wp-content\/uploads\/2019\/04\/nordkap-reise.jpg","type":"image\/jpeg"}],"author":"S\u00f6ren Cortekar","twitter_card":"summary_large_image","twitter_misc":{"Verfasst von":"S\u00f6ren Cortekar","Gesch\u00e4tzte Lesezeit":"23\u00a0Minuten"},"schema":{"@context":"https:\/\/schema.org","@graph":[{"@type":"Article","@id":"https:\/\/www.tuicamper.com\/magazin\/mit-dem-wohnmobil-zum-nordkap\/#article","isPartOf":{"@id":"https:\/\/www.tuicamper.com\/magazin\/mit-dem-wohnmobil-zum-nordkap\/"},"author":{"name":"S\u00f6ren Cortekar","@id":"https:\/\/www.tuicamper.com\/wp-docker\/#\/schema\/person\/a9ad15b73e3b6169a6c4a794a58d1ea6"},"headline":"Mit dem Wohnmobil zum Nordkap &#038; Norwegens Norden entdecken","datePublished":"2019-04-11T11:36:08+00:00","dateModified":"2022-05-12T08:22:56+00:00","mainEntityOfPage":{"@id":"https:\/\/www.tuicamper.com\/magazin\/mit-dem-wohnmobil-zum-nordkap\/"},"wordCount":3714,"commentCount":0,"image":{"@id":"https:\/\/www.tuicamper.com\/magazin\/mit-dem-wohnmobil-zum-nordkap\/#primaryimage"},"thumbnailUrl":"https:\/\/www.tuicamper.com\/wp-docker\/wp-content\/uploads\/2019\/04\/nordkap-reise.jpg","keywords":["Abenteuer","Natur","Norwegen"],"articleSection":["Reisethema"],"inLanguage":"de","potentialAction":[{"@type":"CommentAction","name":"Comment","target":["https:\/\/www.tuicamper.com\/magazin\/mit-dem-wohnmobil-zum-nordkap\/#respond"]}]},{"@type":"WebPage","@id":"https:\/\/www.tuicamper.com\/magazin\/mit-dem-wohnmobil-zum-nordkap\/","url":"https:\/\/www.tuicamper.com\/magazin\/mit-dem-wohnmobil-zum-nordkap\/","name":"Mit dem Wohnmobil zum Nordkap & Norwegens Norden entdecken","isPartOf":{"@id":"https:\/\/www.tuicamper.com\/#website"},"primaryImageOfPage":{"@id":"https:\/\/www.tuicamper.com\/magazin\/mit-dem-wohnmobil-zum-nordkap\/#primaryimage"},"image":{"@id":"https:\/\/www.tuicamper.com\/magazin\/mit-dem-wohnmobil-zum-nordkap\/#primaryimage"},"thumbnailUrl":"https:\/\/www.tuicamper.com\/wp-content\/uploads\/2019\/04\/nordkap-reise.jpg","datePublished":"2019-04-11T11:36:08+00:00","dateModified":"2022-05-12T08:22:56+00:00","author":{"@id":"https:\/\/www.tuicamper.com\/#\/schema\/person\/a9ad15b73e3b6169a6c4a794a58d1ea6"},"description":"Polarlichter, spektakul\u00e4re Fjorde, faszinierende Mitternachtssonne: Erfahren Sie, was Sie auf Ihrer Wohnmobil-Reise zum Nordkap nicht verpassen d\u00fcrfen!","breadcrumb":{"@id":"https:\/\/www.tuicamper.com\/magazin\/mit-dem-wohnmobil-zum-nordkap\/#breadcrumb"},"inLanguage":"de","potentialAction":["Array"]},{"@type":"ImageObject","inLanguage":"de","@id":"https:\/\/www.tuicamper.com\/magazin\/mit-dem-wohnmobil-zum-nordkap\/#primaryimage","url":"https:\/\/www.tuicamper.com\/wp-docker\/wp-content\/uploads\/2019\/04\/nordkap-reise.jpg","contentUrl":"https:\/\/www.tuicamper.com\/wp-docker\/wp-content\/uploads\/2019\/04\/nordkap-reise.jpg","width":1310,"height":500,"caption":"Polarlichter in Norwegen"},{"@type":"BreadcrumbList","@id":"https:\/\/www.tuicamper.com\/magazin\/mit-dem-wohnmobil-zum-nordkap\/#breadcrumb","itemListElement":[{"@type":"ListItem","position":1,"name":"Startseite","item":"https:\/\/www.tuicamper.com\/wp-docker\/"},{"@type":"ListItem","position":2,"name":"Mit dem Wohnmobil zum Nordkap &#038; Norwegens Norden entdecken"}]},{"@type":"WebSite","@id":"https:\/\/www.tuicamper.com\/#website","url":"https:\/\/www.tuicamper.com\/","name":"TUI Camper Magazin","description":"","potentialAction":["Array"],"inLanguage":"de"},{"@type":"Person","@id":"https:\/\/www.tuicamper.com\/wp-docker\/#\/schema\/person\/a9ad15b73e3b6169a6c4a794a58d1ea6","name":"S\u00f6ren Cortekar","image":{"@type":"ImageObject","inLanguage":"de","@id":"https:\/\/secure.gravatar.com\/avatar\/399f9c9096d84e9147b61735bfa53689fd2add8aa9c074669869e4c106f7df59?s=96&d=mm&r=g","url":"https:\/\/secure.gravatar.com\/avatar\/399f9c9096d84e9147b61735bfa53689fd2add8aa9c074669869e4c106f7df59?s=96&d=mm&r=g","contentUrl":"https:\/\/secure.gravatar.com\/avatar\/399f9c9096d84e9147b61735bfa53689fd2add8aa9c074669869e4c106f7df59?s=96&d=mm&r=g","caption":"S\u00f6ren Cortekar"},"url":"https:\/\/www.tuicamper.com\/wp-docker\/magazin\/author\/soeren-cortekar\/"}]}},"_links":{"self":[{"href":"https:\/\/www.tuicamper.com\/wp-docker\/wp-json\/wp\/v2\/posts\/1033","targetHints":{"allow":["GET"]}}],"collection":[{"href":"https:\/\/www.tuicamper.com\/wp-docker\/wp-json\/wp\/v2\/posts"}],"about":[{"href":"https:\/\/www.tuicamper.com\/wp-docker\/wp-json\/wp\/v2\/types\/post"}],"author":[{"embeddable":true,"href":"https:\/\/www.tuicamper.com\/wp-docker\/wp-json\/wp\/v2\/users\/3"}],"replies":[{"embeddable":true,"href":"https:\/\/www.tuicamper.com\/wp-docker\/wp-json\/wp\/v2\/comments?post=1033"}],"version-history":[{"count":15,"href":"https:\/\/www.tuicamper.com\/wp-docker\/wp-json\/wp\/v2\/posts\/1033\/revisions"}],"predecessor-version":[{"id":1221,"href":"https:\/\/www.tuicamper.com\/wp-docker\/wp-json\/wp\/v2\/posts\/1033\/revisions\/1221"}],"wp:featuredmedia":[{"embeddable":true,"href":"https:\/\/www.tuicamper.com\/wp-docker\/wp-json\/wp\/v2\/media\/1202"}],"wp:attachment":[{"href":"https:\/\/www.tuicamper.com\/wp-docker\/wp-json\/wp\/v2\/media?parent=1033"}],"wp:term":[{"taxonomy":"category","embeddable":true,"href":"https:\/\/www.tuicamper.com\/wp-docker\/wp-json\/wp\/v2\/categories?post=1033"},{"taxonomy":"post_tag","embeddable":true,"href":"https:\/\/www.tuicamper.com\/wp-docker\/wp-json\/wp\/v2\/tags?post=1033"}],"curies":[{"name":"wp","href":"https:\/\/api.w.org\/{rel}","templated":true}]}}