{"id":102688,"date":"2025-04-25T11:09:26","date_gmt":"2025-04-25T09:09:26","guid":{"rendered":"https:\/\/www.tuicamper.com\/?p=102688"},"modified":"2025-04-25T11:09:26","modified_gmt":"2025-04-25T09:09:26","slug":"beste-reisezeit-irland","status":"publish","type":"post","link":"https:\/\/www.tuicamper.com\/magazin\/beste-reisezeit-irland\/","title":{"rendered":"Beste Reisezeit Irland: Mit dem Wohnmobil \u00fcber die \u201eGr\u00fcne Insel\u201c"},"content":{"rendered":"<div id='av_section_1'  class='avia-section av-9naj18gw-11146817c2e2584f467a7d7b15997247 main_color avia-section-default avia-no-border-styling  avia-builder-el-0  el_before_av_textblock  avia-builder-el-first  reduced-content avia-bg-style-scroll container_wrap sidebar_right'  ><div class='container av-section-cont-open' ><main  role=\"main\" itemprop=\"mainContentOfPage\"  class='template-page content  av-content-small alpha units'><div class='post-entry post-entry-type-page post-entry-102688'><div class='entry-content-wrapper clearfix'>\n\n<style type=\"text\/css\" data-created_by=\"avia_inline_auto\" id=\"style-css-av-9j722z8g-d3b823b9bf260933da1a574cb628eb69\">\n.flex_column.av-9j722z8g-d3b823b9bf260933da1a574cb628eb69{\nborder-radius:0px 0px 0px 0px;\npadding:0px 0px 0px 0px;\n}\n<\/style>\n<div  class='flex_column av-9j722z8g-d3b823b9bf260933da1a574cb628eb69 av_one_full  avia-builder-el-1  avia-builder-el-no-sibling  first flex_column_div av-zero-column-padding  '     ><section  class='av_textblock_section av-9d2bmg4g-a67bafc0e79d07bf5a6b74ed3c576c2c '   itemscope=\"itemscope\" itemtype=\"https:\/\/schema.org\/BlogPosting\" itemprop=\"blogPost\" ><div class='avia_textblock'  itemprop=\"text\" ><p>Spektakul\u00e4re Steilk\u00fcsten, gr\u00fcne Wiesen, uralte Burgen und idyllische Orte mit gem\u00fctlichen Pubs: Die Republik Irland gilt als einer der sch\u00f6nsten Destinationen Europas \u2013 gerade unter Wohnmobil-Urlaubern. Doch auch die h\u00e4ufigen Niederschl\u00e4ge auf der Insel sind ber\u00fcchtigt. Die gute Nachricht: W\u00e4hlen Sie den richtigen Reisezeitraum, sinkt die Wahrscheinlichkeit, dass der Wohnmobil-Urlaub ins Wasser f\u00e4llt. Wir beleuchten, wann sich Irland von seiner sch\u00f6nsten Seite zeigt \u2013 und geben Ihnen Tipps zum besten Reisezeitraum. Abh\u00e4ngig nach Aktivit\u00e4t und individueller Vorliebe!<\/p>\n<\/div><\/section><\/div>\n<\/div><\/div><\/main><!-- close content main element --><\/div><\/div><div id='after_section_1'  class='main_color av_default_container_wrap container_wrap sidebar_right'  ><div class='container av-section-cont-open' ><div class='template-page content  av-content-small alpha units'><div class='post-entry post-entry-type-page post-entry-102688'><div class='entry-content-wrapper clearfix'>\n<section  class='av_textblock_section av-9b5ychb4-6682654169c3b12bb583c6cc0fb6719d '   itemscope=\"itemscope\" itemtype=\"https:\/\/schema.org\/BlogPosting\" itemprop=\"blogPost\" ><div class='avia_textblock'  itemprop=\"text\" >\n<\/div><\/section>\n<\/div><\/div><\/div><!-- close content main div --><\/div><\/div><div id='av_section_2'  class='avia-section av-95r5fmqo-bf9e91f3b4cd51ebb65f239c3e132085 main_color avia-section-default avia-no-border-styling  avia-builder-el-4  el_after_av_textblock  el_before_av_section  reduced-content avia-bg-style-scroll container_wrap sidebar_right'  ><div class='container av-section-cont-open' ><div class='template-page content  av-content-small alpha units'><div class='post-entry post-entry-type-page post-entry-102688'><div class='entry-content-wrapper clearfix'>\n<section  class='av_textblock_section av-917gf528-6ea729f3400a73293903cd9a55cf0ecf '   itemscope=\"itemscope\" itemtype=\"https:\/\/schema.org\/BlogPosting\" itemprop=\"blogPost\" ><div class='avia_textblock'  itemprop=\"text\" ><div id=\"js-table-of-contents\">\r\n    <strong>Inhaltsverzeichnis<\/strong>\r\n<\/div>\n<\/div><\/section>\n\n<\/div><\/div><\/div><!-- close content main div --><\/div><\/div><div id='av_section_3'  class='avia-section av-8u8qjq74-e85e6cb27c775c19c859fd57ac5118a2 main_color avia-section-default avia-no-border-styling  avia-builder-el-6  el_after_av_section  el_before_av_section  reduced-content avia-bg-style-scroll container_wrap sidebar_right'  ><div class='container av-section-cont-open' ><div class='template-page content  av-content-small alpha units'><div class='post-entry post-entry-type-page post-entry-102688'><div class='entry-content-wrapper clearfix'>\n\n<style type=\"text\/css\" data-created_by=\"avia_inline_auto\" id=\"style-css-av-8p7zpbts-99ecf22a14a0f868c1eca2de41520fd1\">\n.flex_column.av-8p7zpbts-99ecf22a14a0f868c1eca2de41520fd1{\nborder-radius:0px 0px 0px 0px;\npadding:0px 0px 0px 0px;\n}\n<\/style>\n<div  class='flex_column av-8p7zpbts-99ecf22a14a0f868c1eca2de41520fd1 av_one_full  avia-builder-el-7  avia-builder-el-no-sibling  first flex_column_div av-zero-column-padding  '     ><section  class='av_textblock_section av-8o8d9msg-84bd519fdd996f66b1284787593c3eeb '   itemscope=\"itemscope\" itemtype=\"https:\/\/schema.org\/BlogPosting\" itemprop=\"blogPost\" ><div class='avia_textblock'  itemprop=\"text\" ><h2>Irland: mild, aber regnerisch<\/h2>\n<p>Irlands Beiname \u201eGr\u00fcne Insel\u201c kommt nicht von ungef\u00e4hr. Tats\u00e4chlich ist das Klima auf der Insel so mild, dass es \u2013 abgesehen von den h\u00f6heren Gebirgsregionen \u2013 nur selten schneit. Grund daf\u00fcr ist der warme Golfstrom, der an Irland vorbeifliest. Im Zusammenspiel mit dem feuchten, von vergleichsweise vielen Niederschl\u00e4gen gepr\u00e4gten Wetter f\u00fchrt das das gesamte Jahr \u00fcber zu gr\u00fcnen Landschaften.<\/p>\n<p>Apropos Niederschlag: Dass wegen dem Regen die gesamte Tour ins Wasser f\u00e4llt, ist eher unwahrscheinlich. Denn oft sind die Schauer eher kurz und nicht besonders intensiv. Komplett verregnete Tage, wie man sie hierzulande kennt, sind dagegen sehr selten.<\/p>\n<p>Au\u00dferdem gilt: Im Westen fallen tendenziell deutlich mehr Niederschl\u00e4ge als im Osten der Insel. Gute Nachrichten also f\u00fcr alle, die das faszinierende Dublin und die reizvolle Landschaft rund um die Hauptstadt erkunden m\u00f6chten.<\/p>\n<\/div><\/section><\/div>\n\n<\/div><\/div><\/div><!-- close content main div --><\/div><\/div><div id='av_section_4'  class='avia-section av-8je8kme8-a4063567e89da365598b16b860ce7f85 main_color avia-section-default avia-no-border-styling  avia-builder-el-9  el_after_av_section  el_before_av_section  reduced-content avia-bg-style-scroll container_wrap sidebar_right'  ><div class='container av-section-cont-open' ><div class='template-page content  av-content-small alpha units'><div class='post-entry post-entry-type-page post-entry-102688'><div class='entry-content-wrapper clearfix'>\n\n<style type=\"text\/css\" data-created_by=\"avia_inline_auto\" id=\"style-css-av-u889zs0-fa687a5027507de0568442d321e86543\">\n.avia-image-container.av-u889zs0-fa687a5027507de0568442d321e86543 img.avia_image{\nbox-shadow:none;\n}\n.avia-image-container.av-u889zs0-fa687a5027507de0568442d321e86543 .av-caption-image-overlay-bg{\nopacity:0.4;\nbackground-color:#000000;\n}\n.avia-image-container.av-u889zs0-fa687a5027507de0568442d321e86543 .av-image-caption-overlay-center{\ncolor:#ffffff;\n}\n<\/style>\n<div  class='avia-image-container av-u889zs0-fa687a5027507de0568442d321e86543 av-styling- av-img-linked avia_animated_image av-animated-when-visible-95 fade-in avia-align-center  avia-builder-el-10  el_before_av_hr  avia-builder-el-first  noHover av-overlay-on-hover'   itemprop=\"image\" itemscope=\"itemscope\" itemtype=\"https:\/\/schema.org\/ImageObject\" ><div class=\"avia-image-container-inner\"><div class=\"avia-image-overlay-wrap\"><a href=\"https:\/\/www.tuicamper.com\/wp-docker\/wp-content\/uploads\/2025\/04\/reisezeit_irland_wohnmobil-1030x644.jpg\" data-srcset=\"https:\/\/www.tuicamper.com\/wp-docker\/wp-content\/uploads\/2025\/04\/reisezeit_irland_wohnmobil-1030x644.jpg 1030w, https:\/\/www.tuicamper.com\/wp-docker\/wp-content\/uploads\/2025\/04\/reisezeit_irland_wohnmobil-300x188.jpg 300w, https:\/\/www.tuicamper.com\/wp-docker\/wp-content\/uploads\/2025\/04\/reisezeit_irland_wohnmobil-768x480.jpg 768w, https:\/\/www.tuicamper.com\/wp-docker\/wp-content\/uploads\/2025\/04\/reisezeit_irland_wohnmobil-705x441.jpg 705w, https:\/\/www.tuicamper.com\/wp-docker\/wp-content\/uploads\/2025\/04\/reisezeit_irland_wohnmobil.jpg 1440w\" data-sizes=\"(max-width: 1030px) 100vw, 1030px\" class='avia_image '  aria-label='Irland Wohnmobil'><div class=\"av-image-caption-overlay\"><div class=\"av-caption-image-overlay-bg\"><\/div><div class=\"av-image-caption-overlay-position\"><div class=\"av-image-caption-overlay-center\"><p>Wohnmobiltour \u00fcber Achill Island in Irland<\/p>\n<\/div><\/div><\/div><img decoding=\"async\" fetchpriority=\"high\" class='wp-image-102699 avia-img-lazy-loading-not-102699 avia_image ' src=\"https:\/\/www.tuicamper.com\/wp-docker\/wp-content\/uploads\/2025\/04\/reisezeit_irland_wohnmobil-845x684.jpg\" alt='' title='Irland Wohnmobil'  height=\"684\" width=\"845\"  itemprop=\"thumbnailUrl\" srcset=\"https:\/\/www.tuicamper.com\/wp-docker\/wp-content\/uploads\/2025\/04\/reisezeit_irland_wohnmobil-845x684.jpg 845w, https:\/\/www.tuicamper.com\/wp-docker\/wp-content\/uploads\/2025\/04\/reisezeit_irland_wohnmobil-495x400.jpg 495w\" sizes=\"(max-width: 845px) 100vw, 845px\" \/><\/a><\/div><\/div><\/div>\n\n<style type=\"text\/css\" data-created_by=\"avia_inline_auto\" id=\"style-css-av-89anv7fk-c476ea2d274152cc868f87b491a5d407\">\n#top .hr.hr-invisible.av-89anv7fk-c476ea2d274152cc868f87b491a5d407{\nheight:25px;\n}\n<\/style>\n<div  class='hr av-89anv7fk-c476ea2d274152cc868f87b491a5d407 hr-invisible  avia-builder-el-11  el_after_av_image  avia-builder-el-last '><span class='hr-inner '><span class=\"hr-inner-style\"><\/span><\/span><\/div>\n\n<\/div><\/div><\/div><!-- close content main div --><\/div><\/div><div id='av_section_5'  class='avia-section av-82h0rva8-b6a04127c75c1e2c046a42235090ed31 main_color avia-section-default avia-no-border-styling  avia-builder-el-12  el_after_av_section  el_before_av_section  reduced-content avia-bg-style-scroll container_wrap sidebar_right'  ><div class='container av-section-cont-open' ><div class='template-page content  av-content-small alpha units'><div class='post-entry post-entry-type-page post-entry-102688'><div class='entry-content-wrapper clearfix'>\n\n<style type=\"text\/css\" data-created_by=\"avia_inline_auto\" id=\"style-css-av-80efmx0g-06d271961b1af42c0abc70cc9cb1ca46\">\n.flex_column.av-80efmx0g-06d271961b1af42c0abc70cc9cb1ca46{\nborder-radius:0px 0px 0px 0px;\npadding:0px 0px 0px 0px;\n}\n<\/style>\n<div  class='flex_column av-80efmx0g-06d271961b1af42c0abc70cc9cb1ca46 av_one_full  avia-builder-el-13  avia-builder-el-no-sibling  first flex_column_div av-zero-column-padding  '     ><section  class='av_textblock_section av-7vi945ls-16fa5d9b442d92cff6669ef8315376a6 '   itemscope=\"itemscope\" itemtype=\"https:\/\/schema.org\/BlogPosting\" itemprop=\"blogPost\" ><div class='avia_textblock'  itemprop=\"text\" ><h2>Dieser Zeitraum gilt als beste Reisezeit f\u00fcr Irland<\/h2>\n<p>Da in Irland selbst im Winter relativ milde Temperaturen herrschen, kann die Insel prinzipiell das gesamte Jahr \u00fcber bereist werden. Als <strong>beste Reisezeit f\u00fcr Irland<\/strong> gilt allerdings der Zeitraum von <strong>Mai bis September<\/strong>. Gerade in den Sommermonaten ist es angenehm warm \u2013 und merklich sonniger als in den Wintermonaten. Mit dem einen oder anderen Regenguss m\u00fcssen Sie allerdings auch in dieser Zeit rechnen.<\/p>\n<p>Allzu pauschal l\u00e4sst sich die beste Reisezeit f\u00fcr die gr\u00fcne Insel aber gar nicht beziffern. Letztlich h\u00e4ngt es stark von den individuellen Vorlieben ab, wann sich ein Besuch Irlands am ehesten anbietet.<\/p>\n<\/div><\/section><\/div>\n\n<\/div><\/div><\/div><!-- close content main div --><\/div><\/div><div id='av_section_6'  class='avia-section av-7bqhzvvk-74c4c35a83bb2791e687fa45c9397a4b main_color avia-section-default avia-no-border-styling  avia-builder-el-15  el_after_av_section  el_before_av_section  reduced-content avia-bg-style-scroll container_wrap sidebar_right'  ><div class='container av-section-cont-open' ><div class='template-page content  av-content-small alpha units'><div class='post-entry post-entry-type-page post-entry-102688'><div class='entry-content-wrapper clearfix'>\n\n<style type=\"text\/css\" data-created_by=\"avia_inline_auto\" id=\"style-css-av-76rurjc0-35e6a6fc439080ee5e7397df36d3dff8\">\n.flex_column.av-76rurjc0-35e6a6fc439080ee5e7397df36d3dff8{\nborder-radius:0px 0px 0px 0px;\npadding:0px 0px 0px 0px;\n}\n<\/style>\n<div  class='flex_column av-76rurjc0-35e6a6fc439080ee5e7397df36d3dff8 av_one_full  avia-builder-el-16  avia-builder-el-no-sibling  first flex_column_div av-zero-column-padding  '     ><section  class='av_textblock_section av-74eguj1c-b7bcb7822c84362fd7c0221b153e9a51 '   itemscope=\"itemscope\" itemtype=\"https:\/\/schema.org\/BlogPosting\" itemprop=\"blogPost\" ><div class='avia_textblock'  itemprop=\"text\" ><h2>Wann sich Wanderungen \u00fcber die gr\u00fcne Insel anbieten<\/h2>\n<p>Als beste Reisezeit zum Wandern gelten in Irland die Fr\u00fchlingsmonate April bis Juni sowie die Herbstzeit \u2013 insbesondere der September und Oktober. Sowohl im Fr\u00fchling als auch im Herbst bleibt es angenehm mild. Bei H\u00f6chsttemperaturen von bis zu 18\u00b0C bringen Sie auch lange Wanderungen rund um die Insel nicht ins Schwitzen. Obendrein bieten viele Sonnenstunden und verh\u00e4ltnism\u00e4\u00dfig wenige Niederschl\u00e4ge optimale Wanderbedingungen.<\/p>\n<\/div><\/section><\/div>\n\n<\/div><\/div><\/div><!-- close content main div --><\/div><\/div><div id='av_section_7'  class='avia-section av-7ru6ggkg-b2b88e155562642b88e57c9712476e88 main_color avia-section-default avia-no-border-styling  avia-builder-el-18  el_after_av_section  el_before_av_section  reduced-content avia-bg-style-scroll container_wrap sidebar_right'  ><div class='container av-section-cont-open' ><div class='template-page content  av-content-small alpha units'><div class='post-entry post-entry-type-page post-entry-102688'><div class='entry-content-wrapper clearfix'>\n\n<style type=\"text\/css\" data-created_by=\"avia_inline_auto\" id=\"style-css-av-7mg2jteo-ff717c03850377473562213e7497c848\">\n.avia-image-container.av-7mg2jteo-ff717c03850377473562213e7497c848 img.avia_image{\nbox-shadow:none;\n}\n.avia-image-container.av-7mg2jteo-ff717c03850377473562213e7497c848 .av-caption-image-overlay-bg{\nopacity:0.4;\nbackground-color:#000000;\n}\n.avia-image-container.av-7mg2jteo-ff717c03850377473562213e7497c848 .av-image-caption-overlay-center{\ncolor:#ffffff;\n}\n<\/style>\n<div  class='avia-image-container av-7mg2jteo-ff717c03850377473562213e7497c848 av-styling- av-img-linked avia_animated_image av-animated-when-visible-95 fade-in avia-align-center  avia-builder-el-19  el_before_av_hr  avia-builder-el-first  noHover av-overlay-on-hover'   itemprop=\"image\" itemscope=\"itemscope\" itemtype=\"https:\/\/schema.org\/ImageObject\" ><div class=\"avia-image-container-inner\"><div class=\"avia-image-overlay-wrap\"><a href=\"https:\/\/www.tuicamper.com\/wp-docker\/wp-content\/uploads\/2025\/04\/reisezeit_irland_schaf-1030x644.jpg\" data-srcset=\"https:\/\/www.tuicamper.com\/wp-docker\/wp-content\/uploads\/2025\/04\/reisezeit_irland_schaf-1030x644.jpg 1030w, https:\/\/www.tuicamper.com\/wp-docker\/wp-content\/uploads\/2025\/04\/reisezeit_irland_schaf-300x188.jpg 300w, https:\/\/www.tuicamper.com\/wp-docker\/wp-content\/uploads\/2025\/04\/reisezeit_irland_schaf-768x480.jpg 768w, https:\/\/www.tuicamper.com\/wp-docker\/wp-content\/uploads\/2025\/04\/reisezeit_irland_schaf-705x441.jpg 705w, https:\/\/www.tuicamper.com\/wp-docker\/wp-content\/uploads\/2025\/04\/reisezeit_irland_schaf.jpg 1440w\" data-sizes=\"(max-width: 1030px) 100vw, 1030px\" class='avia_image '  aria-label='Irland Schaf'><div class=\"av-image-caption-overlay\"><div class=\"av-caption-image-overlay-bg\"><\/div><div class=\"av-image-caption-overlay-position\"><div class=\"av-image-caption-overlay-center\"><p>In Irland gibt es mehr Schafe als Menschen.<\/p>\n<\/div><\/div><\/div><img decoding=\"async\" fetchpriority=\"high\" class='wp-image-102701 avia-img-lazy-loading-not-102701 avia_image ' src=\"https:\/\/www.tuicamper.com\/wp-docker\/wp-content\/uploads\/2025\/04\/reisezeit_irland_schaf-845x684.jpg\" alt='' title='Irland Schaf'  height=\"684\" width=\"845\"  itemprop=\"thumbnailUrl\" srcset=\"https:\/\/www.tuicamper.com\/wp-docker\/wp-content\/uploads\/2025\/04\/reisezeit_irland_schaf-845x684.jpg 845w, https:\/\/www.tuicamper.com\/wp-docker\/wp-content\/uploads\/2025\/04\/reisezeit_irland_schaf-495x400.jpg 495w\" sizes=\"(max-width: 845px) 100vw, 845px\" \/><\/a><\/div><\/div><\/div>\n\n<style type=\"text\/css\" data-created_by=\"avia_inline_auto\" id=\"style-css-av-7ixf6asg-f2adec6d9a999c61740c3bd1661795a0\">\n#top .hr.hr-invisible.av-7ixf6asg-f2adec6d9a999c61740c3bd1661795a0{\nheight:25px;\n}\n<\/style>\n<div  class='hr av-7ixf6asg-f2adec6d9a999c61740c3bd1661795a0 hr-invisible  avia-builder-el-20  el_after_av_image  avia-builder-el-last '><span class='hr-inner '><span class=\"hr-inner-style\"><\/span><\/span><\/div>\n\n<\/div><\/div><\/div><!-- close content main div --><\/div><\/div><div id='av_section_8'  class='avia-section av-6lhfc7og-de7a74337ead61ce990c26ce47781f93 main_color avia-section-default avia-no-border-styling  avia-builder-el-21  el_after_av_section  el_before_av_section  reduced-content avia-bg-style-scroll container_wrap sidebar_right'  ><div class='container av-section-cont-open' ><div class='template-page content  av-content-small alpha units'><div class='post-entry post-entry-type-page post-entry-102688'><div class='entry-content-wrapper clearfix'>\n\n<style type=\"text\/css\" data-created_by=\"avia_inline_auto\" id=\"style-css-av-6h7up080-ca66a54b26cad95fbd0a4fa591bd103b\">\n.flex_column.av-6h7up080-ca66a54b26cad95fbd0a4fa591bd103b{\nborder-radius:0px 0px 0px 0px;\npadding:0px 0px 0px 0px;\n}\n<\/style>\n<div  class='flex_column av-6h7up080-ca66a54b26cad95fbd0a4fa591bd103b av_one_full  avia-builder-el-22  avia-builder-el-no-sibling  first flex_column_div av-zero-column-padding  '     ><section  class='av_textblock_section av-6c520uu8-508dc34beff517ea29dd24d91f1b494c '   itemscope=\"itemscope\" itemtype=\"https:\/\/schema.org\/BlogPosting\" itemprop=\"blogPost\" ><div class='avia_textblock'  itemprop=\"text\" ><h2>Dublin, Cork und Co: Die beste Reisezeit f\u00fcr Irlands St\u00e4dte<\/h2>\n<p>Ganz egal, ob Sie im Fr\u00fchling das majest\u00e4tische King John\u2019s Castle in Limerick bestaunen. Im Sommer durch die \u2013 von einem Fluss umschlossene \u2013 Innenstadt Corks mit seinen vielen Galerien, Museen, trendigen Caf\u00e9s und urigen Kneipen schlendern. In der herbstlichen Altstadt von Galway auf kulinarische Entdeckungsreise gehen. Oder den winterlichen Zauber Dublins auf sich wirken lassen \u2013 sei es in einem charmanten Caf\u00e9 oder in einem der urgem\u00fctlichen Pubs der Hauptstadt. Irlands St\u00e4dte laden das gesamte Jahr \u00fcber zu einem Besuch ein. Zumal es kaum etwas Sch\u00f6neres gibt, als sich an klammen Tagen oder bei pl\u00f6tzlichen Regeng\u00fcssen in einem der vielen heimeligen Pubs aufzuw\u00e4rmen.<\/p>\n<\/div><\/section><\/div>\n\n<\/div><\/div><\/div><!-- close content main div --><\/div><\/div><div id='av_section_9'  class='avia-section av-p3kbv1c-ff3054ed9515d157d9722e12e6b33e7c main_color avia-section-default avia-no-border-styling  avia-builder-el-24  el_after_av_section  el_before_av_section  magazine-slider-section fullwidth_section avia-bg-style-scroll container_wrap sidebar_right'  ><div class='container av-section-cont-open' ><div class='template-page content  av-content-small alpha units'><div class='post-entry post-entry-type-page post-entry-102688'><div class='entry-content-wrapper clearfix'>\n\n<style type=\"text\/css\" data-created_by=\"avia_inline_auto\" id=\"style-css-av-okuyluo-a4d7f42d8365b524489cbca9689c45f0\">\n.flex_column.av-okuyluo-a4d7f42d8365b524489cbca9689c45f0{\nborder-radius:0px 0px 0px 0px;\npadding:0px 0px 0px 0px;\n}\n<\/style>\n<div  class='flex_column av-okuyluo-a4d7f42d8365b524489cbca9689c45f0 av_one_full  avia-builder-el-25  avia-builder-el-no-sibling  first flex_column_div av-zero-column-padding  '     ><section  class='av_textblock_section av-o4maxsw-630c47d73b8c706d66d238df2f9b6a4c '   itemscope=\"itemscope\" itemtype=\"https:\/\/schema.org\/BlogPosting\" itemprop=\"blogPost\" ><div class='avia_textblock'  itemprop=\"text\" ><div class=\"flex_column av_three_fourth flex_column_div av-zero-column-padding first el_before_av_one_fourth avia-builder-el-first headline-section\">\r\n    <section class=\"av_textblock_section \" itemscope=\"itemscope\"\r\n             itemtype=\"https:\/\/schema.org\/CreativeWork\">\r\n                    <div class=\"avia_textblock\" itemprop=\"text\">\r\n                                    Aus dem TUI Camper Magazin:<br>\r\n                                Spannende Artikel \u00fcber Irland            <\/div>\r\n            <\/section>\r\n<\/div>\r\n<div class=\"flex_column av_one_fourth flex_column_div av-zero-column-padding el_after_av_three_fourth el_before_av_feature_image_slider avia-builder-el-last logo-section\">\r\n    <div class=\"avia-image-container avia-builder-el-no-sibling avia-align-center\"\r\n         itemprop=\"image\" itemscope=\"itemscope\" itemtype=\"https:\/\/schema.org\/ImageObject\">\r\n        <div class=\"avia-image-container-inner\">\r\n            <div class=\"avia-image-overlay-wrap\">\r\n                <a href=\"\/magazin\/\">\r\n                    <img decoding=\"async\" class=\"wp-image-3099 avia-img-lazy-loading-not-3099 avia_image\"\r\n                         src=\"\/wp-docker\/wp-content\/themes\/tuicamper_enfold\/assets\/img\/logo_350-135.png\"\r\n                         alt=\"TUI Camper Magazin\" height=\"69\" width=\"150\"\r\n                         itemprop=\"thumbnailUrl\">\r\n                <\/a>\r\n            <\/div>\r\n        <\/div>\r\n    <\/div>\r\n<\/div>\r\n<div class=\"flex_column av_one_full flex_column_div av-zero-column-padding first el_before_av_textblock avia-builder-el-first\"\r\n     style=\"border-radius:0px;\">\r\n    <div class=\"carousel\">\r\n                    <div class=\"carousel-cell\">\r\n                <a href=\"https:\/\/www.tuicamper.com\/magazin\/game-of-thrones-drehorte-irland\/\">\r\n                    <div class=\"img-container\" style=\"background-image: url('https:\/\/www.tuicamper.com\/wp-docker\/wp-content\/uploads\/2019\/04\/game-of-thrones-drehorte.jpg');\"><\/div>\r\n                    <p>Game of Thrones Drehorte in Irland \u2013 Auf den Spuren der Erfolgsserie <span class=\"dashicons dashicons-arrow-right-alt2\"><\/span><\/p>\r\n                <\/a>\r\n            <\/div>\r\n                    <div class=\"carousel-cell\">\r\n                <a href=\"https:\/\/www.tuicamper.com\/magazin\/wild-atlantic-way\/\">\r\n                    <div class=\"img-container\" style=\"background-image: url('https:\/\/www.tuicamper.com\/wp-docker\/wp-content\/uploads\/2019\/04\/wild-atlantic-way.jpg');\"><\/div>\r\n                    <p>Wild Atlantic Way: Irlands spektakul\u00e4re K\u00fcstenstra\u00dfe <span class=\"dashicons dashicons-arrow-right-alt2\"><\/span><\/p>\r\n                <\/a>\r\n            <\/div>\r\n                    <div class=\"carousel-cell\">\r\n                <a href=\"https:\/\/www.tuicamper.com\/magazin\/surfspots-europa\/\">\r\n                    <div class=\"img-container\" style=\"background-image: url('https:\/\/www.tuicamper.com\/wp-docker\/wp-content\/uploads\/2019\/04\/surfspots-europa.jpg');\"><\/div>\r\n                    <p>Surfspots Europa: Die sch\u00f6nsten Ziele f\u00fcr den Surfurlaub <span class=\"dashicons dashicons-arrow-right-alt2\"><\/span><\/p>\r\n                <\/a>\r\n            <\/div>\r\n                    <div class=\"carousel-cell\">\r\n                <a href=\"https:\/\/www.tuicamper.com\/magazin\/beste-reisezeit-irland\/\">\r\n                    <div class=\"img-container\" style=\"background-image: url('https:\/\/www.tuicamper.com\/wp-docker\/wp-content\/uploads\/2025\/04\/reisezeit_irland_header.jpg');\"><\/div>\r\n                    <p>Beste Reisezeit Irland: Mit dem Wohnmobil \u00fcber die \u201eGr\u00fcne Insel\u201c <span class=\"dashicons dashicons-arrow-right-alt2\"><\/span><\/p>\r\n                <\/a>\r\n            <\/div>\r\n            <\/div>\r\n<\/div>\n<\/div><\/section><\/div><\/div><\/div><\/div><!-- close content main div --><\/div><\/div><div id='av_section_10'  class='avia-section av-12grc4bk-d51006066e9ba0bf28d3410ff5b45a95 main_color avia-section-default avia-no-border-styling  avia-builder-el-27  el_after_av_section  el_before_av_section  reduced-content avia-bg-style-scroll container_wrap sidebar_right'  ><div class='container av-section-cont-open' ><div class='template-page content  av-content-small alpha units'><div class='post-entry post-entry-type-page post-entry-102688'><div class='entry-content-wrapper clearfix'>\n\n<style type=\"text\/css\" data-created_by=\"avia_inline_auto\" id=\"style-css-av-zjjkdpc-bffa24ce286851ecfffff0befcf58913\">\n.flex_column.av-zjjkdpc-bffa24ce286851ecfffff0befcf58913{\nborder-radius:0px 0px 0px 0px;\npadding:0px 0px 0px 0px;\n}\n<\/style>\n<div  class='flex_column av-zjjkdpc-bffa24ce286851ecfffff0befcf58913 av_one_full  avia-builder-el-28  avia-builder-el-no-sibling  first flex_column_div av-zero-column-padding  '     ><section  class='av_textblock_section av-30ru4ww-767767730c855e629d41fc3be3d675af '   itemscope=\"itemscope\" itemtype=\"https:\/\/schema.org\/BlogPosting\" itemprop=\"blogPost\" ><div class='avia_textblock'  itemprop=\"text\" ><h2>Die beste Reisezeit f\u00fcr eine Wohnmobil-Tour durch Irland<\/h2>\n<p>Unsere Reisezeit-Empfehlungen f\u00fcr eine Wohnmobil-Tour durch Irland \u2013 etwa entlang des ber\u00fchmten <a href=\"https:\/\/www.tuicamper.com\/magazin\/wild-atlantic-way\/\" target=\"_blank\" rel=\"noopener\">Wild Atlantic Way<\/a> \u2013 decken sich mit den allgemeinen Empfehlungen zur besten Reisezeit f\u00fcr Irland. Die Monate Mai bis September sind ideal, um das Land bei warmen Temperaturen und vielen Sonnenstunden zu entdecken. Dank den meist guten Wetterbedingungen lassen sich hier auch spontane Wanderungen oder Radtouren problemlos einschieben.<\/p>\n<\/div><\/section><\/div>\n<\/p>\n<\/div><\/div><\/div><!-- close content main div --><\/div><\/div><div id='av_section_11'  class='avia-section av-a7t6l28-c672caa5add927c99eb634c33672c40b main_color avia-section-default avia-no-border-styling  avia-builder-el-30  el_after_av_section  el_before_av_section  reduced-content avia-bg-style-scroll container_wrap sidebar_right'  ><div class='container av-section-cont-open' ><div class='template-page content  av-content-small alpha units'><div class='post-entry post-entry-type-page post-entry-102688'><div class='entry-content-wrapper clearfix'>\n\n<style type=\"text\/css\" data-created_by=\"avia_inline_auto\" id=\"style-css-av-54mtgrk-748f8ebb07546b7ec13ac77880fa29e5\">\n.flex_column.av-54mtgrk-748f8ebb07546b7ec13ac77880fa29e5{\nborder-radius:0px 0px 0px 0px;\npadding:0px 0px 0px 0px;\n}\n<\/style>\n<div  class='flex_column av-54mtgrk-748f8ebb07546b7ec13ac77880fa29e5 av_one_full  avia-builder-el-31  avia-builder-el-no-sibling  first flex_column_div av-zero-column-padding  '     ><section  class='av_textblock_section av-m9uzqd5f-48c6970b6f4a70d06fbe4e5942733a05 '   itemscope=\"itemscope\" itemtype=\"https:\/\/schema.org\/BlogPosting\" itemprop=\"blogPost\" ><div class='avia_textblock'  itemprop=\"text\" ><h2>365 Tage Irland \u2013 ein \u00dcberblick<\/h2>\n<p>Jede irische Jahreszeit hat ihren eigenen Reiz. Im Fr\u00fchling, wenn die gr\u00fcnen Wiesen Irlands mit bunten Bl\u00fcten durchsetzt sind, und das Bl\u00f6ken der L\u00e4mmer (Schafherden sind in vielen Regionen Irlands allgegenw\u00e4rtig) die Luft erf\u00fcllt, sind Wanderungen unter der Fr\u00fchlingssonne besonders intensiv. Im warmen Sommer mit seinen vielen Sonnenstunden steht ausgedehnten Erkundungstouren nichts im Weg. Hartgesottene Surfer k\u00f6nnen sich sogar in die beeindrucken Wellen des Atlantiks st\u00fcrzen \u2013 immerhin wartet Irland gleich mit mehreren exzellenten Surfspots auf. Der Herbst dagegen verw\u00f6hnt Camper mit seinem magisch anmutenden goldenen Licht. In der gr\u00fcnen Landschaft zeigen sich immer mehr orangefarbene und r\u00f6tliche Farbtupfer \u2013 und machen das Panorama damit vielerorts noch wildromantischer. Der Winter dagegen ist die perfekte Jahreszeit, um die kulturreichen St\u00e4dte und Orte des Landes kennenzulernen, das einzigartige Flair Dublins zur Weihnachtszeit zu erleben \u2013 und sich ab und an in einem gem\u00fctlichen Pub aufzuw\u00e4rmen \u2013 wahlweise bei einem Guinness.<\/p>\n<\/div><\/section><\/div>\n\n<\/div><\/div><\/div><!-- close content main div --><\/div><\/div><div id='av_section_12'  class='avia-section av-o7og4ps-57932bb91f1bf39474d802f8950d7844 main_color avia-section-default avia-no-border-styling  avia-builder-el-33  el_after_av_section  avia-builder-el-last  reduced-content avia-bg-style-scroll container_wrap sidebar_right'  ><div class='container av-section-cont-open' ><div class='template-page content  av-content-small alpha units'><div class='post-entry post-entry-type-page post-entry-102688'><div class='entry-content-wrapper clearfix'>\n<div  class='avia-button-wrap av-l9gcy74-86fa0783e8aa23d65f301ac1e4edacc4-wrap avia-button-center  avia-builder-el-34  el_before_av_one_full  avia-builder-el-first '><a href='https:\/\/www.tuicamper.com\/reiseziele\/europa\/irland\/'  class='avia-button av-l9gcy74-86fa0783e8aa23d65f301ac1e4edacc4 av-link-btn avia-icon_select-yes-right-icon avia-size-large avia-position-center avia-color-theme-color'   aria-label=\"Jetzt Wohnmobil mieten f\u00fcr Irland\"><span class='avia_iconbox_title' >Jetzt Wohnmobil mieten f\u00fcr Irland<\/span><span class='avia_button_icon avia_button_icon_right avia-iconfont avia-font-entypo-fontello' data-av_icon='\ue875' data-av_iconfont='entypo-fontello' ><\/span><\/a><\/div>\n\n<style type=\"text\/css\" data-created_by=\"avia_inline_auto\" id=\"style-css-av-hpzt6xs-d8ee86cbce7e789cee48a935d6ee1de6\">\n.flex_column.av-hpzt6xs-d8ee86cbce7e789cee48a935d6ee1de6{\nborder-radius:0px 0px 0px 0px;\npadding:0px 0px 0px 0px;\n}\n<\/style>\n<div  class='flex_column av-hpzt6xs-d8ee86cbce7e789cee48a935d6ee1de6 av_one_full  avia-builder-el-35  el_after_av_button  el_before_av_social_share  first flex_column_div av-zero-column-padding  '     ><style type=\"text\/css\" data-created_by=\"avia_inline_auto\" id=\"style-css-av-11espls-f3361db8df20064a365a2802763101f7\">\n#top .av_textblock_section.av-11espls-f3361db8df20064a365a2802763101f7 .avia_textblock{\nfont-size:28px;\n}\n<\/style>\n<section  class='av_textblock_section av-11espls-f3361db8df20064a365a2802763101f7 '   itemscope=\"itemscope\" itemtype=\"https:\/\/schema.org\/BlogPosting\" itemprop=\"blogPost\" ><div class='avia_textblock'  itemprop=\"text\" ><p><strong>Ihr TUI CAMPER-Team w\u00fcnscht Ihnen eine unvergessliche Camper-Tour durch Irland!<\/strong><\/p>\n<\/div><\/section><\/div><div  class='av-social-sharing-box av-6fs8ag0-87b95ff9cbce9e60374aab651d234ac8 av-social-sharing-box-default  avia-builder-el-37  el_after_av_one_full  avia-builder-el-last  av-social-sharing-box-fullwidth'><div class=\"av-share-box\"><ul class=\"av-share-box-list noLightbox\"><li class='av-share-link av-social-link-facebook avia_social_iconfont' ><a target=\"_blank\" aria-label=\"Teilen auf Facebook\" href='https:\/\/www.facebook.com\/sharer.php?u=https:\/\/www.tuicamper.com\/magazin\/beste-reisezeit-irland\/&#038;t=Beste%20Reisezeit%20Irland%3A%20Mit%20dem%20Wohnmobil%20%C3%BCber%20die%20%E2%80%9EGr%C3%BCne%20Insel%E2%80%9C' data-av_icon='\ue8f3' data-av_iconfont='entypo-fontello'  title='' data-avia-related-tooltip='Teilen auf Facebook'><span class='avia_hidden_link_text'>Teilen auf Facebook<\/span><\/a><\/li><li class='av-share-link av-social-link-twitter avia_social_iconfont' ><a target=\"_blank\" aria-label=\"Teilen auf X\" href='https:\/\/twitter.com\/share?text=Beste%20Reisezeit%20Irland%3A%20Mit%20dem%20Wohnmobil%20%C3%BCber%20die%20%E2%80%9EGr%C3%BCne%20Insel%E2%80%9C&#038;url=https:\/\/www.tuicamper.com\/magazin\/beste-reisezeit-irland\/' data-av_icon='\ue932' data-av_iconfont='entypo-fontello'  title='' data-avia-related-tooltip='Teilen auf X'><span class='avia_hidden_link_text'>Teilen auf X<\/span><\/a><\/li><li class='av-share-link av-social-link-whatsapp avia_social_iconfont' ><a target=\"_blank\" aria-label=\"Teilen auf WhatsApp\" href='https:\/\/api.whatsapp.com\/send?text=https:\/\/www.tuicamper.com\/magazin\/beste-reisezeit-irland\/' data-av_icon='\uf232' data-av_iconfont='entypo-fontello'  title='' data-avia-related-tooltip='Teilen auf WhatsApp'><span class='avia_hidden_link_text'>Teilen auf WhatsApp<\/span><\/a><\/li><li class='av-share-link av-social-link-pinterest avia_social_iconfont' ><a target=\"_blank\" aria-label=\"Teilen auf Pinterest\" href='https:\/\/pinterest.com\/pin\/create\/button\/?url=https%3A%2F%2Fwww.tuicamper.com%2Fmagazin%2Fbeste-reisezeit-irland%2F&#038;description=Beste%20Reisezeit%20Irland%3A%20Mit%20dem%20Wohnmobil%20%C3%BCber%20die%20%E2%80%9EGr%C3%BCne%20Insel%E2%80%9C&#038;media=https%3A%2F%2Fwww.tuicamper.com%2Fwp-docker%2Fwp-content%2Fuploads%2F2025%2F04%2Freisezeit_irland_header-705x271.jpg' data-av_icon='\ue8f8' data-av_iconfont='entypo-fontello'  title='' data-avia-related-tooltip='Teilen auf Pinterest'><span class='avia_hidden_link_text'>Teilen auf Pinterest<\/span><\/a><\/li><li class='av-share-link av-social-link-mail avia_social_iconfont' ><a  aria-label=\"Per E-Mail teilen\" href='mailto:?subject=Beste%20Reisezeit%20Irland%3A%20Mit%20dem%20Wohnmobil%20%C3%BCber%20die%20%E2%80%9EGr%C3%BCne%20Insel%E2%80%9C&#038;body=https:\/\/www.tuicamper.com\/magazin\/beste-reisezeit-irland\/' data-av_icon='\ue805' data-av_iconfont='entypo-fontello'  title='' data-avia-related-tooltip='Per E-Mail teilen'><span class='avia_hidden_link_text'>Per E-Mail teilen<\/span><\/a><\/li><\/ul><\/div><\/div>\n<\/div><\/div><\/div><!-- close content main div --><\/div><\/div><div id='after_section_12'  class='main_color av_default_container_wrap container_wrap sidebar_right'  ><div class='container av-section-cont-open' ><div class='template-page content  av-content-small alpha units'><div class='post-entry post-entry-type-page post-entry-102688'><div class='entry-content-wrapper clearfix'>\n","protected":false},"excerpt":{"rendered":"<p>Sattgr\u00fcne Landschaften, eine spektakul\u00e4re K\u00fcste und urige Pubs: Irland ist wundersch\u00f6n. Erfahren Sie, wann sich eine Reise auf die gr\u00fcne Insel besonders lohnt!<\/p>\n","protected":false},"author":5,"featured_media":102694,"comment_status":"open","ping_status":"open","sticky":false,"template":"","format":"standard","meta":{"footnotes":""},"categories":[8],"tags":[25,50],"class_list":["post-102688","post","type-post","status-publish","format-standard","has-post-thumbnail","hentry","category-reiselaender","tag-irland","tag-natur"],"yoast_head":"<!-- This site is optimized with the Yoast SEO plugin v27.4 - https:\/\/yoast.com\/product\/yoast-seo-wordpress\/ -->\n<title>Beste Reisezeit Irland: Mit dem Camper \u00fcber die Gr\u00fcne Insel - TUI CAMPER<\/title>\n<meta name=\"description\" content=\"Jetzt beste Reisezeit entdecken f\u00fcr: Wohnmobil-Touren \u2713 Wanderungen \u2713 Dublin &amp; Cork \u2713 Erleben Sie Irlands sch\u00f6nste Seite!\" \/>\n<meta name=\"robots\" content=\"index, follow, max-snippet:-1, max-image-preview:large, max-video-preview:-1\" \/>\n<link rel=\"canonical\" href=\"https:\/\/www.tuicamper.com\/magazin\/beste-reisezeit-irland\/\" \/>\n<meta property=\"og:locale\" content=\"de_DE\" \/>\n<meta property=\"og:type\" content=\"article\" \/>\n<meta property=\"og:title\" content=\"Beste Reisezeit Irland: Mit dem Camper \u00fcber die Gr\u00fcne Insel - TUI CAMPER\" \/>\n<meta property=\"og:description\" content=\"Jetzt beste Reisezeit entdecken f\u00fcr: Wohnmobil-Touren \u2713 Wanderungen \u2713 Dublin &amp; Cork \u2713 Erleben Sie Irlands sch\u00f6nste Seite!\" \/>\n<meta property=\"og:url\" content=\"https:\/\/www.tuicamper.com\/magazin\/beste-reisezeit-irland\/\" \/>\n<meta property=\"og:site_name\" content=\"TUI Camper Magazin\" \/>\n<meta property=\"article:published_time\" content=\"2025-04-25T09:09:26+00:00\" \/>\n<meta property=\"og:image\" content=\"https:\/\/www.tuicamper.com\/wp-docker\/wp-content\/uploads\/2025\/04\/reisezeit_irland_header.jpg\" \/>\n\t<meta property=\"og:image:width\" content=\"1280\" \/>\n\t<meta property=\"og:image:height\" content=\"492\" \/>\n\t<meta property=\"og:image:type\" content=\"image\/jpeg\" \/>\n<meta name=\"author\" content=\"Olli\" \/>\n<meta name=\"twitter:card\" content=\"summary_large_image\" \/>\n<meta name=\"twitter:label1\" content=\"Verfasst von\" \/>\n\t<meta name=\"twitter:data1\" content=\"Olli\" \/>\n\t<meta name=\"twitter:label2\" content=\"Gesch\u00e4tzte Lesezeit\" \/>\n\t<meta name=\"twitter:data2\" content=\"5\u00a0Minuten\" \/>\n<!-- \/ Yoast SEO plugin. -->","yoast_head_json":{"title":"Beste Reisezeit Irland: Mit dem Camper \u00fcber die Gr\u00fcne Insel - TUI CAMPER","description":"Jetzt beste Reisezeit entdecken f\u00fcr: Wohnmobil-Touren \u2713 Wanderungen \u2713 Dublin & Cork \u2713 Erleben Sie Irlands sch\u00f6nste Seite!","robots":{"index":"index","follow":"follow","max-snippet":"max-snippet:-1","max-image-preview":"max-image-preview:large","max-video-preview":"max-video-preview:-1"},"canonical":"https:\/\/www.tuicamper.com\/magazin\/beste-reisezeit-irland\/","og_locale":"de_DE","og_type":"article","og_title":"Beste Reisezeit Irland: Mit dem Camper \u00fcber die Gr\u00fcne Insel - TUI CAMPER","og_description":"Jetzt beste Reisezeit entdecken f\u00fcr: Wohnmobil-Touren \u2713 Wanderungen \u2713 Dublin & Cork \u2713 Erleben Sie Irlands sch\u00f6nste Seite!","og_url":"https:\/\/www.tuicamper.com\/magazin\/beste-reisezeit-irland\/","og_site_name":"TUI Camper Magazin","article_published_time":"2025-04-25T09:09:26+00:00","og_image":[{"width":1280,"height":492,"url":"https:\/\/www.tuicamper.com\/wp-docker\/wp-content\/uploads\/2025\/04\/reisezeit_irland_header.jpg","type":"image\/jpeg"}],"author":"Olli","twitter_card":"summary_large_image","twitter_misc":{"Verfasst von":"Olli","Gesch\u00e4tzte Lesezeit":"5\u00a0Minuten"},"schema":{"@context":"https:\/\/schema.org","@graph":[{"@type":"Article","@id":"https:\/\/www.tuicamper.com\/magazin\/beste-reisezeit-irland\/#article","isPartOf":{"@id":"https:\/\/www.tuicamper.com\/magazin\/beste-reisezeit-irland\/"},"author":{"name":"Olli","@id":"https:\/\/www.tuicamper.com\/wp-docker\/#\/schema\/person\/98975e733813f701672fd75ef9df8b69"},"headline":"Beste Reisezeit Irland: Mit dem Wohnmobil \u00fcber die \u201eGr\u00fcne Insel\u201c","datePublished":"2025-04-25T09:09:26+00:00","mainEntityOfPage":{"@id":"https:\/\/www.tuicamper.com\/magazin\/beste-reisezeit-irland\/"},"wordCount":4373,"commentCount":0,"image":{"@id":"https:\/\/www.tuicamper.com\/magazin\/beste-reisezeit-irland\/#primaryimage"},"thumbnailUrl":"https:\/\/www.tuicamper.com\/wp-docker\/wp-content\/uploads\/2025\/04\/reisezeit_irland_header.jpg","keywords":["Irland","Natur"],"articleSection":["Reisel\u00e4nder"],"inLanguage":"de","potentialAction":[{"@type":"CommentAction","name":"Comment","target":["https:\/\/www.tuicamper.com\/magazin\/beste-reisezeit-irland\/#respond"]}]},{"@type":"WebPage","@id":"https:\/\/www.tuicamper.com\/magazin\/beste-reisezeit-irland\/","url":"https:\/\/www.tuicamper.com\/magazin\/beste-reisezeit-irland\/","name":"Beste Reisezeit Irland: Mit dem Camper \u00fcber die Gr\u00fcne Insel - TUI CAMPER","isPartOf":{"@id":"https:\/\/www.tuicamper.com\/#website"},"primaryImageOfPage":{"@id":"https:\/\/www.tuicamper.com\/magazin\/beste-reisezeit-irland\/#primaryimage"},"image":{"@id":"https:\/\/www.tuicamper.com\/magazin\/beste-reisezeit-irland\/#primaryimage"},"thumbnailUrl":"https:\/\/www.tuicamper.com\/wp-content\/uploads\/2025\/04\/reisezeit_irland_header.jpg","datePublished":"2025-04-25T09:09:26+00:00","author":{"@id":"https:\/\/www.tuicamper.com\/#\/schema\/person\/98975e733813f701672fd75ef9df8b69"},"description":"Jetzt beste Reisezeit entdecken f\u00fcr: Wohnmobil-Touren \u2713 Wanderungen \u2713 Dublin & Cork \u2713 Erleben Sie Irlands sch\u00f6nste Seite!","breadcrumb":{"@id":"https:\/\/www.tuicamper.com\/magazin\/beste-reisezeit-irland\/#breadcrumb"},"inLanguage":"de","potentialAction":["Array"]},{"@type":"ImageObject","inLanguage":"de","@id":"https:\/\/www.tuicamper.com\/magazin\/beste-reisezeit-irland\/#primaryimage","url":"https:\/\/www.tuicamper.com\/wp-docker\/wp-content\/uploads\/2025\/04\/reisezeit_irland_header.jpg","contentUrl":"https:\/\/www.tuicamper.com\/wp-docker\/wp-content\/uploads\/2025\/04\/reisezeit_irland_header.jpg","width":1280,"height":492},{"@type":"BreadcrumbList","@id":"https:\/\/www.tuicamper.com\/magazin\/beste-reisezeit-irland\/#breadcrumb","itemListElement":[{"@type":"ListItem","position":1,"name":"Startseite","item":"https:\/\/www.tuicamper.com\/wp-docker\/"},{"@type":"ListItem","position":2,"name":"Beste Reisezeit Irland: Mit dem Wohnmobil \u00fcber die \u201eGr\u00fcne Insel\u201c"}]},{"@type":"WebSite","@id":"https:\/\/www.tuicamper.com\/#website","url":"https:\/\/www.tuicamper.com\/","name":"TUI Camper Magazin","description":"","potentialAction":["Array"],"inLanguage":"de"},{"@type":"Person","@id":"https:\/\/www.tuicamper.com\/wp-docker\/#\/schema\/person\/98975e733813f701672fd75ef9df8b69","name":"Olli","image":{"@type":"ImageObject","inLanguage":"de","@id":"https:\/\/secure.gravatar.com\/avatar\/4529b17b9a4dec34d38f705f89e1db8c906d30537b64d795d775d528c07951ff?s=96&d=mm&r=g","url":"https:\/\/secure.gravatar.com\/avatar\/4529b17b9a4dec34d38f705f89e1db8c906d30537b64d795d775d528c07951ff?s=96&d=mm&r=g","contentUrl":"https:\/\/secure.gravatar.com\/avatar\/4529b17b9a4dec34d38f705f89e1db8c906d30537b64d795d775d528c07951ff?s=96&d=mm&r=g","caption":"Olli"},"url":"https:\/\/www.tuicamper.com\/wp-docker\/magazin\/author\/olli\/"}]}},"_links":{"self":[{"href":"https:\/\/www.tuicamper.com\/wp-docker\/wp-json\/wp\/v2\/posts\/102688","targetHints":{"allow":["GET"]}}],"collection":[{"href":"https:\/\/www.tuicamper.com\/wp-docker\/wp-json\/wp\/v2\/posts"}],"about":[{"href":"https:\/\/www.tuicamper.com\/wp-docker\/wp-json\/wp\/v2\/types\/post"}],"author":[{"embeddable":true,"href":"https:\/\/www.tuicamper.com\/wp-docker\/wp-json\/wp\/v2\/users\/5"}],"replies":[{"embeddable":true,"href":"https:\/\/www.tuicamper.com\/wp-docker\/wp-json\/wp\/v2\/comments?post=102688"}],"version-history":[{"count":8,"href":"https:\/\/www.tuicamper.com\/wp-docker\/wp-json\/wp\/v2\/posts\/102688\/revisions"}],"predecessor-version":[{"id":102705,"href":"https:\/\/www.tuicamper.com\/wp-docker\/wp-json\/wp\/v2\/posts\/102688\/revisions\/102705"}],"wp:featuredmedia":[{"embeddable":true,"href":"https:\/\/www.tuicamper.com\/wp-docker\/wp-json\/wp\/v2\/media\/102694"}],"wp:attachment":[{"href":"https:\/\/www.tuicamper.com\/wp-docker\/wp-json\/wp\/v2\/media?parent=102688"}],"wp:term":[{"taxonomy":"category","embeddable":true,"href":"https:\/\/www.tuicamper.com\/wp-docker\/wp-json\/wp\/v2\/categories?post=102688"},{"taxonomy":"post_tag","embeddable":true,"href":"https:\/\/www.tuicamper.com\/wp-docker\/wp-json\/wp\/v2\/tags?post=102688"}],"curies":[{"name":"wp","href":"https:\/\/api.w.org\/{rel}","templated":true}]}}