{"id":101782,"date":"2025-04-14T09:23:01","date_gmt":"2025-04-14T07:23:01","guid":{"rendered":"https:\/\/www.tuicamper.com\/?p=101782"},"modified":"2025-04-14T09:23:01","modified_gmt":"2025-04-14T07:23:01","slug":"mit-dem-wohnmobil-nach-wacken","status":"publish","type":"post","link":"https:\/\/www.tuicamper.com\/magazin\/mit-dem-wohnmobil-nach-wacken\/","title":{"rendered":"Mit dem Wohnmobil nach Wacken \u2013 Camping auf dem Heavy-Metal-Festival"},"content":{"rendered":"<div id='av_section_1'  class='avia-section av-9lvccmhi-f0bb309183cd27fcaa9a8b7040ebc69a main_color avia-section-default avia-no-border-styling  avia-builder-el-0  el_before_av_textblock  avia-builder-el-first  reduced-content avia-bg-style-scroll container_wrap sidebar_right'  ><div class='container av-section-cont-open' ><main  role=\"main\" itemprop=\"mainContentOfPage\"  class='template-page content  av-content-small alpha units'><div class='post-entry post-entry-type-page post-entry-101782'><div class='entry-content-wrapper clearfix'>\n\n<style type=\"text\/css\" data-created_by=\"avia_inline_auto\" id=\"style-css-av-9ju8sonq-48713120e60a321db49b94250e023686\">\n.flex_column.av-9ju8sonq-48713120e60a321db49b94250e023686{\nborder-radius:0px 0px 0px 0px;\npadding:0px 0px 0px 0px;\n}\n<\/style>\n<div  class='flex_column av-9ju8sonq-48713120e60a321db49b94250e023686 av_one_full  avia-builder-el-1  avia-builder-el-no-sibling  first flex_column_div av-zero-column-padding  '     ><section  class='av_textblock_section av-9cvt1n2u-d64546fb2d41143ad0e195e8721c5c46 '   itemscope=\"itemscope\" itemtype=\"https:\/\/schema.org\/BlogPosting\" itemprop=\"blogPost\" ><div class='avia_textblock'  itemprop=\"text\" ><p>Laute Gitarrenriffs, gute Laune und ein unvergessliches Abenteuer: Das Wacken Open Air (W:O:A) genie\u00dft zurecht Legendenstatus \u2013 und zieht Heavy-Metal-Fans aus Deutschland und ganz Europa an. Die allermeisten davon entscheiden sich f\u00fcr das Camping vor Ort. Und wer mit dem Wohnmobil nach Wacken reist, profitiert dabei von einem ganz besonderen Komfort. Denn ein eigenes Bett und eine private Toilette sind auf einem Festival mit \u00fcber 85.000 Besuchern einfach unbezahlbar. Warum also nicht ein Wohnmobil f\u00fcr Wacken mieten? Wir zeigen Ihnen, was Sie f\u00fcr den Besuch des gr\u00f6\u00dften Open Air Festivals Deutschlands mit dem Camper wissen m\u00fcssen.<\/p>\n<\/div><\/section><\/div>\n<\/div><\/div><\/main><!-- close content main element --><\/div><\/div><div id='after_section_1'  class='main_color av_default_container_wrap container_wrap sidebar_right'  ><div class='container av-section-cont-open' ><div class='template-page content  av-content-small alpha units'><div class='post-entry post-entry-type-page post-entry-101782'><div class='entry-content-wrapper clearfix'>\n<section  class='av_textblock_section av-97mie4ye-6a2bd49088fae6ba1a640e6a36d025b8 '   itemscope=\"itemscope\" itemtype=\"https:\/\/schema.org\/BlogPosting\" itemprop=\"blogPost\" ><div class='avia_textblock'  itemprop=\"text\" >\n<\/div><\/section>\n<\/div><\/div><\/div><!-- close content main div --><\/div><\/div><div id='av_section_2'  class='avia-section av-93gwmyom-a48150680b76ae9000254f333072913d main_color avia-section-default avia-no-border-styling  avia-builder-el-4  el_after_av_textblock  el_before_av_section  reduced-content avia-bg-style-scroll container_wrap sidebar_right'  ><div class='container av-section-cont-open' ><div class='template-page content  av-content-small alpha units'><div class='post-entry post-entry-type-page post-entry-101782'><div class='entry-content-wrapper clearfix'>\n<section  class='av_textblock_section av-925xrwnq-388ef64b8d906ca7c6fdc357b195d3d9 '   itemscope=\"itemscope\" itemtype=\"https:\/\/schema.org\/BlogPosting\" itemprop=\"blogPost\" ><div class='avia_textblock'  itemprop=\"text\" ><div id=\"js-table-of-contents\">\r\n    <strong>Inhaltsverzeichnis<\/strong>\r\n<\/div>\n<\/div><\/section>\n\n<\/div><\/div><\/div><!-- close content main div --><\/div><\/div><div id='av_section_3'  class='avia-section av-8v1jotau-48d27732430f6aef32b1fd675baa9b8c main_color avia-section-default avia-no-border-styling  avia-builder-el-6  el_after_av_section  el_before_av_section  reduced-content avia-bg-style-scroll container_wrap sidebar_right'  ><div class='container av-section-cont-open' ><div class='template-page content  av-content-small alpha units'><div class='post-entry post-entry-type-page post-entry-101782'><div class='entry-content-wrapper clearfix'>\n\n<style type=\"text\/css\" data-created_by=\"avia_inline_auto\" id=\"style-css-av-8ppe1biu-83d656b0b6e0cc683f847ae8d35bee85\">\n.flex_column.av-8ppe1biu-83d656b0b6e0cc683f847ae8d35bee85{\nborder-radius:0px 0px 0px 0px;\npadding:0px 0px 0px 0px;\n}\n<\/style>\n<div  class='flex_column av-8ppe1biu-83d656b0b6e0cc683f847ae8d35bee85 av_one_full  avia-builder-el-7  avia-builder-el-no-sibling  first flex_column_div av-zero-column-padding  '     ><section  class='av_textblock_section av-8kvotkuu-34b69af9ad940eb179519505a7985251 '   itemscope=\"itemscope\" itemtype=\"https:\/\/schema.org\/BlogPosting\" itemprop=\"blogPost\" ><div class='avia_textblock'  itemprop=\"text\" ><h2>Ein Wohnmobil f\u00fcr Wacken mieten? Darauf sollten Sie achten<\/h2>\n<p>Wie immer, wenn Sie f\u00fcr <a href=\"https:\/\/www.tuicamper.com\/magazin\/ein-wohnmobil-fuers-festival-mieten\/\">Festivals ein Wohnmobil mieten<\/a> wollen, gilt: Kl\u00e4ren Sie im Vorfeld Ihre W\u00fcnsche und Bed\u00fcrfnisse \u2013 und suchen Sie im Anschluss den passenden Camper. Gen\u00fcgt Ihnen ein eigenes Bett, reicht ein kleiner Campervan f\u00fcr den Festival-Besuch schon aus. M\u00f6chten Sie in Wacken in den Genuss einer privaten Toilette und Dusche kommen \u2013 Annehmlichkeiten, die man zu wenigen sonstigen Anl\u00e4ssen so hoch zu sch\u00e4tzen wei\u00df, wie hier \u2013 ist ein gr\u00f6\u00dferes Wohnmobil dagegen die bessere Wahl. Zumal Ihnen hier in der Regel auch eine Kochnische sowie ein eigener K\u00fchlschrank zur Verf\u00fcgung steht. K\u00fchles Bier und selbstgekochte Mahlzeiten abseits von Dosenravioli: F\u00fcr Festival-Verh\u00e4ltnisse ist das Glamping pur!<\/p>\n<p>\u00dcbrigens: Einige Anbieter gestattet es nicht, dass mit ihren Wohnmobilen zu Festivals gefahren wird. Sollte das der Fall sein, finden Sie in der Regel einen entsprechenden Hinweis in der Beschreibung zum jeweiligen Fahrzeug oder Partner.<\/p>\n<p>Ist das Wohnmobil sehr stark verschmutzt \u2013 bei Regen kann Wacken bekannterma\u00dfen zu einer regelrechten Matsch-Orgie werden \u2013 empfiehlt sich zumindest eine grobe Reinigung vor der R\u00fcckgabe. Und sei es auch nur aus Gr\u00fcnden der H\u00f6flichkeit.<\/p>\n<\/div><\/section><\/div>\n\n<\/div><\/div><\/div><!-- close content main div --><\/div><\/div><div id='av_section_4'  class='avia-section av-8g8o4yl2-1f5d56d9744cbaffa522de724fa58152 main_color avia-section-default avia-no-border-styling  avia-builder-el-9  el_after_av_section  el_before_av_section  reduced-content avia-bg-style-scroll container_wrap sidebar_right'  ><div class='container av-section-cont-open' ><div class='template-page content  av-content-small alpha units'><div class='post-entry post-entry-type-page post-entry-101782'><div class='entry-content-wrapper clearfix'>\n\n<style type=\"text\/css\" data-created_by=\"avia_inline_auto\" id=\"style-css-av-8b6hhul2-908922b50837bc0f0c0f37175b115676\">\n.avia-image-container.av-8b6hhul2-908922b50837bc0f0c0f37175b115676 img.avia_image{\nbox-shadow:none;\n}\n.avia-image-container.av-8b6hhul2-908922b50837bc0f0c0f37175b115676 .av-caption-image-overlay-bg{\nopacity:0.4;\nbackground-color:#000000;\n}\n.avia-image-container.av-8b6hhul2-908922b50837bc0f0c0f37175b115676 .av-image-caption-overlay-center{\ncolor:#ffffff;\n}\n<\/style>\n<div  class='avia-image-container av-8b6hhul2-908922b50837bc0f0c0f37175b115676 av-styling- av-img-linked avia_animated_image av-animated-when-visible-95 fade-in avia-align-center  avia-builder-el-10  el_before_av_hr  avia-builder-el-first  noHover av-overlay-on-hover'   itemprop=\"image\" itemscope=\"itemscope\" itemtype=\"https:\/\/schema.org\/ImageObject\" ><div class=\"avia-image-container-inner\"><div class=\"avia-image-overlay-wrap\"><a href=\"https:\/\/www.tuicamper.com\/wp-docker\/wp-content\/uploads\/2025\/04\/camping-wacken-konzert-wackengruss-1030x644.jpg\" data-srcset=\"https:\/\/www.tuicamper.com\/wp-docker\/wp-content\/uploads\/2025\/04\/camping-wacken-konzert-wackengruss-1030x644.jpg 1030w, https:\/\/www.tuicamper.com\/wp-docker\/wp-content\/uploads\/2025\/04\/camping-wacken-konzert-wackengruss-300x188.jpg 300w, https:\/\/www.tuicamper.com\/wp-docker\/wp-content\/uploads\/2025\/04\/camping-wacken-konzert-wackengruss-768x480.jpg 768w, https:\/\/www.tuicamper.com\/wp-docker\/wp-content\/uploads\/2025\/04\/camping-wacken-konzert-wackengruss-705x441.jpg 705w, https:\/\/www.tuicamper.com\/wp-docker\/wp-content\/uploads\/2025\/04\/camping-wacken-konzert-wackengruss.jpg 1440w\" data-sizes=\"(max-width: 1030px) 100vw, 1030px\" class='avia_image '  aria-label='Wacken Konzert Stage'><div class=\"av-image-caption-overlay\"><div class=\"av-caption-image-overlay-bg\"><\/div><div class=\"av-image-caption-overlay-position\"><div class=\"av-image-caption-overlay-center\"><p>Konzert beim Wackenfestival<\/p>\n<\/div><\/div><\/div><img decoding=\"async\" fetchpriority=\"high\" class='wp-image-101790 avia-img-lazy-loading-not-101790 avia_image ' src=\"https:\/\/www.tuicamper.com\/wp-docker\/wp-content\/uploads\/2025\/04\/camping-wacken-konzert-wackengruss-845x684.jpg\" alt='' title='Wacken Konzert Stage'  height=\"684\" width=\"845\"  itemprop=\"thumbnailUrl\" srcset=\"https:\/\/www.tuicamper.com\/wp-docker\/wp-content\/uploads\/2025\/04\/camping-wacken-konzert-wackengruss-845x684.jpg 845w, https:\/\/www.tuicamper.com\/wp-docker\/wp-content\/uploads\/2025\/04\/camping-wacken-konzert-wackengruss-495x400.jpg 495w\" sizes=\"(max-width: 845px) 100vw, 845px\" \/><\/a><\/div><\/div><\/div>\n\n<style type=\"text\/css\" data-created_by=\"avia_inline_auto\" id=\"style-css-av-8a1cst3q-847b92ce809c3e0be83fc93310fd0b12\">\n#top .hr.hr-invisible.av-8a1cst3q-847b92ce809c3e0be83fc93310fd0b12{\nheight:25px;\n}\n<\/style>\n<div  class='hr av-8a1cst3q-847b92ce809c3e0be83fc93310fd0b12 hr-invisible  avia-builder-el-11  el_after_av_image  avia-builder-el-last '><span class='hr-inner '><span class=\"hr-inner-style\"><\/span><\/span><\/div>\n\n<\/div><\/div><\/div><!-- close content main div --><\/div><\/div><div id='av_section_5'  class='avia-section av-84ygk23a-419c8add9719cb6f2c0cd682e4070b03 main_color avia-section-default avia-no-border-styling  avia-builder-el-12  el_after_av_section  el_before_av_section  reduced-content avia-bg-style-scroll container_wrap sidebar_right'  ><div class='container av-section-cont-open' ><div class='template-page content  av-content-small alpha units'><div class='post-entry post-entry-type-page post-entry-101782'><div class='entry-content-wrapper clearfix'>\n\n<style type=\"text\/css\" data-created_by=\"avia_inline_auto\" id=\"style-css-av-80trjq3a-75cde0f8c44159d0d54e02eea7ee90f3\">\n.flex_column.av-80trjq3a-75cde0f8c44159d0d54e02eea7ee90f3{\nborder-radius:0px 0px 0px 0px;\npadding:0px 0px 0px 0px;\n}\n<\/style>\n<div  class='flex_column av-80trjq3a-75cde0f8c44159d0d54e02eea7ee90f3 av_one_full  avia-builder-el-13  avia-builder-el-no-sibling  first flex_column_div av-zero-column-padding  '     ><section  class='av_textblock_section av-s4nf0ie-a5919f99f29f950e3ebe61474338ba50 '   itemscope=\"itemscope\" itemtype=\"https:\/\/schema.org\/BlogPosting\" itemprop=\"blogPost\" ><div class='avia_textblock'  itemprop=\"text\" ><h2>Camping in Wacken \u2013 Diese 3 M\u00f6glichkeiten haben Sie<\/h2>\n<p>Wenn Sie mit dem Wohnmobil nach Wacken fahren, stehen Ihnen im Wesentlichen drei M\u00f6glichkeiten zur Wahl. Sie entscheiden, ob Sie mittendrin, vergleichsweise ruhig am Rande des Festivals oder auf externem Gel\u00e4nde campen m\u00f6chten.<\/p>\n<\/div><\/section><\/div>\n\n<\/div><\/div><\/div><!-- close content main div --><\/div><\/div><div id='av_section_6'  class='avia-section av-7ef5yi1i-f11f1a83331c97170972f1c31f5c4c70 main_color avia-section-default avia-no-border-styling  avia-builder-el-15  el_after_av_section  el_before_av_section  reduced-content avia-bg-style-scroll container_wrap sidebar_right'  ><div class='container av-section-cont-open' ><div class='template-page content  av-content-small alpha units'><div class='post-entry post-entry-type-page post-entry-101782'><div class='entry-content-wrapper clearfix'>\n\n<style type=\"text\/css\" data-created_by=\"avia_inline_auto\" id=\"style-css-av-767vjvva-8dfc0aeb5ad8f0da9262112476ad2110\">\n.flex_column.av-767vjvva-8dfc0aeb5ad8f0da9262112476ad2110{\nborder-radius:0px 0px 0px 0px;\npadding:0px 0px 0px 0px;\n}\n<\/style>\n<div  class='flex_column av-767vjvva-8dfc0aeb5ad8f0da9262112476ad2110 av_one_full  avia-builder-el-16  avia-builder-el-no-sibling  first flex_column_div av-zero-column-padding  '     ><section  class='av_textblock_section av-71bnu992-500b5325b7c8c67b4f378446037e1bbf '   itemscope=\"itemscope\" itemtype=\"https:\/\/schema.org\/BlogPosting\" itemprop=\"blogPost\" ><div class='avia_textblock'  itemprop=\"text\" ><h3>1.) W:O:A Campground \u2013 Camping im Herzen des Festivals<\/h3>\n<p>Auf dem <a href=\"https:\/\/www.wacken.com\/de\/camping\/woa-campground\/\" target=\"_blank\" rel=\"noopener\">W:O:A Campground<\/a> versammelt sich Jahr f\u00fcr Jahr die \u00fcberwiegende Mehrheit der Festival-Besucher. Wer die legend\u00e4re Atmosph\u00e4re Wackens unter den Metal-Heads jeder Couleur erleben m\u00f6chte, ist hier genau richtig. Sofern Sie sich f\u00fcr einen kleinen Camper ohne Toilette oder Dusche entschieden haben, k\u00f6nnen Sie die sanit\u00e4ren Anlagen vor Ort nutzen. Lichtmasten, Wegweiser und eine Buchstaben-Markierung (unbedingt merken!) erleichtern die Orientierung auf dem riesigen Campinggel\u00e4nde.<\/p>\n<p>Wichtig: Um auf dem W:O:A Campground mit einem Auto oder Wohnmobil stehen zu k\u00f6nnen, muss f\u00fcr jedes Fahrzeug im Vorfeld ein separater <a href=\"https:\/\/www.wacken.com\/de\/infos\/access-pass\/\" target=\"_blank\" rel=\"noopener\">Access Pass<\/a> gebucht werden.<\/p>\n<\/div><\/section><\/div>\n\n<\/div><\/div><\/div><!-- close content main div --><\/div><\/div><div id='av_section_7'  class='avia-section av-7rluzel2-c686b6bfa6bf7871a13ff3b905aaf6bf main_color avia-section-default avia-no-border-styling  avia-builder-el-18  el_after_av_section  el_before_av_section  reduced-content avia-bg-style-scroll container_wrap sidebar_right'  ><div class='container av-section-cont-open' ><div class='template-page content  av-content-small alpha units'><div class='post-entry post-entry-type-page post-entry-101782'><div class='entry-content-wrapper clearfix'>\n\n<style type=\"text\/css\" data-created_by=\"avia_inline_auto\" id=\"style-css-av-7lcsjaza-e1d298fddea274883752e95118d03d20\">\n.avia-image-container.av-7lcsjaza-e1d298fddea274883752e95118d03d20 img.avia_image{\nbox-shadow:none;\n}\n.avia-image-container.av-7lcsjaza-e1d298fddea274883752e95118d03d20 .av-caption-image-overlay-bg{\nopacity:0.4;\nbackground-color:#000000;\n}\n.avia-image-container.av-7lcsjaza-e1d298fddea274883752e95118d03d20 .av-image-caption-overlay-center{\ncolor:#ffffff;\n}\n<\/style>\n<div  class='avia-image-container av-7lcsjaza-e1d298fddea274883752e95118d03d20 av-styling- av-img-linked avia_animated_image av-animated-when-visible-95 fade-in avia-align-center  avia-builder-el-19  el_before_av_hr  avia-builder-el-first  noHover av-overlay-on-hover'   itemprop=\"image\" itemscope=\"itemscope\" itemtype=\"https:\/\/schema.org\/ImageObject\" ><div class=\"avia-image-container-inner\"><div class=\"avia-image-overlay-wrap\"><a href=\"https:\/\/www.tuicamper.com\/wp-docker\/wp-content\/uploads\/2025\/04\/camping-wacken-konzert-1030x644.jpg\" data-srcset=\"https:\/\/www.tuicamper.com\/wp-docker\/wp-content\/uploads\/2025\/04\/camping-wacken-konzert-1030x644.jpg 1030w, https:\/\/www.tuicamper.com\/wp-docker\/wp-content\/uploads\/2025\/04\/camping-wacken-konzert-300x188.jpg 300w, https:\/\/www.tuicamper.com\/wp-docker\/wp-content\/uploads\/2025\/04\/camping-wacken-konzert-768x480.jpg 768w, https:\/\/www.tuicamper.com\/wp-docker\/wp-content\/uploads\/2025\/04\/camping-wacken-konzert-705x441.jpg 705w, https:\/\/www.tuicamper.com\/wp-docker\/wp-content\/uploads\/2025\/04\/camping-wacken-konzert.jpg 1440w\" data-sizes=\"(max-width: 1030px) 100vw, 1030px\" class='avia_image '  aria-label='Konzert Festival'><div class=\"av-image-caption-overlay\"><div class=\"av-caption-image-overlay-bg\"><\/div><div class=\"av-image-caption-overlay-position\"><div class=\"av-image-caption-overlay-center\"><p>Wacken geh\u00f6rt zu den gr\u00f6\u00dften Open Air Festivals Deutschlands<\/p>\n<\/div><\/div><\/div><img decoding=\"async\" fetchpriority=\"high\" class='wp-image-101792 avia-img-lazy-loading-not-101792 avia_image ' src=\"https:\/\/www.tuicamper.com\/wp-docker\/wp-content\/uploads\/2025\/04\/camping-wacken-konzert-845x684.jpg\" alt='' title='Konzert Festival'  height=\"684\" width=\"845\"  itemprop=\"thumbnailUrl\" srcset=\"https:\/\/www.tuicamper.com\/wp-docker\/wp-content\/uploads\/2025\/04\/camping-wacken-konzert-845x684.jpg 845w, https:\/\/www.tuicamper.com\/wp-docker\/wp-content\/uploads\/2025\/04\/camping-wacken-konzert-495x400.jpg 495w\" sizes=\"(max-width: 845px) 100vw, 845px\" \/><\/a><\/div><\/div><\/div>\n\n<style type=\"text\/css\" data-created_by=\"avia_inline_auto\" id=\"style-css-av-qqf9kba-9593ab7e439055263b290ae2d00b74ed\">\n#top .hr.hr-invisible.av-qqf9kba-9593ab7e439055263b290ae2d00b74ed{\nheight:25px;\n}\n<\/style>\n<div  class='hr av-qqf9kba-9593ab7e439055263b290ae2d00b74ed hr-invisible  avia-builder-el-20  el_after_av_image  avia-builder-el-last '><span class='hr-inner '><span class=\"hr-inner-style\"><\/span><\/span><\/div>\n<\/div><\/div><\/div><!-- close content main div --><\/div><\/div><div id='av_section_8'  class='avia-section av-6jxshzyu-3b9fa3d1ba6546942358e2ce0dc86b47 main_color avia-section-default avia-no-border-styling  avia-builder-el-21  el_after_av_section  el_before_av_section  reduced-content avia-bg-style-scroll container_wrap sidebar_right'  ><div class='container av-section-cont-open' ><div class='template-page content  av-content-small alpha units'><div class='post-entry post-entry-type-page post-entry-101782'><div class='entry-content-wrapper clearfix'>\n\n<style type=\"text\/css\" data-created_by=\"avia_inline_auto\" id=\"style-css-av-6i556k9i-4458e25746f92d8bfe87cc1c4f31b297\">\n.flex_column.av-6i556k9i-4458e25746f92d8bfe87cc1c4f31b297{\nborder-radius:0px 0px 0px 0px;\npadding:0px 0px 0px 0px;\n}\n<\/style>\n<div  class='flex_column av-6i556k9i-4458e25746f92d8bfe87cc1c4f31b297 av_one_full  avia-builder-el-22  avia-builder-el-no-sibling  first flex_column_div av-zero-column-padding  '     ><section  class='av_textblock_section av-6aascx5i-7f59f51efec0287d89ae8308b7ff41be '   itemscope=\"itemscope\" itemtype=\"https:\/\/schema.org\/BlogPosting\" itemprop=\"blogPost\" ><div class='avia_textblock'  itemprop=\"text\" ><h3>2.) Camper-Park \u2013 relative Ruhe auf dem festivaleigenen Campingplatz<\/h3>\n<p>Wenn Sie es \u2013 gerade in den Nachtstunden \u2013 lieber ruhiger m\u00f6gen, ist der im Westen des Festival-Gel\u00e4ndes gelegene <a href=\"https:\/\/www.wacken.com\/de\/camping\/camper-park\/\" target=\"_blank\" rel=\"noopener\">Camper-Park<\/a> eine gute Alternative zum W:O:A Campground. Je nach Bedarf k\u00f6nnen Sie zwischen verschiedenen Parzellen-Typen w\u00e4hlen. Vor Ort ist auch ein Stromanschluss (Schuko, 230 Volt) vorhanden. Die Nutzung ist im Preis inbegriffen. Allerdings m\u00fcssen Sie selbst f\u00fcr ein passendes Adapterkabel und ein Outdoor-Verl\u00e4ngerungskabel (Mindestl\u00e4nge: 25 Meter) sorgen.<\/p>\n<p>Gut zu wissen: Lediglich Parzellen der gleichen Gr\u00f6\u00dfe k\u00f6nnen miteinander kombiniert werden. Wer mit Freunden anreist, hat die M\u00f6glichkeit, Nachbarschaftsw\u00fcnsche anzumelden \u2013 Garantien gibt es aber keine.<\/p>\n<\/div><\/section><\/div>\n<\/p>\n<\/div><\/div><\/div><!-- close content main div --><\/div><\/div><div id='av_section_9'  class='avia-section av-14p5g786-a04bb1de3564178ae7cae89bb02d6ccb main_color avia-section-default avia-no-border-styling  avia-builder-el-24  el_after_av_section  el_before_av_section  reduced-content avia-bg-style-scroll container_wrap sidebar_right'  ><div class='container av-section-cont-open' ><div class='template-page content  av-content-small alpha units'><div class='post-entry post-entry-type-page post-entry-101782'><div class='entry-content-wrapper clearfix'>\n\n<style type=\"text\/css\" data-created_by=\"avia_inline_auto\" id=\"style-css-av-xzj172u-0f8627f27dc7116c6bc47da3ed851ce3\">\n.flex_column.av-xzj172u-0f8627f27dc7116c6bc47da3ed851ce3{\nborder-radius:0px 0px 0px 0px;\npadding:0px 0px 0px 0px;\n}\n<\/style>\n<div  class='flex_column av-xzj172u-0f8627f27dc7116c6bc47da3ed851ce3 av_one_full  avia-builder-el-25  avia-builder-el-no-sibling  first flex_column_div av-zero-column-padding  '     ><section  class='av_textblock_section av-utpo1w6-bb41169829448facce9cbb6d7d0e0714 '   itemscope=\"itemscope\" itemtype=\"https:\/\/schema.org\/BlogPosting\" itemprop=\"blogPost\" ><div class='avia_textblock'  itemprop=\"text\" ><h3>3.) Campingpl\u00e4tze rund um das Festival \u2013 nur bedingt geeignet<\/h3>\n<p>Theoretisch k\u00f6nnen Sie mit Ihrem Wohnmobil auch auf einem regul\u00e4ren Campingplatz oder Wohnmobilstellplatz rund um Wacken campen. In einem Radius von 15 Kilometern gibt es dazu einige M\u00f6glichkeiten. Gerade, wenn Sie das Festival in erster Linie f\u00fcr Ihre Lieblingsbands besuchen und dem wacken-typischen Trubel weitestgehend aus dem Weg gehen wollen, kann ein externer Platz eine gute Option sein.<\/p>\n<p>F\u00fcr alle Metal-Fans, die das legend\u00e4re Flair Wackens voll auskosten wollen, d\u00fcrfte ein Platz in der Region aber kaum in Frage kommen. Zumal auch die t\u00e4gliche An- und Abreise zum Festival m\u00fchsam ist. Die Buchung eines separaten Access Passes, der nur f\u00fcr einen konkreten Anreisetag g\u00fcltig ist, k\u00f6nnen Sie sich in diesem Fall zwar sparen. Daf\u00fcr m\u00fcssen Sie den Weg von den \u00f6ffentlichen Parkfl\u00e4chen der umliegenden Gemeinden t\u00e4glich aufs Neue mit \u00f6ffentlichen Verkehrsmitteln (oder einem Taxi) bestreiten. Rechnet man noch den Spaziergang \u00fcber das weitl\u00e4ufige Festivalgel\u00e4nde der B\u00fchne hinzu, kommen da schnell einige Stunden pro Tag zusammen.<\/p>\n<\/div><\/section><\/div>\n\n<\/div><\/div><\/div><!-- close content main div --><\/div><\/div><div id='av_section_10'  class='avia-section av-6ybl2iza-0cc3226ebff3949a1c73e47d29b57f3a main_color avia-section-default avia-no-border-styling  avia-builder-el-27  el_after_av_section  el_before_av_section  magazine-slider-section fullwidth_section avia-bg-style-scroll container_wrap sidebar_right'  ><div class='container av-section-cont-open' ><div class='template-page content  av-content-small alpha units'><div class='post-entry post-entry-type-page post-entry-101782'><div class='entry-content-wrapper clearfix'>\n\n<style type=\"text\/css\" data-created_by=\"avia_inline_auto\" id=\"style-css-av-6uh1mceu-88a42b1a8347cd92e6f8d0667d8aa613\">\n.flex_column.av-6uh1mceu-88a42b1a8347cd92e6f8d0667d8aa613{\nborder-radius:0px 0px 0px 0px;\npadding:0px 0px 0px 0px;\n}\n<\/style>\n<div  class='flex_column av-6uh1mceu-88a42b1a8347cd92e6f8d0667d8aa613 av_one_full  avia-builder-el-28  avia-builder-el-no-sibling  first flex_column_div av-zero-column-padding  '     ><section  class='av_textblock_section av-6p0njvrq-e26f703a3a015d9dba9edcc029a4d26e '   itemscope=\"itemscope\" itemtype=\"https:\/\/schema.org\/BlogPosting\" itemprop=\"blogPost\" ><div class='avia_textblock'  itemprop=\"text\" ><div class=\"flex_column av_three_fourth flex_column_div av-zero-column-padding first el_before_av_one_fourth avia-builder-el-first headline-section\">\r\n    <section class=\"av_textblock_section \" itemscope=\"itemscope\"\r\n             itemtype=\"https:\/\/schema.org\/CreativeWork\">\r\n                    <div class=\"avia_textblock\" itemprop=\"text\">\r\n                                    Aus dem TUI Camper Magazin:<br>\r\n                                Spannende Artikel \u00fcber Deutschland            <\/div>\r\n            <\/section>\r\n<\/div>\r\n<div class=\"flex_column av_one_fourth flex_column_div av-zero-column-padding el_after_av_three_fourth el_before_av_feature_image_slider avia-builder-el-last logo-section\">\r\n    <div class=\"avia-image-container avia-builder-el-no-sibling avia-align-center\"\r\n         itemprop=\"image\" itemscope=\"itemscope\" itemtype=\"https:\/\/schema.org\/ImageObject\">\r\n        <div class=\"avia-image-container-inner\">\r\n            <div class=\"avia-image-overlay-wrap\">\r\n                <a href=\"\/magazin\/\">\r\n                    <img decoding=\"async\" class=\"wp-image-3099 avia-img-lazy-loading-not-3099 avia_image\"\r\n                         src=\"\/wp-docker\/wp-content\/themes\/tuicamper_enfold\/assets\/img\/logo_350-135.png\"\r\n                         alt=\"TUI Camper Magazin\" height=\"69\" width=\"150\"\r\n                         itemprop=\"thumbnailUrl\">\r\n                <\/a>\r\n            <\/div>\r\n        <\/div>\r\n    <\/div>\r\n<\/div>\r\n<div class=\"flex_column av_one_full flex_column_div av-zero-column-padding first el_before_av_textblock avia-builder-el-first\"\r\n     style=\"border-radius:0px;\">\r\n    <div class=\"carousel\">\r\n                    <div class=\"carousel-cell\">\r\n                <a href=\"https:\/\/www.tuicamper.com\/magazin\/saechsische-schweiz\/\">\r\n                    <div class=\"img-container\" style=\"background-image: url('https:\/\/www.tuicamper.com\/wp-docker\/wp-content\/uploads\/2019\/04\/saechsische-schweiz.jpg');\"><\/div>\r\n                    <p>Die S\u00e4chsische Schweiz \u2013 Mit dem Wohnmobil ins Elbsandsteingebirge <span class=\"dashicons dashicons-arrow-right-alt2\"><\/span><\/p>\r\n                <\/a>\r\n            <\/div>\r\n                    <div class=\"carousel-cell\">\r\n                <a href=\"https:\/\/www.tuicamper.com\/magazin\/badeseen-in-deutschland\/\">\r\n                    <div class=\"img-container\" style=\"background-image: url('https:\/\/www.tuicamper.com\/wp-docker\/wp-content\/uploads\/2019\/09\/urlaub-am-see.jpg');\"><\/div>\r\n                    <p>Urlaub am See: Die 5 sch\u00f6nsten Badeseen in Deutschland <span class=\"dashicons dashicons-arrow-right-alt2\"><\/span><\/p>\r\n                <\/a>\r\n            <\/div>\r\n                    <div class=\"carousel-cell\">\r\n                <a href=\"https:\/\/www.tuicamper.com\/magazin\/muenchen-sehenswuerdigkeiten\/\">\r\n                    <div class=\"img-container\" style=\"background-image: url('https:\/\/www.tuicamper.com\/wp-docker\/wp-content\/uploads\/2025\/09\/muenchen-sehenswuerdigkeiten-header.jpg');\"><\/div>\r\n                    <p>M\u00fcnchen Sehensw\u00fcrdigkeiten: Die sch\u00f6nsten Highlights, Campingpl\u00e4tze &#038; Tipps <span class=\"dashicons dashicons-arrow-right-alt2\"><\/span><\/p>\r\n                <\/a>\r\n            <\/div>\r\n                    <div class=\"carousel-cell\">\r\n                <a href=\"https:\/\/www.tuicamper.com\/magazin\/mit-dem-camper-entlang-der-ostseekueste\/\">\r\n                    <div class=\"img-container\" style=\"background-image: url('https:\/\/www.tuicamper.com\/wp-docker\/wp-content\/uploads\/2021\/07\/seebruecke-sellin.jpg');\"><\/div>\r\n                    <p>Mit dem Camper entlang der Ostseek\u00fcste: Von Kiel bis nach R\u00fcgen <span class=\"dashicons dashicons-arrow-right-alt2\"><\/span><\/p>\r\n                <\/a>\r\n            <\/div>\r\n                    <div class=\"carousel-cell\">\r\n                <a href=\"https:\/\/www.tuicamper.com\/magazin\/harz-urlaub-im-wohnmobil\/\">\r\n                    <div class=\"img-container\" style=\"background-image: url('https:\/\/www.tuicamper.com\/wp-docker\/wp-content\/uploads\/2019\/03\/harz-urlaub.jpg');\"><\/div>\r\n                    <p>Harz-Urlaub im Wohnmobil: Sehensw\u00fcrdigkeiten, Camping &#038; Ausflugsziele <span class=\"dashicons dashicons-arrow-right-alt2\"><\/span><\/p>\r\n                <\/a>\r\n            <\/div>\r\n                    <div class=\"carousel-cell\">\r\n                <a href=\"https:\/\/www.tuicamper.com\/magazin\/deutsche-burgenstrasse\/\">\r\n                    <div class=\"img-container\" style=\"background-image: url('https:\/\/www.tuicamper.com\/wp-docker\/wp-content\/uploads\/2019\/05\/burgenstrasse.jpg');\"><\/div>\r\n                    <p>Die Burgenstra\u00dfe: Vorbei an Burgen, Schl\u00f6ssern &#038; historischen Altst\u00e4dten <span class=\"dashicons dashicons-arrow-right-alt2\"><\/span><\/p>\r\n                <\/a>\r\n            <\/div>\r\n            <\/div>\r\n<\/div>\n<\/div><\/section><\/div>\n\n<div id='av_section_11'  class='avia-section av-a25kbh2-74399f05a62ccbeef11ee82f66016083 main_color avia-section-default avia-no-border-styling  avia-builder-el-0  el_before_av_textblock  avia-builder-el-first  reduced-content avia-bg-style-scroll container_wrap sidebar_right'  ><div class='container av-section-cont-open' ><main  role=\"main\" itemprop=\"mainContentOfPage\"  class='template-page content  av-content-small alpha units'><div class='post-entry post-entry-type-page post-entry-101782'><div class='entry-content-wrapper clearfix'>\n\n<style type=\"text\/css\" data-created_by=\"avia_inline_auto\" id=\"style-css-av-779qp5i-a909358d110d19076ba36f30b40f0a28\">\n.flex_column.av-779qp5i-a909358d110d19076ba36f30b40f0a28{\nborder-radius:0px 0px 0px 0px;\npadding:0px 0px 0px 0px;\n}\n<\/style>\n<div  class='flex_column av-779qp5i-a909358d110d19076ba36f30b40f0a28 av_one_full  avia-builder-el-1  avia-builder-el-no-sibling  first flex_column_div av-zero-column-padding  '     ><section  class='av_textblock_section av-m9chqho8-03a3690de90366524a6ce0a475eedc0d '   itemscope=\"itemscope\" itemtype=\"https:\/\/schema.org\/BlogPosting\" itemprop=\"blogPost\" ><div class='avia_textblock'  itemprop=\"text\" ><h2>Sicherheit: So sch\u00fctzen Sie Ihren Camper vor Einbrechern<\/h2>\n<p>Weite Campingfl\u00e4chen, auf denen die Orientierung nicht gerade leicht f\u00e4llt. Dazwischen tausende feiernde Menschen und viel Trubel. Leider gibt es auf gro\u00dfen Festivals wie Wacken auch immer wieder F\u00e4lle von Wohnmobil-Einbr\u00fcchen. Umso wichtiger ist es, auf die <a href=\"https:\/\/www.tuicamper.com\/magazin\/sicherheit-im-wohnmobil\/\">Sicherheit im Wohnmobil<\/a> zu achten. Zun\u00e4chst mal hei\u00dft das: Schlie\u00dfen Sie Ihr Wohnmobil immer ab, sobald Sie es verlassen \u2013 auch f\u00fcr kurze Zeitr\u00e4ume! Haben Sie Wertsachen an Bord (z.B. Laptop, Tablet oder Fotokamera) ,sollten Sie diese niemals offen liegen lassen. Ansonsten wird Ihr Wohnmobil sp\u00e4testens bei Einbruch der Nacht schnell zum bevorzugten Ziel f\u00fcr Einbrecher.<\/p>\n<p>Tipp: Schon kleine Abschreckungen (z.B. ein Aufkleber mit der Aufschrift \u201ealarmgesichert\u201c) k\u00f6nnen die Wahrscheinlichkeit eines Einbruchs reduzieren.<\/p>\n<\/div><\/section><\/div>\n<\/div><\/div><\/main><!-- close content main element --><\/div><\/div><div id='after_section_11'  class='main_color av_default_container_wrap container_wrap sidebar_right'  ><div class='container av-section-cont-open' ><div class='template-page content  av-content-small alpha units'><div class='post-entry post-entry-type-page post-entry-101782'><div class='entry-content-wrapper clearfix'>\n<\/div><\/div><\/div><!-- close content main div --><\/div><\/div><div id='av_section_12'  class='avia-section av-piat2c6-36081f89c67c42042f6912f1dcd9f7bf main_color avia-section-default avia-no-border-styling  reduced-content avia-bg-style-scroll container_wrap sidebar_right'  ><div class='container av-section-cont-open' ><div class='template-page content  av-content-small alpha units'><div class='post-entry post-entry-type-page post-entry-101782'><div class='entry-content-wrapper clearfix'>\n<div  class='avia-button-wrap av-lui9ql2-f9981dbaa68e7c2ffb2c886e0ec2f34b-wrap avia-button-center '><a href='https:\/\/www.tuicamper.com\/reiseziele\/europa\/deutschland\/'  class='avia-button av-lui9ql2-f9981dbaa68e7c2ffb2c886e0ec2f34b av-link-btn avia-icon_select-yes-right-icon avia-size-large avia-position-center avia-color-theme-color'   aria-label=\"Jetzt Wohnmobil mieten f\u00fcr Deutschland\"><span class='avia_iconbox_title' >Jetzt Wohnmobil mieten f\u00fcr Deutschland<\/span><span class='avia_button_icon avia_button_icon_right avia-iconfont avia-font-entypo-fontello' data-av_icon='\ue875' data-av_iconfont='entypo-fontello' ><\/span><\/a><\/div>\n\n<style type=\"text\/css\" data-created_by=\"avia_inline_auto\" id=\"style-css-av-fw9sk7q-df83c657ac2d9ae5450668428b0d4773\">\n.flex_column.av-fw9sk7q-df83c657ac2d9ae5450668428b0d4773{\nborder-radius:0px 0px 0px 0px;\npadding:0px 0px 0px 0px;\n}\n<\/style>\n<div  class='flex_column av-fw9sk7q-df83c657ac2d9ae5450668428b0d4773 av_one_full first flex_column_div av-zero-column-padding  '     ><style type=\"text\/css\" data-created_by=\"avia_inline_auto\" id=\"style-css-av-bemltjq-50597b7a15f8d0036fee832103142627\">\n#top .av_textblock_section.av-bemltjq-50597b7a15f8d0036fee832103142627 .avia_textblock{\nfont-size:28px;\n}\n<\/style>\n<section  class='av_textblock_section av-bemltjq-50597b7a15f8d0036fee832103142627 '   itemscope=\"itemscope\" itemtype=\"https:\/\/schema.org\/BlogPosting\" itemprop=\"blogPost\" ><div class='avia_textblock'  itemprop=\"text\" ><p><strong>Ihr TUI CAMPER-Team w\u00fcnscht Ihnen ein episches Festival-Erlebnis!<\/strong><\/p>\n<\/div><\/section><\/div><div  class='av-social-sharing-box av-67494ra-ab3d68301fa7517149d97ef6c1a7b202 av-social-sharing-box-default av-social-sharing-box-fullwidth'><div class=\"av-share-box\"><ul class=\"av-share-box-list noLightbox\"><li class='av-share-link av-social-link-facebook avia_social_iconfont' ><a target=\"_blank\" aria-label=\"Teilen auf Facebook\" href='https:\/\/www.facebook.com\/sharer.php?u=https:\/\/www.tuicamper.com\/magazin\/deutsche-burgenstrasse\/&#038;t=Die%20Burgenstra%C3%9Fe%3A%20Vorbei%20an%20Burgen%2C%20Schl%C3%B6ssern%20%26%20historischen%20Altst%C3%A4dten' data-av_icon='\ue8f3' data-av_iconfont='entypo-fontello'  title='' data-avia-related-tooltip='Teilen auf Facebook'><span class='avia_hidden_link_text'>Teilen auf Facebook<\/span><\/a><\/li><li class='av-share-link av-social-link-twitter avia_social_iconfont' ><a target=\"_blank\" aria-label=\"Teilen auf X\" href='https:\/\/twitter.com\/share?text=Die%20Burgenstra%C3%9Fe%3A%20Vorbei%20an%20Burgen%2C%20Schl%C3%B6ssern%20%26%20historischen%20Altst%C3%A4dten&#038;url=https:\/\/www.tuicamper.com\/magazin\/deutsche-burgenstrasse\/' data-av_icon='\ue932' data-av_iconfont='entypo-fontello'  title='' data-avia-related-tooltip='Teilen auf X'><span class='avia_hidden_link_text'>Teilen auf X<\/span><\/a><\/li><li class='av-share-link av-social-link-whatsapp avia_social_iconfont' ><a target=\"_blank\" aria-label=\"Teilen auf WhatsApp\" href='https:\/\/api.whatsapp.com\/send?text=https:\/\/www.tuicamper.com\/magazin\/deutsche-burgenstrasse\/' data-av_icon='\uf232' data-av_iconfont='entypo-fontello'  title='' data-avia-related-tooltip='Teilen auf WhatsApp'><span class='avia_hidden_link_text'>Teilen auf WhatsApp<\/span><\/a><\/li><li class='av-share-link av-social-link-pinterest avia_social_iconfont' ><a target=\"_blank\" aria-label=\"Teilen auf Pinterest\" href='https:\/\/pinterest.com\/pin\/create\/button\/?url=https%3A%2F%2Fwww.tuicamper.com%2Fmagazin%2Fdeutsche-burgenstrasse%2F&#038;description=Die%20Burgenstra%C3%9Fe%3A%20Vorbei%20an%20Burgen%2C%20Schl%C3%B6ssern%20%26%20historischen%20Altst%C3%A4dten&#038;media=https%3A%2F%2Fwww.tuicamper.com%2Fwp-docker%2Fwp-content%2Fuploads%2F2019%2F05%2Fburgenstrasse-705x269.jpg' data-av_icon='\ue8f8' data-av_iconfont='entypo-fontello'  title='' data-avia-related-tooltip='Teilen auf Pinterest'><span class='avia_hidden_link_text'>Teilen auf Pinterest<\/span><\/a><\/li><li class='av-share-link av-social-link-mail avia_social_iconfont' ><a  aria-label=\"Per E-Mail teilen\" href='mailto:?subject=Die%20Burgenstra%C3%9Fe%3A%20Vorbei%20an%20Burgen%2C%20Schl%C3%B6ssern%20%26%20historischen%20Altst%C3%A4dten&#038;body=https:\/\/www.tuicamper.com\/magazin\/deutsche-burgenstrasse\/' data-av_icon='\ue805' data-av_iconfont='entypo-fontello'  title='' data-avia-related-tooltip='Per E-Mail teilen'><span class='avia_hidden_link_text'>Per E-Mail teilen<\/span><\/a><\/li><\/ul><\/div><\/div>\n<\/div><\/div><\/div><!-- close content main div --><\/div><\/div><div id='after_section_12'  class='main_color av_default_container_wrap container_wrap sidebar_right'  ><div class='container av-section-cont-open' ><div class='template-page content  av-content-small alpha units'><div class='post-entry post-entry-type-page post-entry-101782'><div class='entry-content-wrapper clearfix'>\n","protected":false},"excerpt":{"rendered":"<p>Unvergessliches Wacken-Feeling erleben \u2013 und doch im eigenen Bett schlafen? Bei der Anreise mit dem Wohnmobil kein Problem. Was Sie als Camper wissen m\u00fcssen!<\/p>\n","protected":false},"author":5,"featured_media":101787,"comment_status":"open","ping_status":"open","sticky":false,"template":"","format":"standard","meta":{"footnotes":""},"categories":[33],"tags":[28],"class_list":["post-101782","post","type-post","status-publish","format-standard","has-post-thumbnail","hentry","category-reisethema","tag-deutschland"],"yoast_head":"<!-- This site is optimized with the Yoast SEO plugin v27.4 - https:\/\/yoast.com\/product\/yoast-seo-wordpress\/ -->\n<title>Wohnmobil f\u00fcr Wacken mieten \u2013 Camping auf dem W:O:A - TUI CAMPER<\/title>\n<meta name=\"description\" content=\"Mit dem Wohnmobil nach Wacken: Tipps zur Wohnmobil-Auswahl \u2713 Stellpl\u00e4tze im Check \u2713 Sicherheit \u2713 Lesen Sie unseren Wacken-Camper-Guide!\" \/>\n<meta name=\"robots\" content=\"index, follow, max-snippet:-1, max-image-preview:large, max-video-preview:-1\" \/>\n<link rel=\"canonical\" href=\"https:\/\/www.tuicamper.com\/magazin\/mit-dem-wohnmobil-nach-wacken\/\" \/>\n<meta property=\"og:locale\" content=\"de_DE\" \/>\n<meta property=\"og:type\" content=\"article\" \/>\n<meta property=\"og:title\" content=\"Wohnmobil f\u00fcr Wacken mieten \u2013 Camping auf dem W:O:A - TUI CAMPER\" \/>\n<meta property=\"og:description\" content=\"Mit dem Wohnmobil nach Wacken: Tipps zur Wohnmobil-Auswahl \u2713 Stellpl\u00e4tze im Check \u2713 Sicherheit \u2713 Lesen Sie unseren Wacken-Camper-Guide!\" \/>\n<meta property=\"og:url\" content=\"https:\/\/www.tuicamper.com\/magazin\/mit-dem-wohnmobil-nach-wacken\/\" \/>\n<meta property=\"og:site_name\" content=\"TUI Camper Magazin\" \/>\n<meta property=\"article:published_time\" content=\"2025-04-14T07:23:01+00:00\" \/>\n<meta property=\"og:image\" content=\"https:\/\/www.tuicamper.com\/wp-docker\/wp-content\/uploads\/2025\/04\/camping-wacken-header.jpg\" \/>\n\t<meta property=\"og:image:width\" content=\"1280\" \/>\n\t<meta property=\"og:image:height\" content=\"492\" \/>\n\t<meta property=\"og:image:type\" content=\"image\/jpeg\" \/>\n<meta name=\"author\" content=\"Olli\" \/>\n<meta name=\"twitter:card\" content=\"summary_large_image\" \/>\n<meta name=\"twitter:label1\" content=\"Verfasst von\" \/>\n\t<meta name=\"twitter:data1\" content=\"Olli\" \/>\n\t<meta name=\"twitter:label2\" content=\"Gesch\u00e4tzte Lesezeit\" \/>\n\t<meta name=\"twitter:data2\" content=\"6\u00a0Minuten\" \/>\n<!-- \/ Yoast SEO plugin. -->","yoast_head_json":{"title":"Wohnmobil f\u00fcr Wacken mieten \u2013 Camping auf dem W:O:A - TUI CAMPER","description":"Mit dem Wohnmobil nach Wacken: Tipps zur Wohnmobil-Auswahl \u2713 Stellpl\u00e4tze im Check \u2713 Sicherheit \u2713 Lesen Sie unseren Wacken-Camper-Guide!","robots":{"index":"index","follow":"follow","max-snippet":"max-snippet:-1","max-image-preview":"max-image-preview:large","max-video-preview":"max-video-preview:-1"},"canonical":"https:\/\/www.tuicamper.com\/magazin\/mit-dem-wohnmobil-nach-wacken\/","og_locale":"de_DE","og_type":"article","og_title":"Wohnmobil f\u00fcr Wacken mieten \u2013 Camping auf dem W:O:A - TUI CAMPER","og_description":"Mit dem Wohnmobil nach Wacken: Tipps zur Wohnmobil-Auswahl \u2713 Stellpl\u00e4tze im Check \u2713 Sicherheit \u2713 Lesen Sie unseren Wacken-Camper-Guide!","og_url":"https:\/\/www.tuicamper.com\/magazin\/mit-dem-wohnmobil-nach-wacken\/","og_site_name":"TUI Camper Magazin","article_published_time":"2025-04-14T07:23:01+00:00","og_image":[{"width":1280,"height":492,"url":"https:\/\/www.tuicamper.com\/wp-docker\/wp-content\/uploads\/2025\/04\/camping-wacken-header.jpg","type":"image\/jpeg"}],"author":"Olli","twitter_card":"summary_large_image","twitter_misc":{"Verfasst von":"Olli","Gesch\u00e4tzte Lesezeit":"6\u00a0Minuten"},"schema":{"@context":"https:\/\/schema.org","@graph":[{"@type":"Article","@id":"https:\/\/www.tuicamper.com\/magazin\/mit-dem-wohnmobil-nach-wacken\/#article","isPartOf":{"@id":"https:\/\/www.tuicamper.com\/magazin\/mit-dem-wohnmobil-nach-wacken\/"},"author":{"name":"Olli","@id":"https:\/\/www.tuicamper.com\/wp-docker\/#\/schema\/person\/98975e733813f701672fd75ef9df8b69"},"headline":"Mit dem Wohnmobil nach Wacken \u2013 Camping auf dem Heavy-Metal-Festival","datePublished":"2025-04-14T07:23:01+00:00","mainEntityOfPage":{"@id":"https:\/\/www.tuicamper.com\/magazin\/mit-dem-wohnmobil-nach-wacken\/"},"wordCount":4197,"commentCount":0,"image":{"@id":"https:\/\/www.tuicamper.com\/magazin\/mit-dem-wohnmobil-nach-wacken\/#primaryimage"},"thumbnailUrl":"https:\/\/www.tuicamper.com\/wp-docker\/wp-content\/uploads\/2025\/04\/camping-wacken-header.jpg","keywords":["Deutschland"],"articleSection":["Reisethema"],"inLanguage":"de","potentialAction":[{"@type":"CommentAction","name":"Comment","target":["https:\/\/www.tuicamper.com\/magazin\/mit-dem-wohnmobil-nach-wacken\/#respond"]}]},{"@type":"WebPage","@id":"https:\/\/www.tuicamper.com\/magazin\/mit-dem-wohnmobil-nach-wacken\/","url":"https:\/\/www.tuicamper.com\/magazin\/mit-dem-wohnmobil-nach-wacken\/","name":"Wohnmobil f\u00fcr Wacken mieten \u2013 Camping auf dem W:O:A - TUI CAMPER","isPartOf":{"@id":"https:\/\/www.tuicamper.com\/#website"},"primaryImageOfPage":{"@id":"https:\/\/www.tuicamper.com\/magazin\/mit-dem-wohnmobil-nach-wacken\/#primaryimage"},"image":{"@id":"https:\/\/www.tuicamper.com\/magazin\/mit-dem-wohnmobil-nach-wacken\/#primaryimage"},"thumbnailUrl":"https:\/\/www.tuicamper.com\/wp-content\/uploads\/2025\/04\/camping-wacken-header.jpg","datePublished":"2025-04-14T07:23:01+00:00","author":{"@id":"https:\/\/www.tuicamper.com\/#\/schema\/person\/98975e733813f701672fd75ef9df8b69"},"description":"Mit dem Wohnmobil nach Wacken: Tipps zur Wohnmobil-Auswahl \u2713 Stellpl\u00e4tze im Check \u2713 Sicherheit \u2713 Lesen Sie unseren Wacken-Camper-Guide!","breadcrumb":{"@id":"https:\/\/www.tuicamper.com\/magazin\/mit-dem-wohnmobil-nach-wacken\/#breadcrumb"},"inLanguage":"de","potentialAction":["Array"]},{"@type":"ImageObject","inLanguage":"de","@id":"https:\/\/www.tuicamper.com\/magazin\/mit-dem-wohnmobil-nach-wacken\/#primaryimage","url":"https:\/\/www.tuicamper.com\/wp-docker\/wp-content\/uploads\/2025\/04\/camping-wacken-header.jpg","contentUrl":"https:\/\/www.tuicamper.com\/wp-docker\/wp-content\/uploads\/2025\/04\/camping-wacken-header.jpg","width":1280,"height":492},{"@type":"BreadcrumbList","@id":"https:\/\/www.tuicamper.com\/magazin\/mit-dem-wohnmobil-nach-wacken\/#breadcrumb","itemListElement":[{"@type":"ListItem","position":1,"name":"Startseite","item":"https:\/\/www.tuicamper.com\/wp-docker\/"},{"@type":"ListItem","position":2,"name":"Mit dem Wohnmobil nach Wacken \u2013 Camping auf dem Heavy-Metal-Festival"}]},{"@type":"WebSite","@id":"https:\/\/www.tuicamper.com\/#website","url":"https:\/\/www.tuicamper.com\/","name":"TUI Camper Magazin","description":"","potentialAction":["Array"],"inLanguage":"de"},{"@type":"Person","@id":"https:\/\/www.tuicamper.com\/wp-docker\/#\/schema\/person\/98975e733813f701672fd75ef9df8b69","name":"Olli","image":{"@type":"ImageObject","inLanguage":"de","@id":"https:\/\/secure.gravatar.com\/avatar\/4529b17b9a4dec34d38f705f89e1db8c906d30537b64d795d775d528c07951ff?s=96&d=mm&r=g","url":"https:\/\/secure.gravatar.com\/avatar\/4529b17b9a4dec34d38f705f89e1db8c906d30537b64d795d775d528c07951ff?s=96&d=mm&r=g","contentUrl":"https:\/\/secure.gravatar.com\/avatar\/4529b17b9a4dec34d38f705f89e1db8c906d30537b64d795d775d528c07951ff?s=96&d=mm&r=g","caption":"Olli"},"url":"https:\/\/www.tuicamper.com\/wp-docker\/magazin\/author\/olli\/"}]}},"_links":{"self":[{"href":"https:\/\/www.tuicamper.com\/wp-docker\/wp-json\/wp\/v2\/posts\/101782","targetHints":{"allow":["GET"]}}],"collection":[{"href":"https:\/\/www.tuicamper.com\/wp-docker\/wp-json\/wp\/v2\/posts"}],"about":[{"href":"https:\/\/www.tuicamper.com\/wp-docker\/wp-json\/wp\/v2\/types\/post"}],"author":[{"embeddable":true,"href":"https:\/\/www.tuicamper.com\/wp-docker\/wp-json\/wp\/v2\/users\/5"}],"replies":[{"embeddable":true,"href":"https:\/\/www.tuicamper.com\/wp-docker\/wp-json\/wp\/v2\/comments?post=101782"}],"version-history":[{"count":7,"href":"https:\/\/www.tuicamper.com\/wp-docker\/wp-json\/wp\/v2\/posts\/101782\/revisions"}],"predecessor-version":[{"id":101796,"href":"https:\/\/www.tuicamper.com\/wp-docker\/wp-json\/wp\/v2\/posts\/101782\/revisions\/101796"}],"wp:featuredmedia":[{"embeddable":true,"href":"https:\/\/www.tuicamper.com\/wp-docker\/wp-json\/wp\/v2\/media\/101787"}],"wp:attachment":[{"href":"https:\/\/www.tuicamper.com\/wp-docker\/wp-json\/wp\/v2\/media?parent=101782"}],"wp:term":[{"taxonomy":"category","embeddable":true,"href":"https:\/\/www.tuicamper.com\/wp-docker\/wp-json\/wp\/v2\/categories?post=101782"},{"taxonomy":"post_tag","embeddable":true,"href":"https:\/\/www.tuicamper.com\/wp-docker\/wp-json\/wp\/v2\/tags?post=101782"}],"curies":[{"name":"wp","href":"https:\/\/api.w.org\/{rel}","templated":true}]}}