{"id":1017,"date":"2019-04-30T16:18:04","date_gmt":"2019-04-30T14:18:04","guid":{"rendered":"https:\/\/www.tuicamper.com\/wp-docker\/?p=1017"},"modified":"2023-08-03T16:44:28","modified_gmt":"2023-08-03T14:44:28","slug":"beste-reisezeit-suedafrika","status":"publish","type":"post","link":"https:\/\/www.tuicamper.com\/magazin\/beste-reisezeit-suedafrika\/","title":{"rendered":"Beste Reisezeit S\u00fcdafrika &#8211; F\u00fcr jede Region die passende Jahreszeit"},"content":{"rendered":"<div id='av_section_1'  class='avia-section av-jt5vrdgv-4386718e65b314e69682ca60ae604601 main_color avia-section-default avia-no-border-styling  avia-builder-el-0  el_before_av_textblock  avia-builder-el-first  reduced-content avia-bg-style-scroll container_wrap sidebar_right'  ><div class='container av-section-cont-open' ><main  role=\"main\" itemprop=\"mainContentOfPage\"  class='template-page content  av-content-small alpha units'><div class='post-entry post-entry-type-page post-entry-1017'><div class='entry-content-wrapper clearfix'>\n\n<style type=\"text\/css\" data-created_by=\"avia_inline_auto\" id=\"style-css-av-1g5aou-6e8505d9de1136ce38f66b0d0e5d2a36\">\n.flex_column.av-1g5aou-6e8505d9de1136ce38f66b0d0e5d2a36{\nborder-radius:0px 0px 0px 0px;\npadding:0px 0px 0px 0px;\n}\n<\/style>\n<div  class='flex_column av-1g5aou-6e8505d9de1136ce38f66b0d0e5d2a36 av_one_full  avia-builder-el-1  avia-builder-el-no-sibling  first flex_column_div av-zero-column-padding  '     ><section  class='av_textblock_section av-jt5tjyk0-1e04ddf86ca9bd8201b4b17bbb4a6491 '   itemscope=\"itemscope\" itemtype=\"https:\/\/schema.org\/BlogPosting\" itemprop=\"blogPost\" ><div class='avia_textblock'  itemprop=\"text\" ><p>S\u00fcdafrika ist nicht nur gro\u00dfartig, sondern auch schlicht gro\u00df. So herrschen in verschiedenen Regionen des Landes zur selben Zeit mitunter gro\u00dfe Klimaunterschiede. Entsprechend variiert auch die optimale Reisezeit f\u00fcr Camper. W\u00e4hrend beispielsweise das Namaqualand beginnt, sich in ein leuchtendes Bl\u00fctenmeer zu verwandeln, kann es rund um Kapstadt noch zu Regen und Sturm kommen. Wir nehmen die einzelnen Regionen S\u00fcdafrikas unter die Lupe und geben Ihnen Tipps zur jeweils besten Reisezeit an die Hand!<\/p>\n<\/div><\/section><\/div>\n<\/div><\/div><\/main><!-- close content main element --><\/div><\/div><div id='after_section_1'  class='main_color av_default_container_wrap container_wrap sidebar_right'  ><div class='container av-section-cont-open' ><div class='template-page content  av-content-small alpha units'><div class='post-entry post-entry-type-page post-entry-1017'><div class='entry-content-wrapper clearfix'>\n<section  class='av_textblock_section av-jtpqpty6-550c066a997ebaf648fccc87d0b9ff16 '   itemscope=\"itemscope\" itemtype=\"https:\/\/schema.org\/BlogPosting\" itemprop=\"blogPost\" ><div class='avia_textblock'  itemprop=\"text\" >\n<\/div><\/section>\n<\/div><\/div><\/div><!-- close content main div --><\/div><\/div><div id='av_section_2'  class='avia-section av-jt5vrdgv-4386718e65b314e69682ca60ae604601 main_color avia-section-default avia-no-border-styling  avia-builder-el-4  el_after_av_textblock  el_before_av_section  reduced-content avia-bg-style-scroll container_wrap sidebar_right'  ><div class='container av-section-cont-open' ><div class='template-page content  av-content-small alpha units'><div class='post-entry post-entry-type-page post-entry-1017'><div class='entry-content-wrapper clearfix'>\n<section  class='av_textblock_section av-jt5tjyk0-1e04ddf86ca9bd8201b4b17bbb4a6491 '   itemscope=\"itemscope\" itemtype=\"https:\/\/schema.org\/BlogPosting\" itemprop=\"blogPost\" ><div class='avia_textblock'  itemprop=\"text\" ><div id=\"js-table-of-contents\">\r\n    <strong>Inhaltsverzeichnis<\/strong>\r\n<\/div>\n<\/div><\/section>\n\n<\/div><\/div><\/div><!-- close content main div --><\/div><\/div><div id='av_section_3'  class='avia-section av-jt5vrdgv-4386718e65b314e69682ca60ae604601 main_color avia-section-default avia-no-border-styling  avia-builder-el-6  el_after_av_section  el_before_av_section  reduced-content avia-bg-style-scroll container_wrap sidebar_right'  ><div class='container av-section-cont-open' ><div class='template-page content  av-content-small alpha units'><div class='post-entry post-entry-type-page post-entry-1017'><div class='entry-content-wrapper clearfix'>\n\n<style type=\"text\/css\" data-created_by=\"avia_inline_auto\" id=\"style-css-av-1g5aou-6e8505d9de1136ce38f66b0d0e5d2a36\">\n.flex_column.av-1g5aou-6e8505d9de1136ce38f66b0d0e5d2a36{\nborder-radius:0px 0px 0px 0px;\npadding:0px 0px 0px 0px;\n}\n<\/style>\n<div  class='flex_column av-1g5aou-6e8505d9de1136ce38f66b0d0e5d2a36 av_one_full  avia-builder-el-7  avia-builder-el-no-sibling  first flex_column_div av-zero-column-padding  '     ><section  class='av_textblock_section av-jt5tjyk0-1e04ddf86ca9bd8201b4b17bbb4a6491 '   itemscope=\"itemscope\" itemtype=\"https:\/\/schema.org\/BlogPosting\" itemprop=\"blogPost\" ><div class='avia_textblock'  itemprop=\"text\" ><h2>Reisezeit S\u00fcdafrika: 3 wichtige Hinweise<\/h2>\n<p>Wenn Sie eine\u00a0<a href=\"https:\/\/www.tuicamper.com\/reiseziele\/afrika\/suedafrika\/\">Wohnmobil-Tour durch S\u00fcdafrika<\/a>\u00a0planen, sollten Sie zun\u00e4chst die drei folgenden Hinweise beachten.<\/p>\n<ol>\n<li><strong>Von Mitte Dezember bis Anfang Februar ist in S\u00fcdafrika Hochsaison<\/strong>. Gerade auf beliebten Camper-Routen wie der ber\u00fchmten Garden-Route muss hier mit vielen Touristen (und tendenziell etwas teureren Preisen) gerechnet werden.<\/li>\n<li>Gut zu wissen: Da sich S\u00fcdafrika auf der S\u00fcdhalbkugel befindet, sind hier von unserem Standpunkt aus gesehen Sommer und Winter \u201evertauscht\u201c.\u00a0<strong>Der europ\u00e4ische Sommer entspricht also dem s\u00fcdafrikanischen Winter.<\/strong><\/li>\n<li>Die\u00a0<strong>klimatischen Unterschiede innerhalb S\u00fcdafrikas sind verh\u00e4ltnism\u00e4\u00dfig gro\u00df<\/strong>. Temperaturen und Niederschlagsmenge in unterschiedlichen Regionen k\u00f6nnen zur gleichen Zeit stark variieren.<\/li>\n<\/ol>\n<\/div><\/section><\/div>\n\n<\/div><\/div><\/div><!-- close content main div --><\/div><\/div><div id='av_section_4'  class='avia-section av-jt5vrdgv-4386718e65b314e69682ca60ae604601 main_color avia-section-default avia-no-border-styling  avia-builder-el-9  el_after_av_section  el_before_av_section  reduced-content avia-bg-style-scroll container_wrap sidebar_right'  ><div class='container av-section-cont-open' ><div class='template-page content  av-content-small alpha units'><div class='post-entry post-entry-type-page post-entry-1017'><div class='entry-content-wrapper clearfix'>\n\n<style type=\"text\/css\" data-created_by=\"avia_inline_auto\" id=\"style-css-av-1g5aou-6e8505d9de1136ce38f66b0d0e5d2a36\">\n.flex_column.av-1g5aou-6e8505d9de1136ce38f66b0d0e5d2a36{\nborder-radius:0px 0px 0px 0px;\npadding:0px 0px 0px 0px;\n}\n<\/style>\n<div  class='flex_column av-1g5aou-6e8505d9de1136ce38f66b0d0e5d2a36 av_one_full  avia-builder-el-10  avia-builder-el-no-sibling  first flex_column_div av-zero-column-padding  '     ><section  class='av_textblock_section av-jt5tjyk0-1e04ddf86ca9bd8201b4b17bbb4a6491 '   itemscope=\"itemscope\" itemtype=\"https:\/\/schema.org\/BlogPosting\" itemprop=\"blogPost\" ><div class='avia_textblock'  itemprop=\"text\" ><h2 class=\"\">Auf einen Blick: optimale Reisezeit f\u00fcr S\u00fcdafrika nach Regionen<\/h2>\n<p>Die folgende Tabelle zeigt unsere Einsch\u00e4tzung zur besten Reisezeit f\u00fcr S\u00fcdafrika \u2013 aufgeschl\u00fcsselt nach den beliebtesten Regionen des Landes. S\u00e4mtliche Angaben sind dabei lediglich als Empfehlung zu betrachten.<\/p>\n<\/div><\/section><\/div>\n\n<\/div><\/div><\/div><!-- close content main div --><\/div><\/div><div id='av_section_5'  class='avia-section av-jt5vrdgv-4386718e65b314e69682ca60ae604601 main_color avia-section-default avia-no-border-styling  avia-builder-el-12  el_after_av_section  el_before_av_textblock  reduced-content avia-bg-style-scroll container_wrap sidebar_right'  ><div class='container av-section-cont-open' ><div class='template-page content  av-content-small alpha units'><div class='post-entry post-entry-type-page post-entry-1017'><div class='entry-content-wrapper clearfix'>\n<div class='avia-data-table-wrap av-a9jgj-53f71681cba0224d9b46ce797a9f78d7 avia_scrollable_table avia-table-1'><table  class='avia-table avia-data-table avia_pricing_default  avia-builder-el-13  avia-builder-el-no-sibling '  itemscope=\"itemscope\" itemtype=\"https:\/\/schema.org\/Table\" ><tbody><tr class='avia-heading-row'><th class='avia-highlight-col'>WOHNMOBIL-URLAUB S\u00dcDAFRIKA<\/th><th class='avia-highlight-col'>WOHNMOBIL-URLAUB S\u00dcDAFRIKA<\/th><th class='avia-highlight-col'>ANMERKUNGEN<\/th><\/tr><tr class=''><td class='avia-highlight-col'><a href=\"#die-garden-route-sdafrikas-vorzeige-wohnmobil-strecke\">Garden Route<\/a><\/td><td class='avia-highlight-col'>M\u00e4rz \u2013 November<\/td><td class='avia-highlight-col'>\u2022 Ganzj\u00e4hrig gute Bedingungen, zur Hochsaison aber teuer und \u00fcberlaufen<\/td><\/tr><tr class=''><td class='avia-highlight-col'><a href=\"#kapstadt-und-atlantikkste-die-beste-reisezeit\">Kapstadt &amp; Atlantikk\u00fcste<\/a><\/td><td class='avia-highlight-col'>September \u2013 November<\/td><td class='avia-highlight-col'>\u2022 Zwischen Dezember und Februar angenehm warm, aber touristisch \u00fcberlaufen<\/td><\/tr><tr class=''><td class='avia-highlight-col'><a href=\"#namaqualand-bltenmeer-im-sdafrikanischen-frhling\">Namaqualand<\/a><\/td><td class='avia-highlight-col'>September \u2013 Oktober<\/td><td class='avia-highlight-col'>\u2022 Bl\u00fctezeit<\/td><\/tr><tr class=''><td class='avia-highlight-col'><a href=\"#reisezeit-krger-nationalpark-auf-tuchfhlung-mit-den-big-5\">Kr\u00fcger Nationalpark<\/a><\/td><td class='avia-highlight-col'>Mai \u2013 September<\/td><td class='avia-highlight-col'>\u2022 Beste Zeit f\u00fcr Tierbeobachtungen; von Dezember bis Februar sehr hei\u00df<\/td><\/tr><tr class=''><td class='avia-highlight-col'><a href=\"#kalahari-wste-die-beste-reisezeit-fr-die-wildromantische-wstenlandschaft\">Kalahari-W\u00fcste<\/a><\/td><td class='avia-highlight-col'>Oktober \u2013 M\u00e4rz<\/td><td class='avia-highlight-col'>\u2022 Bl\u00fctezeit, aber recht hei\u00df; Tierbeobachtung besser in den k\u00fchlen Wintermonaten<\/td><\/tr><tr class=''><td class='avia-highlight-col'><a href=\"#herbst-und-frhling-ideal-fr-reisen-ins-landesinnere\">Landesinnere &amp; Johannesburg<\/a><\/td><td class='avia-highlight-col'>M\u00e4rz \u2013 April<br \/>\nOktober \u2013 November<\/td><td class='avia-highlight-col'>\u2022 Abseits der Fr\u00fchlings- und Herbstmonate mitunter regnerisch oder st\u00fcrmisch (Sandb\u00f6en)<\/td><\/tr><\/tbody><\/table><\/div>\n<\/div><\/div><\/div><!-- close content main div --><\/div><\/div><div id='after_section_5'  class='main_color av_default_container_wrap container_wrap sidebar_right'  ><div class='container av-section-cont-open' ><div class='template-page content  av-content-small alpha units'><div class='post-entry post-entry-type-page post-entry-1017'><div class='entry-content-wrapper clearfix'>\n<section  class='av_textblock_section av-jtpqpty6-550c066a997ebaf648fccc87d0b9ff16 '   itemscope=\"itemscope\" itemtype=\"https:\/\/schema.org\/BlogPosting\" itemprop=\"blogPost\" ><div class='avia_textblock'  itemprop=\"text\" >\r\n<div style=\"clear: both;\"><\/div>\r\n<div class=\"post-breaker-item breaker-type-default\">\r\n    <div class=\"post-breaker-item-inner\">\r\n                    \n<style type=\"text\/css\" data-created_by=\"avia_inline_auto\" id=\"style-css-av-jtpksizx-4b352f2a2752c01e58a4c67632af1aa6\">\n#top .av_textblock_section.av-jtpksizx-4b352f2a2752c01e58a4c67632af1aa6 .avia_textblock{\nfont-size:28px;\n}\n<\/style>\n<section  class='av_textblock_section av-jtpksizx-4b352f2a2752c01e58a4c67632af1aa6 '   itemscope=\"itemscope\" itemtype=\"https:\/\/schema.org\/BlogPosting\" itemprop=\"blogPost\" ><div class='avia_textblock'  itemprop=\"text\" ><p><strong>\u2013 Lesen Sie auch \u2013<\/strong><\/p>\n<\/div><\/section>\n\n<style type=\"text\/css\" data-created_by=\"avia_inline_auto\" id=\"style-css-av-mjaz5-4a5e7a4612d820311f0a023801221c9c\">\n.flex_column.av-mjaz5-4a5e7a4612d820311f0a023801221c9c{\nborder-radius:0px 0px 0px 0px;\npadding:0px 0px 0px 0px;\n}\n<\/style>\n<div  class='flex_column av-mjaz5-4a5e7a4612d820311f0a023801221c9c av_one_third first flex_column_div av-zero-column-padding  '     ><p>\n<style type=\"text\/css\" data-created_by=\"avia_inline_auto\" id=\"style-css-av-jt75ko0n-8e380eb305fc2a21c8aad57669bfe773\">\n.avia-image-container.av-jt75ko0n-8e380eb305fc2a21c8aad57669bfe773 img.avia_image{\nbox-shadow:none;\n}\n.avia-image-container.av-jt75ko0n-8e380eb305fc2a21c8aad57669bfe773 .av-image-caption-overlay-center{\ncolor:#ffffff;\n}\n<\/style>\n<div  class='avia-image-container av-jt75ko0n-8e380eb305fc2a21c8aad57669bfe773 av-styling-no-styling av-hover-grow av-hide-overflow av-img-linked avia_animated_image av-animated-when-visible-95 fade-in avia-align-left'   itemprop=\"image\" itemscope=\"itemscope\" itemtype=\"https:\/\/schema.org\/ImageObject\" ><div class=\"avia-image-container-inner\"><div class=\"avia-image-overlay-wrap\"><a href=\"https:\/\/www.tuicamper.com\/routen\/suedafrika-routen\/gartenroute-und-karoo\/\" class='avia_image '  aria-label='Garden Route &amp; kleine Karoo'><img decoding=\"async\" fetchpriority=\"high\" class='wp-image-1180 avia-img-lazy-loading-not-1180 avia_image ' src=\"https:\/\/www.tuicamper.com\/wp-docker\/wp-content\/uploads\/2019\/04\/suedafrika-route-2-teaser.jpg\" alt='Garden Route &amp; kleine Karoo' title='Garden Route &amp; kleine Karoo'  height=\"200\" width=\"350\"  itemprop=\"thumbnailUrl\" srcset=\"https:\/\/www.tuicamper.com\/wp-docker\/wp-content\/uploads\/2019\/04\/suedafrika-route-2-teaser.jpg 350w, https:\/\/www.tuicamper.com\/wp-docker\/wp-content\/uploads\/2019\/04\/suedafrika-route-2-teaser-300x171.jpg 300w\" sizes=\"(max-width: 350px) 100vw, 350px\" \/><\/a><\/div><\/div><\/div><br \/>\n<section  class='av_textblock_section av-jt75lbqb-bba29013bb6610b0762c56b6a5ae7819 '   itemscope=\"itemscope\" itemtype=\"https:\/\/schema.org\/BlogPosting\" itemprop=\"blogPost\" ><div class='avia_textblock'  itemprop=\"text\" ><p style=\"text-align: left;\"><a href=\"https:\/\/www.tuicamper.com\/routen\/suedafrika-routen\/gartenroute-und-karoo\/\"><strong>Garden Route &amp; kleine Karoo \u2013 Highlights einer Camper-Rundreise<\/strong><\/a><\/p>\n<\/div><\/section><\/p><\/div>\n<style type=\"text\/css\" data-created_by=\"avia_inline_auto\" id=\"style-css-av-mjaz5-8c98367a6c18636835015f228c708a47\">\n.flex_column.av-mjaz5-8c98367a6c18636835015f228c708a47{\nborder-radius:0px 0px 0px 0px;\npadding:0px 0px 0px 0px;\n}\n<\/style>\n<div  class='flex_column av-mjaz5-8c98367a6c18636835015f228c708a47 av_one_third flex_column_div av-zero-column-padding  '     ><p>\n<style type=\"text\/css\" data-created_by=\"avia_inline_auto\" id=\"style-css-av-jt75ko0n-e3f09622239bae604d23ea11cb591a4c\">\n.avia-image-container.av-jt75ko0n-e3f09622239bae604d23ea11cb591a4c img.avia_image{\nbox-shadow:none;\n}\n.avia-image-container.av-jt75ko0n-e3f09622239bae604d23ea11cb591a4c .av-image-caption-overlay-center{\ncolor:#ffffff;\n}\n<\/style>\n<div  class='avia-image-container av-jt75ko0n-e3f09622239bae604d23ea11cb591a4c av-styling-no-styling av-hover-grow av-hide-overflow av-img-linked avia_animated_image av-animated-when-visible-95 fade-in avia-align-left'   itemprop=\"image\" itemscope=\"itemscope\" itemtype=\"https:\/\/schema.org\/ImageObject\" ><div class=\"avia-image-container-inner\"><div class=\"avia-image-overlay-wrap\"><a href=\"https:\/\/www.tuicamper.com\/magazin\/reisetipps-suedafrika\/\" class='avia_image '  aria-label='Reisetipps S\u00fcdafrika'><img decoding=\"async\" fetchpriority=\"high\" class='wp-image-1261 avia-img-lazy-loading-not-1261 avia_image ' src=\"https:\/\/www.tuicamper.com\/wp-docker\/wp-content\/uploads\/2019\/04\/reisetipps-suedafrika-teaser.jpg\" alt='Reisetipps S\u00fcdafrika' title='Reisetipps S\u00fcdafrika'  height=\"200\" width=\"350\"  itemprop=\"thumbnailUrl\" srcset=\"https:\/\/www.tuicamper.com\/wp-docker\/wp-content\/uploads\/2019\/04\/reisetipps-suedafrika-teaser.jpg 350w, https:\/\/www.tuicamper.com\/wp-docker\/wp-content\/uploads\/2019\/04\/reisetipps-suedafrika-teaser-300x171.jpg 300w\" sizes=\"(max-width: 350px) 100vw, 350px\" \/><\/a><\/div><\/div><\/div><br \/>\n<section  class='av_textblock_section av-jt75lbqb-bba29013bb6610b0762c56b6a5ae7819 '   itemscope=\"itemscope\" itemtype=\"https:\/\/schema.org\/BlogPosting\" itemprop=\"blogPost\" ><div class='avia_textblock'  itemprop=\"text\" ><p style=\"text-align: left;\"><a href=\"https:\/\/www.tuicamper.com\/magazin\/reisetipps-suedafrika\/\"><strong>Reisetipps S\u00fcdafrika \u2013 Die wichtigsten Tipps, Empfehlungen &amp; Highlights<\/strong><\/a><\/p>\n<\/div><\/section><\/p><\/div><\/p>\n\n<style type=\"text\/css\" data-created_by=\"avia_inline_auto\" id=\"style-css-av-mjaz5-8c98367a6c18636835015f228c708a47\">\n.flex_column.av-mjaz5-8c98367a6c18636835015f228c708a47{\nborder-radius:0px 0px 0px 0px;\npadding:0px 0px 0px 0px;\n}\n<\/style>\n<div  class='flex_column av-mjaz5-8c98367a6c18636835015f228c708a47 av_one_third flex_column_div av-zero-column-padding  '     ><p>\n<style type=\"text\/css\" data-created_by=\"avia_inline_auto\" id=\"style-css-av-jt75ko0n-a46988b674b6a5eabc30b6db93f4fdf7\">\n.avia-image-container.av-jt75ko0n-a46988b674b6a5eabc30b6db93f4fdf7 img.avia_image{\nbox-shadow:none;\n}\n.avia-image-container.av-jt75ko0n-a46988b674b6a5eabc30b6db93f4fdf7 .av-image-caption-overlay-center{\ncolor:#ffffff;\n}\n<\/style>\n<div  class='avia-image-container av-jt75ko0n-a46988b674b6a5eabc30b6db93f4fdf7 av-styling-no-styling av-hover-grow av-hide-overflow av-img-linked avia_animated_image av-animated-when-visible-95 fade-in avia-align-left'   itemprop=\"image\" itemscope=\"itemscope\" itemtype=\"https:\/\/schema.org\/ImageObject\" ><div class=\"avia-image-container-inner\"><div class=\"avia-image-overlay-wrap\"><a href=\"https:\/\/www.tuicamper.com\/magazin\/namibia-rundreise\/\" class='avia_image '  aria-label='Namibia Highlights'><img decoding=\"async\" fetchpriority=\"high\" class='wp-image-2375 avia-img-lazy-loading-not-2375 avia_image ' src=\"https:\/\/www.tuicamper.com\/wp-docker\/wp-content\/uploads\/2019\/04\/namibia-highlights-teaser.jpg\" alt='' title='Namibia Highlights'  height=\"200\" width=\"350\"  itemprop=\"thumbnailUrl\" srcset=\"https:\/\/www.tuicamper.com\/wp-docker\/wp-content\/uploads\/2019\/04\/namibia-highlights-teaser.jpg 350w, https:\/\/www.tuicamper.com\/wp-docker\/wp-content\/uploads\/2019\/04\/namibia-highlights-teaser-300x171.jpg 300w\" sizes=\"(max-width: 350px) 100vw, 350px\" \/><\/a><\/div><\/div><\/div><br \/>\n<section  class='av_textblock_section av-jt75lbqb-bba29013bb6610b0762c56b6a5ae7819 '   itemscope=\"itemscope\" itemtype=\"https:\/\/schema.org\/BlogPosting\" itemprop=\"blogPost\" ><div class='avia_textblock'  itemprop=\"text\" ><p style=\"text-align: left;\"><a href=\"https:\/\/www.tuicamper.com\/magazin\/namibia-rundreise\/\"><strong>Namibia Rundreise mit dem Camper \u2013 Die Top-10 Highlights<\/strong><\/a><\/p>\n<\/div><\/section><\/p><\/div>\n            <div style=\"clear: both;\"><\/div>\r\n            <\/div>\r\n<\/div>\r\n\n<\/div><\/section>\n<\/div><\/div><\/div><!-- close content main div --><\/div><\/div><div id='av_section_6'  class='avia-section av-jt5vrdgv-4386718e65b314e69682ca60ae604601 main_color avia-section-default avia-no-border-styling  avia-builder-el-15  el_after_av_textblock  el_before_av_section  reduced-content avia-bg-style-scroll container_wrap sidebar_right'  ><div class='container av-section-cont-open' ><div class='template-page content  av-content-small alpha units'><div class='post-entry post-entry-type-page post-entry-1017'><div class='entry-content-wrapper clearfix'>\n\n<style type=\"text\/css\" data-created_by=\"avia_inline_auto\" id=\"style-css-av-1g5aou-6e8505d9de1136ce38f66b0d0e5d2a36\">\n.flex_column.av-1g5aou-6e8505d9de1136ce38f66b0d0e5d2a36{\nborder-radius:0px 0px 0px 0px;\npadding:0px 0px 0px 0px;\n}\n<\/style>\n<div  class='flex_column av-1g5aou-6e8505d9de1136ce38f66b0d0e5d2a36 av_one_full  avia-builder-el-16  avia-builder-el-no-sibling  first flex_column_div av-zero-column-padding  '     ><section  class='av_textblock_section av-jt5tjyk0-6aa3227fe094a9e74019488ec4bd2357 '   itemscope=\"itemscope\" itemtype=\"https:\/\/schema.org\/BlogPosting\" itemprop=\"blogPost\" ><div class='avia_textblock'  itemprop=\"text\" ><h3>Die Garden Route: S\u00fcdafrikas Vorzeige-Wohnmobil-Strecke<\/h3>\n<p>Keine Frage, die rund 1.700 Kilometer lange\u00a0<a href=\"https:\/\/www.tuicamper.com\/routen\/suedafrika-routen\/garden-route\/\">Garden Route<\/a>\u00a0geh\u00f6rt zu den sch\u00f6nsten Strecken f\u00fcr Wohnmobil-Urlauber in S\u00fcdafrika. Doch wann k\u00f6nnen die faszinierenden Nationalparks und die spektakul\u00e4ren K\u00fcstenabschnitte entlang der Strecke am besten bestaunt werden? Kurz und knapp: Dank des milden Klimas kann die Garden Route das ganze Jahr \u00fcber problemlos befahren werden. Lediglich die Hauptsaison sollten Camper nach M\u00f6glichkeit meiden.<\/p>\n<\/div><\/section><\/div><\/div><\/div><\/div><!-- close content main div --><\/div><\/div><div id='av_section_7'  class='avia-section av-b7gvl-1eb57de5f7b7a94c40602e8cf977ebb0 main_color avia-section-default avia-no-border-styling  avia-builder-el-18  el_after_av_section  el_before_av_section  reduced-content avia-bg-style-scroll container_wrap sidebar_right'  ><div class='container av-section-cont-open' ><div class='template-page content  av-content-small alpha units'><div class='post-entry post-entry-type-page post-entry-1017'><div class='entry-content-wrapper clearfix'>\n\n<style type=\"text\/css\" data-created_by=\"avia_inline_auto\" id=\"style-css-av-jtplvt5k-b889e93b5a377a67eb99e7b29beb050f\">\n.avia-image-container.av-jtplvt5k-b889e93b5a377a67eb99e7b29beb050f img.avia_image{\nbox-shadow:none;\n}\n.avia-image-container.av-jtplvt5k-b889e93b5a377a67eb99e7b29beb050f .av-caption-image-overlay-bg{\nopacity:0.4;\nbackground-color:#000000;\n}\n.avia-image-container.av-jtplvt5k-b889e93b5a377a67eb99e7b29beb050f .av-image-caption-overlay-center{\ncolor:#ffffff;\n}\n<\/style>\n<div  class='avia-image-container av-jtplvt5k-b889e93b5a377a67eb99e7b29beb050f av-styling- av-img-linked avia_animated_image av-animated-when-visible-95 fade-in avia-align-center  avia-builder-el-19  avia-builder-el-no-sibling  noHover av-overlay-on-hover'   itemprop=\"image\" itemscope=\"itemscope\" itemtype=\"https:\/\/schema.org\/ImageObject\" ><div class=\"avia-image-container-inner\"><div class=\"avia-image-overlay-wrap\"><a href=\"https:\/\/www.tuicamper.com\/wp-docker\/wp-content\/uploads\/2019\/04\/strand-kap-der-guten-hoffnung-1030x686.jpg\" data-srcset=\"https:\/\/www.tuicamper.com\/wp-docker\/wp-content\/uploads\/2019\/04\/strand-kap-der-guten-hoffnung-1030x686.jpg 1030w, https:\/\/www.tuicamper.com\/wp-docker\/wp-content\/uploads\/2019\/04\/strand-kap-der-guten-hoffnung-300x200.jpg 300w, https:\/\/www.tuicamper.com\/wp-docker\/wp-content\/uploads\/2019\/04\/strand-kap-der-guten-hoffnung-768x512.jpg 768w, https:\/\/www.tuicamper.com\/wp-docker\/wp-content\/uploads\/2019\/04\/strand-kap-der-guten-hoffnung-705x470.jpg 705w, https:\/\/www.tuicamper.com\/wp-docker\/wp-content\/uploads\/2019\/04\/strand-kap-der-guten-hoffnung-450x300.jpg 450w, https:\/\/www.tuicamper.com\/wp-docker\/wp-content\/uploads\/2019\/04\/strand-kap-der-guten-hoffnung.jpg 1280w\" data-sizes=\"(max-width: 1030px) 100vw, 1030px\" class='avia_image '  aria-label='K\u00fcste am Kap der Guten Hoffnung'><div class=\"av-image-caption-overlay\"><div class=\"av-caption-image-overlay-bg\"><\/div><div class=\"av-image-caption-overlay-position\"><div class=\"av-image-caption-overlay-center\"><p>K\u00fcste am Kap der Guten Hoffnung<\/p>\n<\/div><\/div><\/div><img decoding=\"async\" fetchpriority=\"high\" class='wp-image-2364 avia-img-lazy-loading-not-2364 avia_image ' src=\"https:\/\/www.tuicamper.com\/wp-docker\/wp-content\/uploads\/2019\/04\/strand-kap-der-guten-hoffnung-1280x630.jpg\" alt='K\u00fcste am Kap der Guten Hoffnung' title='K\u00fcste am Kap der Guten Hoffnung'  height=\"630\" width=\"1280\"  itemprop=\"thumbnailUrl\"  \/><\/a><\/div><\/div><\/div>\n<\/p>\n<\/div><\/div><\/div><!-- close content main div --><\/div><\/div><div id='av_section_8'  class='avia-section av-jt5vrdgv-4386718e65b314e69682ca60ae604601 main_color avia-section-default avia-no-border-styling  avia-builder-el-20  el_after_av_section  el_before_av_section  reduced-content avia-bg-style-scroll container_wrap sidebar_right'  ><div class='container av-section-cont-open' ><div class='template-page content  av-content-small alpha units'><div class='post-entry post-entry-type-page post-entry-1017'><div class='entry-content-wrapper clearfix'>\n\n<style type=\"text\/css\" data-created_by=\"avia_inline_auto\" id=\"style-css-av-1g5aou-6e8505d9de1136ce38f66b0d0e5d2a36\">\n.flex_column.av-1g5aou-6e8505d9de1136ce38f66b0d0e5d2a36{\nborder-radius:0px 0px 0px 0px;\npadding:0px 0px 0px 0px;\n}\n<\/style>\n<div  class='flex_column av-1g5aou-6e8505d9de1136ce38f66b0d0e5d2a36 av_one_full  avia-builder-el-21  avia-builder-el-no-sibling  first flex_column_div av-zero-column-padding  '     ><section  class='av_textblock_section av-jt5tjyk0-1e04ddf86ca9bd8201b4b17bbb4a6491 '   itemscope=\"itemscope\" itemtype=\"https:\/\/schema.org\/BlogPosting\" itemprop=\"blogPost\" ><div class='avia_textblock'  itemprop=\"text\" ><h3>Kapstadt und Atlantikk\u00fcste: die beste Reisezeit<\/h3>\n<p><a href=\"https:\/\/www.tuicamper.com\/reiseziele\/afrika\/suedafrika\/kapstadt\/\">Kapstadt<\/a>: die zweitgr\u00f6\u00dfte Stadt S\u00fcdafrikas hat Wohnmobil-Reisenden viel zu bieten. Beispielsweise das restaurierte Hafenviertel Victoria &amp; Alfred Waterfront, wo man sich auf angenehme Art an\u00a0<a href=\"https:\/\/www.tuicamper.com\/reiseziele\/nordamerika\/usa\/san-francisco\/\">San Francisco\u00a0<\/a>erinnert f\u00fchlt. Tipp: Gerade vom Tafelberg aus ergibt sich ein fantastisches Panorama auf die idyllisch an der Tafelbucht gelegene Metropole.<\/p>\n<p>Die beste Reisezeit f\u00fcr Kapstadt und die umliegende Atlantikk\u00fcste ist umstritten. Angenehm warme Temperaturen herrschen zwischen Dezember und Februar. Allerdings zieht es zu dieser Zeit auch die meisten Touristen nach Kapstadt. Wer der Hochsaison entkommen m\u00f6chte, reist daher besser zwischen September und November. Zu dieser Zeit sind die Temperaturen mit rund 20 \u00b0C noch angenehm mild.<\/p>\n<\/div><\/section><\/div>\n\n<\/div><\/div><\/div><!-- close content main div --><\/div><\/div><div id='av_section_9'  class='avia-section av-b7gvl-1eb57de5f7b7a94c40602e8cf977ebb0 main_color avia-section-default avia-no-border-styling  avia-builder-el-23  el_after_av_section  el_before_av_section  reduced-content avia-bg-style-scroll container_wrap sidebar_right'  ><div class='container av-section-cont-open' ><div class='template-page content  av-content-small alpha units'><div class='post-entry post-entry-type-page post-entry-1017'><div class='entry-content-wrapper clearfix'>\n\n<style type=\"text\/css\" data-created_by=\"avia_inline_auto\" id=\"style-css-av-jtplvt5k-644368a3e4ae24285516f0ff895b2b42\">\n.avia-image-container.av-jtplvt5k-644368a3e4ae24285516f0ff895b2b42 img.avia_image{\nbox-shadow:none;\n}\n.avia-image-container.av-jtplvt5k-644368a3e4ae24285516f0ff895b2b42 .av-caption-image-overlay-bg{\nopacity:0.4;\nbackground-color:#000000;\n}\n.avia-image-container.av-jtplvt5k-644368a3e4ae24285516f0ff895b2b42 .av-image-caption-overlay-center{\ncolor:#ffffff;\n}\n<\/style>\n<div  class='avia-image-container av-jtplvt5k-644368a3e4ae24285516f0ff895b2b42 av-styling- av-img-linked avia_animated_image av-animated-when-visible-95 fade-in avia-align-center  avia-builder-el-24  avia-builder-el-no-sibling  noHover av-overlay-on-hover'   itemprop=\"image\" itemscope=\"itemscope\" itemtype=\"https:\/\/schema.org\/ImageObject\" ><div class=\"avia-image-container-inner\"><div class=\"avia-image-overlay-wrap\"><a href=\"https:\/\/www.tuicamper.com\/wp-docker\/wp-content\/uploads\/2019\/04\/kapstadt-1030x686.jpg\" data-srcset=\"https:\/\/www.tuicamper.com\/wp-docker\/wp-content\/uploads\/2019\/04\/kapstadt-1030x686.jpg 1030w, https:\/\/www.tuicamper.com\/wp-docker\/wp-content\/uploads\/2019\/04\/kapstadt-300x200.jpg 300w, https:\/\/www.tuicamper.com\/wp-docker\/wp-content\/uploads\/2019\/04\/kapstadt-768x512.jpg 768w, https:\/\/www.tuicamper.com\/wp-docker\/wp-content\/uploads\/2019\/04\/kapstadt-705x470.jpg 705w, https:\/\/www.tuicamper.com\/wp-docker\/wp-content\/uploads\/2019\/04\/kapstadt-450x300.jpg 450w, https:\/\/www.tuicamper.com\/wp-docker\/wp-content\/uploads\/2019\/04\/kapstadt.jpg 1280w\" data-sizes=\"(max-width: 1030px) 100vw, 1030px\" class='avia_image '  aria-label='Kapstadt von oben'><div class=\"av-image-caption-overlay\"><div class=\"av-caption-image-overlay-bg\"><\/div><div class=\"av-image-caption-overlay-position\"><div class=\"av-image-caption-overlay-center\"><p>Kapstadt von oben<\/p>\n<\/div><\/div><\/div><img decoding=\"async\" fetchpriority=\"high\" class='wp-image-2367 avia-img-lazy-loading-not-2367 avia_image ' src=\"https:\/\/www.tuicamper.com\/wp-docker\/wp-content\/uploads\/2019\/04\/kapstadt-1280x630.jpg\" alt='Kapstadt von oben' title='Kapstadt von oben'  height=\"630\" width=\"1280\"  itemprop=\"thumbnailUrl\"  \/><\/a><\/div><\/div><\/div>\n\n<\/div><\/div><\/div><!-- close content main div --><\/div><\/div><div id='av_section_10'  class='avia-section av-jt5vrdgv-4386718e65b314e69682ca60ae604601 main_color avia-section-default avia-no-border-styling  avia-builder-el-25  el_after_av_section  el_before_av_section  reduced-content avia-bg-style-scroll container_wrap sidebar_right'  ><div class='container av-section-cont-open' ><div class='template-page content  av-content-small alpha units'><div class='post-entry post-entry-type-page post-entry-1017'><div class='entry-content-wrapper clearfix'>\n\n<style type=\"text\/css\" data-created_by=\"avia_inline_auto\" id=\"style-css-av-1g5aou-6e8505d9de1136ce38f66b0d0e5d2a36\">\n.flex_column.av-1g5aou-6e8505d9de1136ce38f66b0d0e5d2a36{\nborder-radius:0px 0px 0px 0px;\npadding:0px 0px 0px 0px;\n}\n<\/style>\n<div  class='flex_column av-1g5aou-6e8505d9de1136ce38f66b0d0e5d2a36 av_one_full  avia-builder-el-26  avia-builder-el-no-sibling  first flex_column_div av-zero-column-padding  '     ><section  class='av_textblock_section av-jt5tjyk0-1e04ddf86ca9bd8201b4b17bbb4a6491 '   itemscope=\"itemscope\" itemtype=\"https:\/\/schema.org\/BlogPosting\" itemprop=\"blogPost\" ><div class='avia_textblock'  itemprop=\"text\" ><h3>Namaqualand: Bl\u00fctenmeer im s\u00fcdafrikanischen Fr\u00fchling<\/h3>\n<p>Im s\u00fcdafrikanischen Fr\u00fchling, gerade im September und Oktober, lohnt sich von Kapstadt aus ein Abstecher nach Norden. Dort entfaltet sich das Namaqualand: eine w\u00fcsten\u00e4hnliche Gegend, die zu dieser Jahreszeit jedoch ein ganz anderes Gesicht zeigt. Im September und Oktober ist die gesamte Region von einem farbenpr\u00e4chtigen Bl\u00fctenmeer \u00fcbers\u00e4t, das sich schier endlos entlang des Horizonts erstreckt und in verschiedensten Farbnuancen leuchtet.<\/p>\n<\/div><\/section><\/div>\n\n<\/div><\/div><\/div><!-- close content main div --><\/div><\/div><div id='av_section_11'  class='avia-section av-b7gvl-1eb57de5f7b7a94c40602e8cf977ebb0 main_color avia-section-default avia-no-border-styling  avia-builder-el-28  el_after_av_section  el_before_av_section  reduced-content avia-bg-style-scroll container_wrap sidebar_right'  ><div class='container av-section-cont-open' ><div class='template-page content  av-content-small alpha units'><div class='post-entry post-entry-type-page post-entry-1017'><div class='entry-content-wrapper clearfix'>\n\n<style type=\"text\/css\" data-created_by=\"avia_inline_auto\" id=\"style-css-av-jtplvt5k-1f31aa401c8aef5588c35b520f2a2274\">\n.avia-image-container.av-jtplvt5k-1f31aa401c8aef5588c35b520f2a2274 img.avia_image{\nbox-shadow:none;\n}\n.avia-image-container.av-jtplvt5k-1f31aa401c8aef5588c35b520f2a2274 .av-caption-image-overlay-bg{\nopacity:0.4;\nbackground-color:#000000;\n}\n.avia-image-container.av-jtplvt5k-1f31aa401c8aef5588c35b520f2a2274 .av-image-caption-overlay-center{\ncolor:#ffffff;\n}\n<\/style>\n<div  class='avia-image-container av-jtplvt5k-1f31aa401c8aef5588c35b520f2a2274 av-styling- av-img-linked avia_animated_image av-animated-when-visible-95 fade-in avia-align-center  avia-builder-el-29  avia-builder-el-no-sibling  noHover av-overlay-on-hover'   itemprop=\"image\" itemscope=\"itemscope\" itemtype=\"https:\/\/schema.org\/ImageObject\" ><div class=\"avia-image-container-inner\"><div class=\"avia-image-overlay-wrap\"><a href=\"https:\/\/www.tuicamper.com\/wp-docker\/wp-content\/uploads\/2019\/04\/blumen-namaqualand-1030x579.jpg\" data-srcset=\"https:\/\/www.tuicamper.com\/wp-docker\/wp-content\/uploads\/2019\/04\/blumen-namaqualand-1030x579.jpg 1030w, https:\/\/www.tuicamper.com\/wp-docker\/wp-content\/uploads\/2019\/04\/blumen-namaqualand-300x169.jpg 300w, https:\/\/www.tuicamper.com\/wp-docker\/wp-content\/uploads\/2019\/04\/blumen-namaqualand-768x432.jpg 768w, https:\/\/www.tuicamper.com\/wp-docker\/wp-content\/uploads\/2019\/04\/blumen-namaqualand-705x397.jpg 705w, https:\/\/www.tuicamper.com\/wp-docker\/wp-content\/uploads\/2019\/04\/blumen-namaqualand-450x253.jpg 450w, https:\/\/www.tuicamper.com\/wp-docker\/wp-content\/uploads\/2019\/04\/blumen-namaqualand.jpg 1280w\" data-sizes=\"(max-width: 1030px) 100vw, 1030px\" class='avia_image '  aria-label='Blumen im Namaqualand'><div class=\"av-image-caption-overlay\"><div class=\"av-caption-image-overlay-bg\"><\/div><div class=\"av-image-caption-overlay-position\"><div class=\"av-image-caption-overlay-center\"><p>Blumen im Namaqualand<\/p>\n<\/div><\/div><\/div><img decoding=\"async\" fetchpriority=\"high\" class='wp-image-2368 avia-img-lazy-loading-not-2368 avia_image ' src=\"https:\/\/www.tuicamper.com\/wp-docker\/wp-content\/uploads\/2019\/04\/blumen-namaqualand-1280x630.jpg\" alt='Blumen im Namaqualand' title='Blumen im Namaqualand'  height=\"630\" width=\"1280\"  itemprop=\"thumbnailUrl\"  \/><\/a><\/div><\/div><\/div>\n\n<\/div><\/div><\/div><!-- close content main div --><\/div><\/div><div id='av_section_12'  class='avia-section av-jt5vrdgv-4386718e65b314e69682ca60ae604601 main_color avia-section-default avia-no-border-styling  avia-builder-el-30  el_after_av_section  el_before_av_section  reduced-content avia-bg-style-scroll container_wrap sidebar_right'  ><div class='container av-section-cont-open' ><div class='template-page content  av-content-small alpha units'><div class='post-entry post-entry-type-page post-entry-1017'><div class='entry-content-wrapper clearfix'>\n\n<style type=\"text\/css\" data-created_by=\"avia_inline_auto\" id=\"style-css-av-1g5aou-6e8505d9de1136ce38f66b0d0e5d2a36\">\n.flex_column.av-1g5aou-6e8505d9de1136ce38f66b0d0e5d2a36{\nborder-radius:0px 0px 0px 0px;\npadding:0px 0px 0px 0px;\n}\n<\/style>\n<div  class='flex_column av-1g5aou-6e8505d9de1136ce38f66b0d0e5d2a36 av_one_full  avia-builder-el-31  avia-builder-el-no-sibling  first flex_column_div av-zero-column-padding  '     ><section  class='av_textblock_section av-jt5tjyk0-6aa3227fe094a9e74019488ec4bd2357 '   itemscope=\"itemscope\" itemtype=\"https:\/\/schema.org\/BlogPosting\" itemprop=\"blogPost\" ><div class='avia_textblock'  itemprop=\"text\" ><h3>Reisezeit Kr\u00fcger Nationalpark: auf Tuchf\u00fchlung mit den \u201eBig 5\u201c<\/h3>\n<p>Zwar k\u00f6nnen Sie in S\u00fcdafrika prinzipiell das gesamte Jahr auf Safari gehen. Die beste Chance den sogenannten \u201eBig Five\u201c (L\u00f6wen, Leoparden, Elefanten, Nash\u00f6rner und B\u00fcffel)\u00a0<a href=\"https:\/\/www.tuicamper.com\/routen\/suedafrika-routen\/johannesburg-rundreise\/\">im Kr\u00fcger Nationalpark<\/a>\u00a0zu begegnen, haben Sie jedoch in den s\u00fcdafrikanischen Wintermonaten. Leider k\u00f6nnen die Temperaturen zu dieser Reisezeit gerade in den Abendstunden deutlich absinken, sodass warme Bekleidung absolute Pflicht ist. Der Vorteil: Es bleibt in der Regel trocken.<\/p>\n<\/div><\/section><\/div><\/div><\/div><\/div><!-- close content main div --><\/div><\/div><div id='av_section_13'  class='avia-section av-b7gvl-1eb57de5f7b7a94c40602e8cf977ebb0 main_color avia-section-default avia-no-border-styling  avia-builder-el-33  el_after_av_section  el_before_av_section  reduced-content avia-bg-style-scroll container_wrap sidebar_right'  ><div class='container av-section-cont-open' ><div class='template-page content  av-content-small alpha units'><div class='post-entry post-entry-type-page post-entry-1017'><div class='entry-content-wrapper clearfix'>\n\n<style type=\"text\/css\" data-created_by=\"avia_inline_auto\" id=\"style-css-av-jtplvt5k-9d80a2a2f2ddbc2902c58ee9507f1aca\">\n.avia-image-container.av-jtplvt5k-9d80a2a2f2ddbc2902c58ee9507f1aca img.avia_image{\nbox-shadow:none;\n}\n.avia-image-container.av-jtplvt5k-9d80a2a2f2ddbc2902c58ee9507f1aca .av-caption-image-overlay-bg{\nopacity:0.4;\nbackground-color:#000000;\n}\n.avia-image-container.av-jtplvt5k-9d80a2a2f2ddbc2902c58ee9507f1aca .av-image-caption-overlay-center{\ncolor:#ffffff;\n}\n<\/style>\n<div  class='avia-image-container av-jtplvt5k-9d80a2a2f2ddbc2902c58ee9507f1aca av-styling- av-img-linked avia_animated_image av-animated-when-visible-95 fade-in avia-align-center  avia-builder-el-34  avia-builder-el-no-sibling  noHover av-overlay-on-hover'   itemprop=\"image\" itemscope=\"itemscope\" itemtype=\"https:\/\/schema.org\/ImageObject\" ><div class=\"avia-image-container-inner\"><div class=\"avia-image-overlay-wrap\"><a href=\"https:\/\/www.tuicamper.com\/wp-docker\/wp-content\/uploads\/2019\/04\/wasserbueffel-1030x591.jpg\" data-srcset=\"https:\/\/www.tuicamper.com\/wp-docker\/wp-content\/uploads\/2019\/04\/wasserbueffel-1030x591.jpg 1030w, https:\/\/www.tuicamper.com\/wp-docker\/wp-content\/uploads\/2019\/04\/wasserbueffel-300x172.jpg 300w, https:\/\/www.tuicamper.com\/wp-docker\/wp-content\/uploads\/2019\/04\/wasserbueffel-768x441.jpg 768w, https:\/\/www.tuicamper.com\/wp-docker\/wp-content\/uploads\/2019\/04\/wasserbueffel-705x405.jpg 705w, https:\/\/www.tuicamper.com\/wp-docker\/wp-content\/uploads\/2019\/04\/wasserbueffel-450x258.jpg 450w, https:\/\/www.tuicamper.com\/wp-docker\/wp-content\/uploads\/2019\/04\/wasserbueffel.jpg 1280w\" data-sizes=\"(max-width: 1030px) 100vw, 1030px\" class='avia_image '  aria-label='Wasserb\u00fcffel am Wasserloch'><div class=\"av-image-caption-overlay\"><div class=\"av-caption-image-overlay-bg\"><\/div><div class=\"av-image-caption-overlay-position\"><div class=\"av-image-caption-overlay-center\"><p>Wasserb\u00fcffel am Wasserloch<\/p>\n<\/div><\/div><\/div><img decoding=\"async\" fetchpriority=\"high\" class='wp-image-2369 avia-img-lazy-loading-not-2369 avia_image ' src=\"https:\/\/www.tuicamper.com\/wp-docker\/wp-content\/uploads\/2019\/04\/wasserbueffel-1280x630.jpg\" alt='' title='Wasserb\u00fcffel am Wasserloch'  height=\"630\" width=\"1280\"  itemprop=\"thumbnailUrl\"  \/><\/a><\/div><\/div><\/div>\n<\/p>\n<\/div><\/div><\/div><!-- close content main div --><\/div><\/div><div id='av_section_14'  class='avia-section av-jt5vrdgv-4386718e65b314e69682ca60ae604601 main_color avia-section-default avia-no-border-styling  avia-builder-el-35  el_after_av_section  el_before_av_section  reduced-content avia-bg-style-scroll container_wrap sidebar_right'  ><div class='container av-section-cont-open' ><div class='template-page content  av-content-small alpha units'><div class='post-entry post-entry-type-page post-entry-1017'><div class='entry-content-wrapper clearfix'>\n\n<style type=\"text\/css\" data-created_by=\"avia_inline_auto\" id=\"style-css-av-1g5aou-6e8505d9de1136ce38f66b0d0e5d2a36\">\n.flex_column.av-1g5aou-6e8505d9de1136ce38f66b0d0e5d2a36{\nborder-radius:0px 0px 0px 0px;\npadding:0px 0px 0px 0px;\n}\n<\/style>\n<div  class='flex_column av-1g5aou-6e8505d9de1136ce38f66b0d0e5d2a36 av_one_full  avia-builder-el-36  avia-builder-el-no-sibling  first flex_column_div av-zero-column-padding  '     ><section  class='av_textblock_section av-jt5tjyk0-1e04ddf86ca9bd8201b4b17bbb4a6491 '   itemscope=\"itemscope\" itemtype=\"https:\/\/schema.org\/BlogPosting\" itemprop=\"blogPost\" ><div class='avia_textblock'  itemprop=\"text\" ><h3>Kalahari-W\u00fcste: die beste Reisezeit f\u00fcr die wildromantische W\u00fcstenlandschaft<\/h3>\n<p>Mit ihren majest\u00e4tischen D\u00fcnen, den zarten W\u00fcstengr\u00e4sern und den bizarr anmutenden Salzpfannen bietet die Kalahari-W\u00fcste Wildromantik par excellence. Kein Wunder also, dass viele Camper die Anziehungskraft der Region hautnah erleben m\u00f6chten. Als empfehlenswerte Reisezeit f\u00fcr einen Besuch der Kalahari-W\u00fcste gelten die Monate Oktober bis M\u00e4rz. W\u00e4hrend dieser Zeit bl\u00fcht die W\u00fcste. Tags\u00fcber ist es mit rund 30 \u00b0C aber sehr hei\u00df. Zur Tierbeobachtung eignet sich dagegen der Zeitraum zwischen Mai und September \u2013 also die s\u00fcdafrikanische \u201eTrockenzeit\u201c \u2013 besser. Nachteil: Zu dieser Zeit ist es oftmals empfindlich kalt.<\/p>\n<\/div><\/section><\/div>\n\n<\/div><\/div><\/div><!-- close content main div --><\/div><\/div><div id='av_section_15'  class='avia-section av-b7gvl-1eb57de5f7b7a94c40602e8cf977ebb0 main_color avia-section-default avia-no-border-styling  avia-builder-el-38  el_after_av_section  el_before_av_section  reduced-content avia-bg-style-scroll container_wrap sidebar_right'  ><div class='container av-section-cont-open' ><div class='template-page content  av-content-small alpha units'><div class='post-entry post-entry-type-page post-entry-1017'><div class='entry-content-wrapper clearfix'>\n\n<style type=\"text\/css\" data-created_by=\"avia_inline_auto\" id=\"style-css-av-jtplvt5k-de2819335a16dac916e1e519c1d45000\">\n.avia-image-container.av-jtplvt5k-de2819335a16dac916e1e519c1d45000 img.avia_image{\nbox-shadow:none;\n}\n.avia-image-container.av-jtplvt5k-de2819335a16dac916e1e519c1d45000 .av-caption-image-overlay-bg{\nopacity:0.4;\nbackground-color:#000000;\n}\n.avia-image-container.av-jtplvt5k-de2819335a16dac916e1e519c1d45000 .av-image-caption-overlay-center{\ncolor:#ffffff;\n}\n<\/style>\n<div  class='avia-image-container av-jtplvt5k-de2819335a16dac916e1e519c1d45000 av-styling- av-img-linked avia_animated_image av-animated-when-visible-95 fade-in avia-align-center  avia-builder-el-39  avia-builder-el-no-sibling  noHover av-overlay-on-hover'   itemprop=\"image\" itemscope=\"itemscope\" itemtype=\"https:\/\/schema.org\/ImageObject\" ><div class=\"avia-image-container-inner\"><div class=\"avia-image-overlay-wrap\"><a href=\"https:\/\/www.tuicamper.com\/wp-docker\/wp-content\/uploads\/2019\/04\/britz-4x4-camper-1030x686.jpg\" data-srcset=\"https:\/\/www.tuicamper.com\/wp-docker\/wp-content\/uploads\/2019\/04\/britz-4x4-camper-1030x686.jpg 1030w, https:\/\/www.tuicamper.com\/wp-docker\/wp-content\/uploads\/2019\/04\/britz-4x4-camper-300x200.jpg 300w, https:\/\/www.tuicamper.com\/wp-docker\/wp-content\/uploads\/2019\/04\/britz-4x4-camper-768x512.jpg 768w, https:\/\/www.tuicamper.com\/wp-docker\/wp-content\/uploads\/2019\/04\/britz-4x4-camper-705x470.jpg 705w, https:\/\/www.tuicamper.com\/wp-docker\/wp-content\/uploads\/2019\/04\/britz-4x4-camper-450x300.jpg 450w, https:\/\/www.tuicamper.com\/wp-docker\/wp-content\/uploads\/2019\/04\/britz-4x4-camper.jpg 1280w\" data-sizes=\"(max-width: 1030px) 100vw, 1030px\" class='avia_image '  aria-label='Britz 4x4 Camper'><div class=\"av-image-caption-overlay\"><div class=\"av-caption-image-overlay-bg\"><\/div><div class=\"av-image-caption-overlay-position\"><div class=\"av-image-caption-overlay-center\"><p>Britz 4&#215;4 Camper<\/p>\n<\/div><\/div><\/div><img decoding=\"async\" fetchpriority=\"high\" class='wp-image-1196 avia-img-lazy-loading-not-1196 avia_image ' src=\"https:\/\/www.tuicamper.com\/wp-docker\/wp-content\/uploads\/2019\/04\/britz-4x4-camper-1280x630.jpg\" alt='Britz 4x4 Camper in Afrika' title='Britz 4x4 Camper'  height=\"630\" width=\"1280\"  itemprop=\"thumbnailUrl\"  \/><\/a><\/div><\/div><\/div>\n\n<\/div><\/div><\/div><!-- close content main div --><\/div><\/div><div id='av_section_16'  class='avia-section av-jt5vrdgv-4386718e65b314e69682ca60ae604601 main_color avia-section-default avia-no-border-styling  avia-builder-el-40  el_after_av_section  el_before_av_section  reduced-content avia-bg-style-scroll container_wrap sidebar_right'  ><div class='container av-section-cont-open' ><div class='template-page content  av-content-small alpha units'><div class='post-entry post-entry-type-page post-entry-1017'><div class='entry-content-wrapper clearfix'>\n\n<style type=\"text\/css\" data-created_by=\"avia_inline_auto\" id=\"style-css-av-1g5aou-6e8505d9de1136ce38f66b0d0e5d2a36\">\n.flex_column.av-1g5aou-6e8505d9de1136ce38f66b0d0e5d2a36{\nborder-radius:0px 0px 0px 0px;\npadding:0px 0px 0px 0px;\n}\n<\/style>\n<div  class='flex_column av-1g5aou-6e8505d9de1136ce38f66b0d0e5d2a36 av_one_full  avia-builder-el-41  avia-builder-el-no-sibling  first flex_column_div av-zero-column-padding  '     ><section  class='av_textblock_section av-jt5tjyk0-1e04ddf86ca9bd8201b4b17bbb4a6491 '   itemscope=\"itemscope\" itemtype=\"https:\/\/schema.org\/BlogPosting\" itemprop=\"blogPost\" ><div class='avia_textblock'  itemprop=\"text\" ><h3>Herbst und Fr\u00fchling: ideal f\u00fcr Reisen ins Landesinnere<\/h3>\n<p>Das Landesinnere und die Gegend rund um\u00a0<a href=\"https:\/\/www.tuicamper.com\/reiseziele\/afrika\/suedafrika\/johannesburg\/\">Johannesburg<\/a>\u00a0besuchen Sie am besten im Fr\u00fchling oder Herbst. Der Grund: In den Sommermonaten, also der s\u00fcdafrikanischen \u201eRegenzeit\u201c, kann es zu heftigen Regenf\u00e4llen kommen, w\u00e4hrend der starke Winterwind mitunter den trockenen Sandboden aufnimmt, was zu unangenehmen Sandb\u00f6en f\u00fchrt. Im M\u00e4rz und April sowie im Oktober und November herrschen dagegen die angenehmsten Bedingungen.<\/p>\n<\/div><\/section><\/div>\n\n<\/div><\/div><\/div><!-- close content main div --><\/div><\/div><div id='av_section_17'  class='avia-section av-jt5vrdgv-4386718e65b314e69682ca60ae604601 main_color avia-section-default avia-no-border-styling  avia-builder-el-43  el_after_av_section  avia-builder-el-last  reduced-content avia-bg-style-scroll container_wrap sidebar_right'  ><div class='container av-section-cont-open' ><div class='template-page content  av-content-small alpha units'><div class='post-entry post-entry-type-page post-entry-1017'><div class='entry-content-wrapper clearfix'>\n<div  class='avia-button-wrap av-ju2eusip-0dd54800593d2ad9f8982b68d62d282f-wrap avia-button-center  avia-builder-el-44  el_before_av_one_full  avia-builder-el-first '><a href='https:\/\/www.tuicamper.com\/reiseziele\/afrika\/suedafrika\/'  class='avia-button av-ju2eusip-0dd54800593d2ad9f8982b68d62d282f av-link-btn avia-icon_select-yes-right-icon avia-size-large avia-position-center avia-color-theme-color'   aria-label=\"Jetzt Wohnmobil mieten f\u00fcr S\u00fcdafrika\"><span class='avia_iconbox_title' >Jetzt Wohnmobil mieten f\u00fcr S\u00fcdafrika<\/span><span class='avia_button_icon avia_button_icon_right avia-iconfont avia-font-entypo-fontello' data-av_icon='\ue875' data-av_iconfont='entypo-fontello' ><\/span><\/a><\/div>\n\n<style type=\"text\/css\" data-created_by=\"avia_inline_auto\" id=\"style-css-av-1g5aou-6e8505d9de1136ce38f66b0d0e5d2a36\">\n.flex_column.av-1g5aou-6e8505d9de1136ce38f66b0d0e5d2a36{\nborder-radius:0px 0px 0px 0px;\npadding:0px 0px 0px 0px;\n}\n<\/style>\n<div  class='flex_column av-1g5aou-6e8505d9de1136ce38f66b0d0e5d2a36 av_one_full  avia-builder-el-45  el_after_av_button  el_before_av_social_share  first flex_column_div av-zero-column-padding  '     ><style type=\"text\/css\" data-created_by=\"avia_inline_auto\" id=\"style-css-av-jt5tjyk0-26a28d0242835cbba60d70517a13c769\">\n#top .av_textblock_section.av-jt5tjyk0-26a28d0242835cbba60d70517a13c769 .avia_textblock{\nfont-size:28px;\n}\n<\/style>\n<section  class='av_textblock_section av-jt5tjyk0-26a28d0242835cbba60d70517a13c769 '   itemscope=\"itemscope\" itemtype=\"https:\/\/schema.org\/BlogPosting\" itemprop=\"blogPost\" ><div class='avia_textblock'  itemprop=\"text\" ><p><strong>Ihr TUI CAMPER-Team w\u00fcnscht Ihnen eine erlebnisreiche S\u00fcdafrika-Reise mit idealen Wetterbedingungen!<\/strong><\/p>\n<\/div><\/section><\/div><div  class='av-social-sharing-box av-10zg8-8676a2d54b4a15bbf6c39a1c18f0815b av-social-sharing-box-default  avia-builder-el-47  el_after_av_one_full  avia-builder-el-last  av-social-sharing-box-fullwidth'><div class=\"av-share-box\"><ul class=\"av-share-box-list noLightbox\"><li class='av-share-link av-social-link-facebook avia_social_iconfont' ><a target=\"_blank\" aria-label=\"Teilen auf Facebook\" href='https:\/\/www.facebook.com\/sharer.php?u=https:\/\/www.tuicamper.com\/magazin\/beste-reisezeit-suedafrika\/&#038;t=Beste%20Reisezeit%20S%C3%BCdafrika%20%E2%80%93%20F%C3%BCr%20jede%20Region%20die%20passende%20Jahreszeit' data-av_icon='\ue8f3' data-av_iconfont='entypo-fontello'  title='' data-avia-related-tooltip='Teilen auf Facebook'><span class='avia_hidden_link_text'>Teilen auf Facebook<\/span><\/a><\/li><li class='av-share-link av-social-link-twitter avia_social_iconfont' ><a target=\"_blank\" aria-label=\"Teilen auf X\" href='https:\/\/twitter.com\/share?text=Beste%20Reisezeit%20S%C3%BCdafrika%20%E2%80%93%20F%C3%BCr%20jede%20Region%20die%20passende%20Jahreszeit&#038;url=https:\/\/www.tuicamper.com\/magazin\/beste-reisezeit-suedafrika\/' data-av_icon='\ue932' data-av_iconfont='entypo-fontello'  title='' data-avia-related-tooltip='Teilen auf X'><span class='avia_hidden_link_text'>Teilen auf X<\/span><\/a><\/li><li class='av-share-link av-social-link-whatsapp avia_social_iconfont' ><a target=\"_blank\" aria-label=\"Teilen auf WhatsApp\" href='https:\/\/api.whatsapp.com\/send?text=https:\/\/www.tuicamper.com\/magazin\/beste-reisezeit-suedafrika\/' data-av_icon='\uf232' data-av_iconfont='entypo-fontello'  title='' data-avia-related-tooltip='Teilen auf WhatsApp'><span class='avia_hidden_link_text'>Teilen auf WhatsApp<\/span><\/a><\/li><li class='av-share-link av-social-link-pinterest avia_social_iconfont' ><a target=\"_blank\" aria-label=\"Teilen auf Pinterest\" href='https:\/\/pinterest.com\/pin\/create\/button\/?url=https%3A%2F%2Fwww.tuicamper.com%2Fmagazin%2Fbeste-reisezeit-suedafrika%2F&#038;description=Beste%20Reisezeit%20S%C3%BCdafrika%20%E2%80%93%20F%C3%BCr%20jede%20Region%20die%20passende%20Jahreszeit&#038;media=https%3A%2F%2Fwww.tuicamper.com%2Fwp-docker%2Fwp-content%2Fuploads%2F2019%2F04%2Fbeste-reisezeit-suedafrika-705x269.jpg' data-av_icon='\ue8f8' data-av_iconfont='entypo-fontello'  title='' data-avia-related-tooltip='Teilen auf Pinterest'><span class='avia_hidden_link_text'>Teilen auf Pinterest<\/span><\/a><\/li><li class='av-share-link av-social-link-mail avia_social_iconfont' ><a  aria-label=\"Per E-Mail teilen\" href='mailto:?subject=Beste%20Reisezeit%20S%C3%BCdafrika%20%E2%80%93%20F%C3%BCr%20jede%20Region%20die%20passende%20Jahreszeit&#038;body=https:\/\/www.tuicamper.com\/magazin\/beste-reisezeit-suedafrika\/' data-av_icon='\ue805' data-av_iconfont='entypo-fontello'  title='' data-avia-related-tooltip='Per E-Mail teilen'><span class='avia_hidden_link_text'>Per E-Mail teilen<\/span><\/a><\/li><\/ul><\/div><\/div>\n<\/div><\/div><\/div><!-- close content main div --><\/div><\/div><div id='after_section_17'  class='main_color av_default_container_wrap container_wrap sidebar_right'  ><div class='container av-section-cont-open' ><div class='template-page content  av-content-small alpha units'><div class='post-entry post-entry-type-page post-entry-1017'><div class='entry-content-wrapper clearfix'>\n","protected":false},"excerpt":{"rendered":"<p>Die ideale Reisezeit f\u00fcr eine Camper-Tour in S\u00fcdafrika l\u00e4sst sich nicht pauschal benennen. Wir nehmen die einzelnen Regionen in den Fokus und geben Tipps zur besten Reisezeit!<\/p>\n","protected":false},"author":3,"featured_media":2365,"comment_status":"open","ping_status":"open","sticky":false,"template":"","format":"standard","meta":{"footnotes":""},"categories":[29],"tags":[48,62,21],"class_list":["post-1017","post","type-post","status-publish","format-standard","has-post-thumbnail","hentry","category-reisezeit","tag-buchungstipps","tag-suedafrika","tag-winter"],"yoast_head":"<!-- This site is optimized with the Yoast SEO plugin v27.4 - https:\/\/yoast.com\/product\/yoast-seo-wordpress\/ -->\n<title>Beste Reisezeit S\u00fcdafrika - F\u00fcr jede Region die passende Jahreszeit<\/title>\n<meta name=\"description\" content=\"Die ideale Reisezeit f\u00fcr eine Camper-Tour in S\u00fcdafrika l\u00e4sst sich nicht pauschal benennen. Wir nehmen die einzelnen Regionen in den Fokus und geben Tipps zur besten Reisezeit!\" \/>\n<meta name=\"robots\" content=\"index, follow, max-snippet:-1, max-image-preview:large, max-video-preview:-1\" \/>\n<link rel=\"canonical\" href=\"https:\/\/www.tuicamper.com\/magazin\/beste-reisezeit-suedafrika\/\" \/>\n<meta property=\"og:locale\" content=\"de_DE\" \/>\n<meta property=\"og:type\" content=\"article\" \/>\n<meta property=\"og:title\" content=\"Beste Reisezeit S\u00fcdafrika - F\u00fcr jede Region die passende Jahreszeit\" \/>\n<meta property=\"og:description\" content=\"Die ideale Reisezeit f\u00fcr eine Camper-Tour in S\u00fcdafrika l\u00e4sst sich nicht pauschal benennen. Wir nehmen die einzelnen Regionen in den Fokus und geben Tipps zur besten Reisezeit!\" \/>\n<meta property=\"og:url\" content=\"https:\/\/www.tuicamper.com\/magazin\/beste-reisezeit-suedafrika\/\" \/>\n<meta property=\"og:site_name\" content=\"TUI Camper Magazin\" \/>\n<meta property=\"article:published_time\" content=\"2019-04-30T14:18:04+00:00\" \/>\n<meta property=\"article:modified_time\" content=\"2023-08-03T14:44:28+00:00\" \/>\n<meta property=\"og:image\" content=\"https:\/\/www.tuicamper.com\/wp-docker\/wp-content\/uploads\/2019\/04\/beste-reisezeit-suedafrika.jpg\" \/>\n\t<meta property=\"og:image:width\" content=\"1310\" \/>\n\t<meta property=\"og:image:height\" content=\"500\" \/>\n\t<meta property=\"og:image:type\" content=\"image\/jpeg\" \/>\n<meta name=\"author\" content=\"S\u00f6ren Cortekar\" \/>\n<meta name=\"twitter:card\" content=\"summary_large_image\" \/>\n<meta name=\"twitter:label1\" content=\"Verfasst von\" \/>\n\t<meta name=\"twitter:data1\" content=\"S\u00f6ren Cortekar\" \/>\n\t<meta name=\"twitter:label2\" content=\"Gesch\u00e4tzte Lesezeit\" \/>\n\t<meta name=\"twitter:data2\" content=\"12\u00a0Minuten\" \/>\n<!-- \/ Yoast SEO plugin. -->","yoast_head_json":{"title":"Beste Reisezeit S\u00fcdafrika - F\u00fcr jede Region die passende Jahreszeit","description":"Die ideale Reisezeit f\u00fcr eine Camper-Tour in S\u00fcdafrika l\u00e4sst sich nicht pauschal benennen. Wir nehmen die einzelnen Regionen in den Fokus und geben Tipps zur besten Reisezeit!","robots":{"index":"index","follow":"follow","max-snippet":"max-snippet:-1","max-image-preview":"max-image-preview:large","max-video-preview":"max-video-preview:-1"},"canonical":"https:\/\/www.tuicamper.com\/magazin\/beste-reisezeit-suedafrika\/","og_locale":"de_DE","og_type":"article","og_title":"Beste Reisezeit S\u00fcdafrika - F\u00fcr jede Region die passende Jahreszeit","og_description":"Die ideale Reisezeit f\u00fcr eine Camper-Tour in S\u00fcdafrika l\u00e4sst sich nicht pauschal benennen. Wir nehmen die einzelnen Regionen in den Fokus und geben Tipps zur besten Reisezeit!","og_url":"https:\/\/www.tuicamper.com\/magazin\/beste-reisezeit-suedafrika\/","og_site_name":"TUI Camper Magazin","article_published_time":"2019-04-30T14:18:04+00:00","article_modified_time":"2023-08-03T14:44:28+00:00","og_image":[{"width":1310,"height":500,"url":"https:\/\/www.tuicamper.com\/wp-docker\/wp-content\/uploads\/2019\/04\/beste-reisezeit-suedafrika.jpg","type":"image\/jpeg"}],"author":"S\u00f6ren Cortekar","twitter_card":"summary_large_image","twitter_misc":{"Verfasst von":"S\u00f6ren Cortekar","Gesch\u00e4tzte Lesezeit":"12\u00a0Minuten"},"schema":{"@context":"https:\/\/schema.org","@graph":[{"@type":"Article","@id":"https:\/\/www.tuicamper.com\/magazin\/beste-reisezeit-suedafrika\/#article","isPartOf":{"@id":"https:\/\/www.tuicamper.com\/magazin\/beste-reisezeit-suedafrika\/"},"author":{"name":"S\u00f6ren Cortekar","@id":"https:\/\/www.tuicamper.com\/wp-docker\/#\/schema\/person\/a9ad15b73e3b6169a6c4a794a58d1ea6"},"headline":"Beste Reisezeit S\u00fcdafrika &#8211; F\u00fcr jede Region die passende Jahreszeit","datePublished":"2019-04-30T14:18:04+00:00","dateModified":"2023-08-03T14:44:28+00:00","mainEntityOfPage":{"@id":"https:\/\/www.tuicamper.com\/magazin\/beste-reisezeit-suedafrika\/"},"wordCount":4312,"commentCount":0,"image":{"@id":"https:\/\/www.tuicamper.com\/magazin\/beste-reisezeit-suedafrika\/#primaryimage"},"thumbnailUrl":"https:\/\/www.tuicamper.com\/wp-docker\/wp-content\/uploads\/2019\/04\/beste-reisezeit-suedafrika.jpg","keywords":["Buchungstipps","S\u00fcdafrika","Winter"],"articleSection":["Reisezeit"],"inLanguage":"de","potentialAction":[{"@type":"CommentAction","name":"Comment","target":["https:\/\/www.tuicamper.com\/magazin\/beste-reisezeit-suedafrika\/#respond"]}]},{"@type":"WebPage","@id":"https:\/\/www.tuicamper.com\/magazin\/beste-reisezeit-suedafrika\/","url":"https:\/\/www.tuicamper.com\/magazin\/beste-reisezeit-suedafrika\/","name":"Beste Reisezeit S\u00fcdafrika - F\u00fcr jede Region die passende Jahreszeit","isPartOf":{"@id":"https:\/\/www.tuicamper.com\/#website"},"primaryImageOfPage":{"@id":"https:\/\/www.tuicamper.com\/magazin\/beste-reisezeit-suedafrika\/#primaryimage"},"image":{"@id":"https:\/\/www.tuicamper.com\/magazin\/beste-reisezeit-suedafrika\/#primaryimage"},"thumbnailUrl":"https:\/\/www.tuicamper.com\/wp-content\/uploads\/2019\/04\/beste-reisezeit-suedafrika.jpg","datePublished":"2019-04-30T14:18:04+00:00","dateModified":"2023-08-03T14:44:28+00:00","author":{"@id":"https:\/\/www.tuicamper.com\/#\/schema\/person\/a9ad15b73e3b6169a6c4a794a58d1ea6"},"description":"Die ideale Reisezeit f\u00fcr eine Camper-Tour in S\u00fcdafrika l\u00e4sst sich nicht pauschal benennen. Wir nehmen die einzelnen Regionen in den Fokus und geben Tipps zur besten Reisezeit!","breadcrumb":{"@id":"https:\/\/www.tuicamper.com\/magazin\/beste-reisezeit-suedafrika\/#breadcrumb"},"inLanguage":"de","potentialAction":["Array"]},{"@type":"ImageObject","inLanguage":"de","@id":"https:\/\/www.tuicamper.com\/magazin\/beste-reisezeit-suedafrika\/#primaryimage","url":"https:\/\/www.tuicamper.com\/wp-docker\/wp-content\/uploads\/2019\/04\/beste-reisezeit-suedafrika.jpg","contentUrl":"https:\/\/www.tuicamper.com\/wp-docker\/wp-content\/uploads\/2019\/04\/beste-reisezeit-suedafrika.jpg","width":1310,"height":500,"caption":"Beste Reisezeit S\u00fcdafrika"},{"@type":"BreadcrumbList","@id":"https:\/\/www.tuicamper.com\/magazin\/beste-reisezeit-suedafrika\/#breadcrumb","itemListElement":[{"@type":"ListItem","position":1,"name":"Startseite","item":"https:\/\/www.tuicamper.com\/wp-docker\/"},{"@type":"ListItem","position":2,"name":"Beste Reisezeit S\u00fcdafrika &#8211; F\u00fcr jede Region die passende Jahreszeit"}]},{"@type":"WebSite","@id":"https:\/\/www.tuicamper.com\/#website","url":"https:\/\/www.tuicamper.com\/","name":"TUI Camper Magazin","description":"","potentialAction":["Array"],"inLanguage":"de"},{"@type":"Person","@id":"https:\/\/www.tuicamper.com\/wp-docker\/#\/schema\/person\/a9ad15b73e3b6169a6c4a794a58d1ea6","name":"S\u00f6ren Cortekar","image":{"@type":"ImageObject","inLanguage":"de","@id":"https:\/\/secure.gravatar.com\/avatar\/399f9c9096d84e9147b61735bfa53689fd2add8aa9c074669869e4c106f7df59?s=96&d=mm&r=g","url":"https:\/\/secure.gravatar.com\/avatar\/399f9c9096d84e9147b61735bfa53689fd2add8aa9c074669869e4c106f7df59?s=96&d=mm&r=g","contentUrl":"https:\/\/secure.gravatar.com\/avatar\/399f9c9096d84e9147b61735bfa53689fd2add8aa9c074669869e4c106f7df59?s=96&d=mm&r=g","caption":"S\u00f6ren Cortekar"},"url":"https:\/\/www.tuicamper.com\/wp-docker\/magazin\/author\/soeren-cortekar\/"}]}},"_links":{"self":[{"href":"https:\/\/www.tuicamper.com\/wp-docker\/wp-json\/wp\/v2\/posts\/1017","targetHints":{"allow":["GET"]}}],"collection":[{"href":"https:\/\/www.tuicamper.com\/wp-docker\/wp-json\/wp\/v2\/posts"}],"about":[{"href":"https:\/\/www.tuicamper.com\/wp-docker\/wp-json\/wp\/v2\/types\/post"}],"author":[{"embeddable":true,"href":"https:\/\/www.tuicamper.com\/wp-docker\/wp-json\/wp\/v2\/users\/3"}],"replies":[{"embeddable":true,"href":"https:\/\/www.tuicamper.com\/wp-docker\/wp-json\/wp\/v2\/comments?post=1017"}],"version-history":[{"count":14,"href":"https:\/\/www.tuicamper.com\/wp-docker\/wp-json\/wp\/v2\/posts\/1017\/revisions"}],"predecessor-version":[{"id":55607,"href":"https:\/\/www.tuicamper.com\/wp-docker\/wp-json\/wp\/v2\/posts\/1017\/revisions\/55607"}],"wp:featuredmedia":[{"embeddable":true,"href":"https:\/\/www.tuicamper.com\/wp-docker\/wp-json\/wp\/v2\/media\/2365"}],"wp:attachment":[{"href":"https:\/\/www.tuicamper.com\/wp-docker\/wp-json\/wp\/v2\/media?parent=1017"}],"wp:term":[{"taxonomy":"category","embeddable":true,"href":"https:\/\/www.tuicamper.com\/wp-docker\/wp-json\/wp\/v2\/categories?post=1017"},{"taxonomy":"post_tag","embeddable":true,"href":"https:\/\/www.tuicamper.com\/wp-docker\/wp-json\/wp\/v2\/tags?post=1017"}],"curies":[{"name":"wp","href":"https:\/\/api.w.org\/{rel}","templated":true}]}}