{"id":100843,"date":"2025-03-27T15:45:37","date_gmt":"2025-03-27T14:45:37","guid":{"rendered":"https:\/\/www.tuicamper.com\/?p=100843"},"modified":"2025-03-27T15:45:37","modified_gmt":"2025-03-27T14:45:37","slug":"schwarzwaldhochstrasse-mit-dem-wohnmobil","status":"publish","type":"post","link":"https:\/\/www.tuicamper.com\/magazin\/schwarzwaldhochstrasse-mit-dem-wohnmobil\/","title":{"rendered":"Schwarzwaldhochstra\u00dfe: Mit dem Wohnmobil durch unber\u00fchrte Naturlandschaften"},"content":{"rendered":"<div id='av_section_1'  class='avia-section av-9n5aw7vv-99e5789e94953cfd101e20962be9a679 main_color avia-section-default avia-no-border-styling  avia-builder-el-0  el_before_av_textblock  avia-builder-el-first  reduced-content avia-bg-style-scroll container_wrap sidebar_right'  ><div class='container av-section-cont-open' ><main  role=\"main\" itemprop=\"mainContentOfPage\"  class='template-page content  av-content-small alpha units'><div class='post-entry post-entry-type-page post-entry-100843'><div class='entry-content-wrapper clearfix'>\n\n<style type=\"text\/css\" data-created_by=\"avia_inline_auto\" id=\"style-css-av-ydyslgr-4c373c6660d3b2383a0af4d4bf1fe99a\">\n.flex_column.av-ydyslgr-4c373c6660d3b2383a0af4d4bf1fe99a{\nborder-radius:0px 0px 0px 0px;\npadding:0px 0px 0px 0px;\n}\n<\/style>\n<div  class='flex_column av-ydyslgr-4c373c6660d3b2383a0af4d4bf1fe99a av_one_full  avia-builder-el-1  avia-builder-el-no-sibling  first flex_column_div av-zero-column-padding  '     ><section  class='av_textblock_section av-9ek1ebjf-80bc146a335b77fbcbe70a8c5c33a4cc '   itemscope=\"itemscope\" itemtype=\"https:\/\/schema.org\/BlogPosting\" itemprop=\"blogPost\" ><div class='avia_textblock'  itemprop=\"text\" ><p>Uralte dichte Nadelw\u00e4lder, die sich \u2013 so weit das Auge reicht \u2013 \u00fcber sanfte H\u00fcgel und schroffe Berge ziehen. Kristallklare Seen, in die sich glitzernde Wasserf\u00e4lle ergie\u00dfen. Frische harzgetr\u00e4nkte Luft, die die Energiereserven auf Wanderungen mit jedem Atemzug wie von selbst aufl\u00e4dt. Eine Tour entlang der Schwarzwaldhochstra\u00dfe geh\u00f6rt zu den sch\u00f6nsten Camping-Erlebnissen, die Deutschland zu bieten hat. Wir stellen Ihnen die vielseitige Ferienstra\u00dfe vor.<\/p>\n<\/div><\/section><\/div>\n<\/div><\/div><\/main><!-- close content main element --><\/div><\/div><div id='after_section_1'  class='main_color av_default_container_wrap container_wrap sidebar_right'  ><div class='container av-section-cont-open' ><div class='template-page content  av-content-small alpha units'><div class='post-entry post-entry-type-page post-entry-100843'><div class='entry-content-wrapper clearfix'>\n<section  class='av_textblock_section av-991rgfxn-4f7a334de58518cabe1c51c86ed53391 '   itemscope=\"itemscope\" itemtype=\"https:\/\/schema.org\/BlogPosting\" itemprop=\"blogPost\" ><div class='avia_textblock'  itemprop=\"text\" >\n<\/div><\/section>\n<\/div><\/div><\/div><!-- close content main div --><\/div><\/div><div id='av_section_2'  class='avia-section av-969xs0iz-2242ff8ad250a65a8deadfc6d6ea4d58 main_color avia-section-default avia-no-border-styling  avia-builder-el-4  el_after_av_textblock  el_before_av_section  reduced-content avia-bg-style-scroll container_wrap sidebar_right'  ><div class='container av-section-cont-open' ><div class='template-page content  av-content-small alpha units'><div class='post-entry post-entry-type-page post-entry-100843'><div class='entry-content-wrapper clearfix'>\n<section  class='av_textblock_section av-91vjvo17-382a54529bab6e617d1693012eed222e '   itemscope=\"itemscope\" itemtype=\"https:\/\/schema.org\/BlogPosting\" itemprop=\"blogPost\" ><div class='avia_textblock'  itemprop=\"text\" ><div id=\"js-table-of-contents\">\r\n    <strong>Inhaltsverzeichnis<\/strong>\r\n<\/div>\n<\/div><\/section>\n\n<\/div><\/div><\/div><!-- close content main div --><\/div><\/div><div id='av_section_3'  class='avia-section av-8v5bfmi3-c009d780e4ada1e4697fcccc14ccc948 main_color avia-section-default avia-no-border-styling  avia-builder-el-6  el_after_av_section  el_before_av_section  reduced-content avia-bg-style-scroll container_wrap sidebar_right'  ><div class='container av-section-cont-open' ><div class='template-page content  av-content-small alpha units'><div class='post-entry post-entry-type-page post-entry-100843'><div class='entry-content-wrapper clearfix'>\n\n<style type=\"text\/css\" data-created_by=\"avia_inline_auto\" id=\"style-css-av-8q9ndauj-0543849f0231ddc9a6d375ddc9a8f00f\">\n.flex_column.av-8q9ndauj-0543849f0231ddc9a6d375ddc9a8f00f{\nborder-radius:0px 0px 0px 0px;\npadding:0px 0px 0px 0px;\n}\n<\/style>\n<div  class='flex_column av-8q9ndauj-0543849f0231ddc9a6d375ddc9a8f00f av_one_full  avia-builder-el-7  avia-builder-el-no-sibling  first flex_column_div av-zero-column-padding  '     ><section  class='av_textblock_section av-8nuczfzf-76336677a51a1a1e373249759d3fd7cc '   itemscope=\"itemscope\" itemtype=\"https:\/\/schema.org\/BlogPosting\" itemprop=\"blogPost\" ><div class='avia_textblock'  itemprop=\"text\" ><h2>Wissenswertes zur Schwarzwaldhochstra\u00dfe<\/h2>\n<p>Sie m\u00f6chten den <a href=\"https:\/\/www.tuicamper.com\/magazin\/schwarzwald-urlaub-mit-wohnmobil\/\">Schwarzwald mit dem Wohnmobil<\/a> erkunden, haben aber nur ein paar Tage Zeit? Dann empfiehlt sich eine Tour auf der Schwarzwaldhochstra\u00dfe. Die \u00fcberschaubare <a href=\"https:\/\/www.tuicamper.com\/magazin\/ferienstrassen-deutschland\/\">Ferienstra\u00dfe<\/a> vereint in kurzer Distanz viele der sch\u00f6nsten Sehensw\u00fcrdigkeiten des Schwarzwalds \u2013 und bietet in n\u00e4chster Umgebung zahlreiche \u00dcbernachtungsm\u00f6glichkeiten f\u00fcr Camper.<\/p>\n<ul>\n<li><strong>Strecke<\/strong>: Mit einer Gesamtstrecke von rund 60 Kilometern geh\u00f6rt die Schwarzwaldhochstra\u00dfe zu den k\u00fcrzeren Touristenstra\u00dfen in Deutschland.<\/li>\n<li><strong>Route<\/strong>: Die Schwarzwaldhochstra\u00dfe beginnt in Baden-Baden und endet in Freudenstadt. \u00dcber weite Teile verl\u00e4uft sie auf einer H\u00f6he von 800 bis 1.000 Metern \u2013 und bietet immer wieder spektakul\u00e4re Ausblicke auf die Landschaft des Nordschwarzwalds.<\/li>\n<li><strong>Reisedauer<\/strong>: Theoretisch k\u00f6nnen Sie die Schwarzwaldhochstra\u00dfe an einem Tag befahren \u2013 inkl. einiger Stopps an den Top-Highlights. Empfehlenswerter ist es allerdings, mindestens ein Wochenende f\u00fcr die Tour mitzubringen. Dank der zahlreichen (Natur-Highlights) gibt es aber auch mehr als genug Abwechslung f\u00fcr einen einw\u00f6chigen Wohnmobil-Urlaub.<\/li>\n<li><strong>Campingpl\u00e4tze<\/strong>: Rund um die Ferienstra\u00dfe gibt es eine ganze Reihe sehr empfehlenswerter Campingpl\u00e4tze mitten in der Natur.<\/li>\n<li><strong>Beste Reisezeit<\/strong>: Als beste Reisezeit f\u00fcr die Schwarzwaldhochstra\u00dfe gelten die warmen Sommermonate zwischen Juni und August. Aber auch die Fr\u00fchlings- und Herbstmonate haben ihren Reiz. Und dank der vielen Skipisten und Rodelbahnen bietet sich sogar <a href=\"https:\/\/www.tuicamper.com\/magazin\/wintercamping\/\">Wintercamping<\/a> Zumal der Blick auf die verschneiten Tannenw\u00e4lder einfach malerisch ist.<\/li>\n<\/ul>\n<\/div><\/section><\/div>\n\n<\/div><\/div><\/div><!-- close content main div --><\/div><\/div><div id='av_section_4'  class='avia-section av-84t325rf-70628dceb9e78f685ef582cebfb5fe65 main_color avia-section-default avia-no-border-styling  avia-builder-el-9  el_after_av_section  el_before_av_section  reduced-content avia-bg-style-scroll container_wrap sidebar_right'  ><div class='container av-section-cont-open' ><div class='template-page content  av-content-small alpha units'><div class='post-entry post-entry-type-page post-entry-100843'><div class='entry-content-wrapper clearfix'>\n\n<style type=\"text\/css\" data-created_by=\"avia_inline_auto\" id=\"style-css-av-nazzjxn-b1abd1cc79a627f1d3d9f2712cb8e885\">\n.flex_column.av-nazzjxn-b1abd1cc79a627f1d3d9f2712cb8e885{\nborder-radius:0px 0px 0px 0px;\npadding:0px 0px 0px 0px;\n}\n<\/style>\n<div  class='flex_column av-nazzjxn-b1abd1cc79a627f1d3d9f2712cb8e885 av_one_full  avia-builder-el-10  avia-builder-el-no-sibling  first flex_column_div av-zero-column-padding  '     ><section  class='av_textblock_section av-6bxjq0rv-75f11b32b15b3a5d33df4cba66f8a32e '   itemscope=\"itemscope\" itemtype=\"https:\/\/schema.org\/BlogPosting\" itemprop=\"blogPost\" ><div class='avia_textblock'  itemprop=\"text\" ><h2>Karte der Sehensw\u00fcrdigkeiten, Aussichtspunkte &amp; Campingpl\u00e4tze<\/h2>\n<\/div><\/section><br \/>\n<\/p><\/div><\/div><\/div><\/div><!-- close content main div --><\/div><\/div><div id='av_section_5'  class='avia-section av-i59c8vf-f87d8ed7bb4ca0914b2635a62c158f14 main_color avia-section-default avia-no-border-styling  avia-builder-el-13  el_after_av_section  el_before_av_section  reduced-content avia-bg-style-scroll container_wrap sidebar_right'  ><div class='container av-section-cont-open' ><div class='template-page content  av-content-small alpha units'><div class='post-entry post-entry-type-page post-entry-100843'><div class='entry-content-wrapper clearfix'>\n\n<style type=\"text\/css\" data-created_by=\"avia_inline_auto\" id=\"style-css-av-bwtim97-df1ff7c497c544058e03142a3d105f5f\">\n.flex_column.av-bwtim97-df1ff7c497c544058e03142a3d105f5f{\nborder-radius:0px 0px 0px 0px;\npadding:0px 0px 0px 0px;\n}\n<\/style>\n<div  class='flex_column av-bwtim97-df1ff7c497c544058e03142a3d105f5f av_one_full  avia-builder-el-14  avia-builder-el-no-sibling  first flex_column_div av-zero-column-padding  '     ><section  class='av_textblock_section av-58vttt7-08618ac3b54e35d0044947174a70a856 '   itemscope=\"itemscope\" itemtype=\"https:\/\/schema.org\/BlogPosting\" itemprop=\"blogPost\" ><div class='avia_textblock'  itemprop=\"text\" ><h3>7 Top-Sehensw\u00fcrdigkeiten entlang der Schwarzwaldhochstra\u00dfe<\/h3>\n<p>Ausflugsm\u00f6glichkeiten gibt es entlang der Schwarzwaldhochstra\u00dfe mehr als genug. Die folgenden sieben Sehensw\u00fcrdigkeiten k\u00f6nnen wir Ihnen ganz besonders ans Herz legen.<\/p>\n<ol>\n<li><strong>Baden-Baden<\/strong>: Die von der Oos durchzogene Kurstadt mit ihrer einzigartigen Architektur ist nicht nur der Startpunkt der Schwarzwaldhochstra\u00dfe, sondern auch eines ihrer wichtigsten Highlights. Ein Spaziergang durch das von gr\u00fcnen W\u00e4ldern ges\u00e4umte Baden-Baden ist absolute Pflicht \u2013 beispielsweise entlang der gr\u00fcnen Lichtentaler Allee. Weiteres Must-see f\u00fcr alle, die dem Nervenkitzel des Gl\u00fccksspiels nicht abgeneigt sind: das prachtvolle Casino Baden-Baden.<\/li>\n<li><strong>Nationalpark Schwarzwald<\/strong>: Etwa zwischen B\u00fchlerh\u00f6he und Ruhestein zieht sich die Schwarzwaldhochstra\u00dfe durch den 2014 gegr\u00fcndeten Nationalpark Schwarzwald \u2013 ein Wanderparadies par excellence. Besonders empfehlenswert ist ein Spaziergang auf dem Walderlebnispfad Lotharpfad. Aber auch rund um den Wildsee gibt es fantastische Wanderrouten. Zum Beispiel die rund 2-st\u00fcndige Wandertour \u201e<a href=\"https:\/\/www.nationalpark-schwarzwald.de\/de\/erleben\/wandern\/tourenvorschlaege\/wildseeblick\" target=\"_blank\" rel=\"noopener\">Wildseeblick<\/a>\u201c.<\/li>\n<li><strong>Geroldsauer Wasserfall<\/strong>: Rund um die Schwarzwaldhochstra\u00dfe gibt es gleich mehrere Wasserf\u00e4lle. Der Geroldsauer, der \u00fcber eine kurze Wanderung von einem nahegelegenen Parkplatz erreicht werden kann, geh\u00f6rt zu den sch\u00f6nsten. Tipp: Besonders sch\u00f6n ist die Wanderung zu dem 6 Meter hohen Wasserfall im Fr\u00fchling, wenn die riesigen Rhododendren in voller Bl\u00fcte stehen.<\/li>\n<li><strong>Mehliskopf<\/strong>: Der rund 1.000 Meter hohe Mehliskopf geh\u00f6rt zu den vielseitigsten Bergk\u00e4mmen des Schwarzwalds. Von der adrenalingeladenen Ganzjahres-Bobbahn \u00fcber einen Klettergarten in luftigen H\u00f6hen bis hin zur Skipiste hat der Mehliskopf alles zu bieten. Auch Wanderer kommen hier voll auf ihre Kosten.<\/li>\n<li><strong>Mummelsee<\/strong>: Der von dichten Tannenw\u00e4ldern umstandene Mummelsee am Fu\u00dfe der Hornisgrinde wirkt geradezu m\u00e4rchenhaft. Eine Wanderung entlang des von moos- und flechtenbewachsenen Felsen und Tannen ges\u00e4umten Seeufers wird von einem geradezu mystischen Flair umgeben.<\/li>\n<li><strong>Klosterruine Allerheiligen<\/strong>: Auch die gotische Klosterruine Allerheiligen am Rande des Nationalparks Schwarzwald wirkt, als sei sie geradewegs einem M\u00e4rchenbuch entsprungen. Sehr empfehlenswert ist eine Wanderung auf dem Allerheiligen-Rundweg, der an einer spektakul\u00e4ren Aussichtsplattform und den sehenswerten Allerheiligen-Wasserf\u00e4llen vorbeif\u00fchrt.<\/li>\n<li><strong>Freudenstadt<\/strong>: Auch der Markplatz von Freudenstadt (Endpunkt der Schwarzwaldhochstra\u00dfe) geh\u00f6rt zu den Top-Sehensw\u00fcrdigkeiten der Schwarzwaldhochstra\u00dfe. Der gr\u00f6\u00dfte Marktplatz Deutschlands wird von Arkaden umgeben und gilt als Wahrzeichen der Stadt.<\/li>\n<\/ol>\n<\/div><\/section><\/div>\n<\/p>\n<\/div><\/div><\/div><!-- close content main div --><\/div><\/div><div id='av_section_6'  class='avia-section av-7oauo4q3-3d02acc76549b5f1d4b5e7da3c0321f5 main_color avia-section-default avia-no-border-styling  avia-builder-el-16  el_after_av_section  el_before_av_section  reduced-content avia-bg-style-scroll container_wrap sidebar_right'  ><div class='container av-section-cont-open' ><div class='template-page content  av-content-small alpha units'><div class='post-entry post-entry-type-page post-entry-100843'><div class='entry-content-wrapper clearfix'>\n\n<style type=\"text\/css\" data-created_by=\"avia_inline_auto\" id=\"style-css-av-7mr1vlnv-c81bc7e3a51fffa731154593b880de80\">\n.avia-image-container.av-7mr1vlnv-c81bc7e3a51fffa731154593b880de80 img.avia_image{\nbox-shadow:none;\n}\n.avia-image-container.av-7mr1vlnv-c81bc7e3a51fffa731154593b880de80 .av-caption-image-overlay-bg{\nopacity:0.4;\nbackground-color:#000000;\n}\n.avia-image-container.av-7mr1vlnv-c81bc7e3a51fffa731154593b880de80 .av-image-caption-overlay-center{\ncolor:#ffffff;\n}\n<\/style>\n<div  class='avia-image-container av-7mr1vlnv-c81bc7e3a51fffa731154593b880de80 av-styling- av-img-linked avia_animated_image av-animated-when-visible-95 fade-in avia-align-center  avia-builder-el-17  el_before_av_hr  avia-builder-el-first  noHover av-overlay-on-hover'   itemprop=\"image\" itemscope=\"itemscope\" itemtype=\"https:\/\/schema.org\/ImageObject\" ><div class=\"avia-image-container-inner\"><div class=\"avia-image-overlay-wrap\"><a href=\"https:\/\/www.tuicamper.com\/wp-docker\/wp-content\/uploads\/2025\/03\/schwarzwaldhochstrasse-mummelsee-1030x644.jpg\" data-srcset=\"https:\/\/www.tuicamper.com\/wp-docker\/wp-content\/uploads\/2025\/03\/schwarzwaldhochstrasse-mummelsee-1030x644.jpg 1030w, https:\/\/www.tuicamper.com\/wp-docker\/wp-content\/uploads\/2025\/03\/schwarzwaldhochstrasse-mummelsee-300x188.jpg 300w, https:\/\/www.tuicamper.com\/wp-docker\/wp-content\/uploads\/2025\/03\/schwarzwaldhochstrasse-mummelsee-768x480.jpg 768w, https:\/\/www.tuicamper.com\/wp-docker\/wp-content\/uploads\/2025\/03\/schwarzwaldhochstrasse-mummelsee-705x441.jpg 705w, https:\/\/www.tuicamper.com\/wp-docker\/wp-content\/uploads\/2025\/03\/schwarzwaldhochstrasse-mummelsee.jpg 1440w\" data-sizes=\"(max-width: 1030px) 100vw, 1030px\" class='avia_image '  aria-label='Mummelsee im Schwarzwald'><div class=\"av-image-caption-overlay\"><div class=\"av-caption-image-overlay-bg\"><\/div><div class=\"av-image-caption-overlay-position\"><div class=\"av-image-caption-overlay-center\"><p>Mummelsee im Schwarzwald<\/p>\n<\/div><\/div><\/div><img decoding=\"async\" fetchpriority=\"high\" class='wp-image-100856 avia-img-lazy-loading-not-100856 avia_image ' src=\"https:\/\/www.tuicamper.com\/wp-docker\/wp-content\/uploads\/2025\/03\/schwarzwaldhochstrasse-mummelsee-845x684.jpg\" alt='' title='Mummelsee im Schwarzwald'  height=\"684\" width=\"845\"  itemprop=\"thumbnailUrl\" srcset=\"https:\/\/www.tuicamper.com\/wp-docker\/wp-content\/uploads\/2025\/03\/schwarzwaldhochstrasse-mummelsee-845x684.jpg 845w, https:\/\/www.tuicamper.com\/wp-docker\/wp-content\/uploads\/2025\/03\/schwarzwaldhochstrasse-mummelsee-495x400.jpg 495w\" sizes=\"(max-width: 845px) 100vw, 845px\" \/><\/a><\/div><\/div><\/div>\n\n<style type=\"text\/css\" data-created_by=\"avia_inline_auto\" id=\"style-css-av-7he4u623-caf5fa19ec6ab89f727b850d2028f653\">\n#top .hr.hr-invisible.av-7he4u623-caf5fa19ec6ab89f727b850d2028f653{\nheight:25px;\n}\n<\/style>\n<div  class='hr av-7he4u623-caf5fa19ec6ab89f727b850d2028f653 hr-invisible  avia-builder-el-18  el_after_av_image  avia-builder-el-last '><span class='hr-inner '><span class=\"hr-inner-style\"><\/span><\/span><\/div>\n\n<\/div><\/div><\/div><!-- close content main div --><\/div><\/div><div id='av_section_7'  class='avia-section av-7bxe9lpn-ede7fa41cb6ca2f0fa156a965442f432 main_color avia-section-default avia-no-border-styling  avia-builder-el-19  el_after_av_section  el_before_av_section  reduced-content avia-bg-style-scroll container_wrap sidebar_right'  ><div class='container av-section-cont-open' ><div class='template-page content  av-content-small alpha units'><div class='post-entry post-entry-type-page post-entry-100843'><div class='entry-content-wrapper clearfix'>\n\n<style type=\"text\/css\" data-created_by=\"avia_inline_auto\" id=\"style-css-av-pulrjor-ff619ff2583d50fdd33e3aab02825b3e\">\n.flex_column.av-pulrjor-ff619ff2583d50fdd33e3aab02825b3e{\nborder-radius:0px 0px 0px 0px;\npadding:0px 0px 0px 0px;\n}\n<\/style>\n<div  class='flex_column av-pulrjor-ff619ff2583d50fdd33e3aab02825b3e av_one_full  avia-builder-el-20  avia-builder-el-no-sibling  first flex_column_div av-zero-column-padding  '     ><section  class='av_textblock_section av-72nvcsx7-6501370a31ccb89e4515ad13711f3d50 '   itemscope=\"itemscope\" itemtype=\"https:\/\/schema.org\/BlogPosting\" itemprop=\"blogPost\" ><div class='avia_textblock'  itemprop=\"text\" ><h3>Die 5 sch\u00f6nsten Aussichtspunkte entlang der Schwarzwaldhochstra\u00dfe<\/h3>\n<p>Panoramablicke \u00fcber dicht bewaldete H\u00f6hen, idyllische Seen und sattgr\u00fcnde T\u00e4ler. Und Aussichten, die bei klarem Wetter bis in das Elsass und die Gebirgswelt der Vogesen reichen. Auf Ihrer Camper-Tour entlang der Schwarzwaldhochstra\u00dfe begegnen Ihnen etliche einzigartige Punkte mit geradezu traumwandlerisch sch\u00f6nen Aussichten. In jedem Fall einen Abstecher wert sind die folgenden:<\/p>\n<ol>\n<li><strong>Hornisgrinde-Aussichtsturm<\/strong>: Auf dem h\u00f6chsten Berg des Nordschwarzwalds thront der burg\u00e4hnliche Aussichtsturm \u2013 und er\u00f6ffnet Besuchern zu jeder Jahreszeit einen einzigartigen Blick auf den Schwarzwald. Gerade, wenn es auf dem Berg w\u00e4rmer ist als im Tal (Inversionswetterlage) ist der Blick von den sonnenverw\u00f6hnten H\u00f6hen auf die Nebelfelder im Tal geradezu magisch. Hinweis: Aktuell (Stand: November 2024) ist der Aussichtsturm wegen Renovierung geschlossen.<\/li>\n<li><strong>Wiedenfelsen \u00fcber B\u00fchlertal<\/strong>: Wer die steilen Stufen zur Aussichtsplattform auf die Granitfelsformation \u00fcberwindet, wird mit einem atemberaubenden Ausblick auf das gesamte B\u00fchlertal bis hin zur Oberrheinebene belohnt.<\/li>\n<li><strong>Mehliskopf-Turm<\/strong>: Kaum weniger spektakul\u00e4r als der Blick vom Hornigsrunde-Aussichtsturm ist der Blick vom Mehliskopf-Turm. Direkt am Gipfelrand gelegen, er\u00f6ffnet der \u00e4lteste aus Stein errichte Aussichtsturm des Nordschwarzwalds einen spektakul\u00e4ren Panoramablick. Im Rahmen von Wanderungen rund um den Gipfel ist der Aussichtspunkt ein absolutes Highlight.<\/li>\n<li><strong>Wildsee-Blick<\/strong>: Hochgelegener Aussichtspunkt mit Blick auf die dichten Nadelw\u00e4lder des Schwarzwalds und den idyllischen \u2013 fast kreisrunden \u2013 Wildsee.<\/li>\n<li><strong>Elbachseeblick<\/strong>: Die im Nationalpark Schwarzwald gelegene h\u00f6lzerne Aussichtsplattform auf dem Stadtgebiet Freudenstadts erstreckt sich \u00fcber 33 Meter \u2013 und gibt den Blick frei auf den faszinierenden Elbachsee, der teilweise von schwimmendem Schwingrasen bedeckt ist. In jeder Hinsicht Instagram-taugliche Fotos sind hier garantiert!<\/li>\n<\/ol>\n<\/div><\/section><\/div>\n\n<\/div><\/div><\/div><!-- close content main div --><\/div><\/div><div id='av_section_8'  class='avia-section av-8fqh84ff-f467a9b01e04af000a272a9b38b53c7a main_color avia-section-default avia-no-border-styling  avia-builder-el-22  el_after_av_section  el_before_av_section  reduced-content avia-bg-style-scroll container_wrap sidebar_right'  ><div class='container av-section-cont-open' ><div class='template-page content  av-content-small alpha units'><div class='post-entry post-entry-type-page post-entry-100843'><div class='entry-content-wrapper clearfix'>\n\n<style type=\"text\/css\" data-created_by=\"avia_inline_auto\" id=\"style-css-av-8b3utwob-db9548ef6bc416bbb24aeb077e6eb30d\">\n.avia-image-container.av-8b3utwob-db9548ef6bc416bbb24aeb077e6eb30d img.avia_image{\nbox-shadow:none;\n}\n.avia-image-container.av-8b3utwob-db9548ef6bc416bbb24aeb077e6eb30d .av-caption-image-overlay-bg{\nopacity:0.4;\nbackground-color:#000000;\n}\n.avia-image-container.av-8b3utwob-db9548ef6bc416bbb24aeb077e6eb30d .av-image-caption-overlay-center{\ncolor:#ffffff;\n}\n<\/style>\n<div  class='avia-image-container av-8b3utwob-db9548ef6bc416bbb24aeb077e6eb30d av-styling- av-img-linked avia_animated_image av-animated-when-visible-95 fade-in avia-align-center  avia-builder-el-23  el_before_av_hr  avia-builder-el-first  noHover av-overlay-on-hover'   itemprop=\"image\" itemscope=\"itemscope\" itemtype=\"https:\/\/schema.org\/ImageObject\" ><div class=\"avia-image-container-inner\"><div class=\"avia-image-overlay-wrap\"><a href=\"https:\/\/www.tuicamper.com\/wp-docker\/wp-content\/uploads\/2025\/03\/schwarzwaldhochstrasse-herbst-1030x644.jpg\" data-srcset=\"https:\/\/www.tuicamper.com\/wp-docker\/wp-content\/uploads\/2025\/03\/schwarzwaldhochstrasse-herbst-1030x644.jpg 1030w, https:\/\/www.tuicamper.com\/wp-docker\/wp-content\/uploads\/2025\/03\/schwarzwaldhochstrasse-herbst-300x188.jpg 300w, https:\/\/www.tuicamper.com\/wp-docker\/wp-content\/uploads\/2025\/03\/schwarzwaldhochstrasse-herbst-768x480.jpg 768w, https:\/\/www.tuicamper.com\/wp-docker\/wp-content\/uploads\/2025\/03\/schwarzwaldhochstrasse-herbst-705x441.jpg 705w, https:\/\/www.tuicamper.com\/wp-docker\/wp-content\/uploads\/2025\/03\/schwarzwaldhochstrasse-herbst.jpg 1440w\" data-sizes=\"(max-width: 1030px) 100vw, 1030px\" class='avia_image '  aria-label='Schwarzwald im Herbst'><div class=\"av-image-caption-overlay\"><div class=\"av-caption-image-overlay-bg\"><\/div><div class=\"av-image-caption-overlay-position\"><div class=\"av-image-caption-overlay-center\"><p>Schwarzwald im Herbst<\/p>\n<\/div><\/div><\/div><img decoding=\"async\" fetchpriority=\"high\" class='wp-image-100853 avia-img-lazy-loading-not-100853 avia_image ' src=\"https:\/\/www.tuicamper.com\/wp-docker\/wp-content\/uploads\/2025\/03\/schwarzwaldhochstrasse-herbst-845x684.jpg\" alt='' title='Schwarzwald im Herbst'  height=\"684\" width=\"845\"  itemprop=\"thumbnailUrl\" srcset=\"https:\/\/www.tuicamper.com\/wp-docker\/wp-content\/uploads\/2025\/03\/schwarzwaldhochstrasse-herbst-845x684.jpg 845w, https:\/\/www.tuicamper.com\/wp-docker\/wp-content\/uploads\/2025\/03\/schwarzwaldhochstrasse-herbst-495x400.jpg 495w\" sizes=\"(max-width: 845px) 100vw, 845px\" \/><\/a><\/div><\/div><\/div>\n\n<style type=\"text\/css\" data-created_by=\"avia_inline_auto\" id=\"style-css-av-86sd4f1n-ee560d09d67af30a57bc366908728f59\">\n#top .hr.hr-invisible.av-86sd4f1n-ee560d09d67af30a57bc366908728f59{\nheight:25px;\n}\n<\/style>\n<div  class='hr av-86sd4f1n-ee560d09d67af30a57bc366908728f59 hr-invisible  avia-builder-el-24  el_after_av_image  avia-builder-el-last '><span class='hr-inner '><span class=\"hr-inner-style\"><\/span><\/span><\/div>\n\n<\/div><\/div><\/div><!-- close content main div --><\/div><\/div><div id='av_section_9'  class='avia-section av-nhj5rvv-e8f14afc44d52bec0687ab53efbde38c main_color avia-section-default avia-no-border-styling  avia-builder-el-25  el_after_av_section  el_before_av_section  reduced-content avia-bg-style-scroll container_wrap sidebar_right'  ><div class='container av-section-cont-open' ><div class='template-page content  av-content-small alpha units'><div class='post-entry post-entry-type-page post-entry-100843'><div class='entry-content-wrapper clearfix'>\n\n<style type=\"text\/css\" data-created_by=\"avia_inline_auto\" id=\"style-css-av-d22z4kr-ab66ebf2e92b472af561eb78eec89595\">\n.flex_column.av-d22z4kr-ab66ebf2e92b472af561eb78eec89595{\nborder-radius:0px 0px 0px 0px;\npadding:0px 0px 0px 0px;\n}\n<\/style>\n<div  class='flex_column av-d22z4kr-ab66ebf2e92b472af561eb78eec89595 av_one_full  avia-builder-el-26  avia-builder-el-no-sibling  first flex_column_div av-zero-column-padding  '     ><section  class='av_textblock_section av-6zttm7f-467f2aa47b29625dfdc35732cf7353d0 '   itemscope=\"itemscope\" itemtype=\"https:\/\/schema.org\/BlogPosting\" itemprop=\"blogPost\" ><div class='avia_textblock'  itemprop=\"text\" ><h3>Empfehlenswerte Campingpl\u00e4tze<\/h3>\n<p>Rund um die Schwarzwaldhochstra\u00dfe gibt es gleich mehrere idyllisch gelegene Campingpl\u00e4tze. Ein idealer R\u00fcckzugsort, um umgeben von unber\u00fchrter Natur die Seele baumeln zu lassen, ist <strong>Naturcamping Sch\u00f6nm\u00fcnz<\/strong> in Baiersbronn. Aber auch das <a href=\"https:\/\/naturcamp-tannenfels.de\/\" target=\"_blank\" rel=\"noopener\"><strong>Natur-Camp Tannenfels<\/strong><\/a> liegt nicht weniger idyllisch am Rande des Nationalparks. Etwas gr\u00f6\u00dfer und hervorragend ausgestattet ist der bei Freudenstadt gelegene Platz <a href=\"https:\/\/www.camping-koenigskanzel.de\/de\" target=\"_blank\" rel=\"noopener\"><strong>H\u00f6hencamping K\u00f6nigskanzel<\/strong><\/a>. Beheiztes Schwimmbad, Fitness, Wellness: Auf dem Campingplatz bleiben kaum W\u00fcnsche offen.<\/p>\n<p>Sogar unmittelbar an der Schwarzwaldhochstra\u00dfe gibt es einige Wohnmobil-Stellpl\u00e4tze, die eine spontane \u00dcbernachtung erlauben. M\u00f6glich ist letzteres \u2013 nach voriger Anmeldung \u2013 etwa auf dem Parkplatz des Restaurants <a href=\"https:\/\/www.hochkopf.de\/index.php\" target=\"_blank\" rel=\"noopener\"><strong>Hochkopf-Stub<\/strong><\/a>.<\/p>\n<\/div><\/section><\/div>\n\n<\/div><\/div><\/div><!-- close content main div --><\/div><\/div><div id='av_section_10'  class='avia-section av-o9ohjhn-1a44b176152762571dd51c134fcb52fd main_color avia-section-default avia-no-border-styling  avia-builder-el-28  el_after_av_section  avia-builder-el-last  reduced-content avia-bg-style-scroll container_wrap sidebar_right'  ><div class='container av-section-cont-open' ><div class='template-page content  av-content-small alpha units'><div class='post-entry post-entry-type-page post-entry-100843'><div class='entry-content-wrapper clearfix'>\n<div  class='avia-button-wrap av-1xgmqjv-0552f9e894bf99dadf42d674d2989eac-wrap avia-button-center  avia-builder-el-29  el_before_av_one_full  avia-builder-el-first '><a href='https:\/\/www.tuicamper.com\/reiseziele\/europa\/deutschland\/'  class='avia-button av-1xgmqjv-0552f9e894bf99dadf42d674d2989eac av-link-btn avia-icon_select-yes-right-icon avia-size-large avia-position-center avia-color-theme-color'   aria-label=\"Jetzt Wohnmobil mieten f\u00fcr Deutschland\"><span class='avia_iconbox_title' >Jetzt Wohnmobil mieten f\u00fcr Deutschland<\/span><span class='avia_button_icon avia_button_icon_right avia-iconfont avia-font-entypo-fontello' data-av_icon='\ue875' data-av_iconfont='entypo-fontello' ><\/span><\/a><\/div>\n\n<style type=\"text\/css\" data-created_by=\"avia_inline_auto\" id=\"style-css-av-grskqi3-0b307bc09a45846eb9e3082285448f39\">\n.flex_column.av-grskqi3-0b307bc09a45846eb9e3082285448f39{\nborder-radius:0px 0px 0px 0px;\npadding:0px 0px 0px 0px;\n}\n<\/style>\n<div  class='flex_column av-grskqi3-0b307bc09a45846eb9e3082285448f39 av_one_full  avia-builder-el-30  el_after_av_button  el_before_av_social_share  first flex_column_div av-zero-column-padding  '     ><style type=\"text\/css\" data-created_by=\"avia_inline_auto\" id=\"style-css-av-c4a142z-eeea68f29b2b2a02b3edd62f41ad4d0c\">\n#top .av_textblock_section.av-c4a142z-eeea68f29b2b2a02b3edd62f41ad4d0c .avia_textblock{\nfont-size:28px;\n}\n<\/style>\n<section  class='av_textblock_section av-c4a142z-eeea68f29b2b2a02b3edd62f41ad4d0c '   itemscope=\"itemscope\" itemtype=\"https:\/\/schema.org\/BlogPosting\" itemprop=\"blogPost\" ><div class='avia_textblock'  itemprop=\"text\" ><p><strong>Ihr TUI CAMPER-Team w\u00fcnscht Ihnen eine aussichtsreiche Wohnmobil-Tour entlang der Schwarzwaldhochstra\u00dfe!<\/strong><\/p>\n<\/div><\/section><\/div><div  class='av-social-sharing-box av-8cke1yj-029783d40a56b9df91cf3a37390ba7bb av-social-sharing-box-default  avia-builder-el-32  el_after_av_one_full  avia-builder-el-last  av-social-sharing-box-fullwidth'><div class=\"av-share-box\"><ul class=\"av-share-box-list noLightbox\"><li class='av-share-link av-social-link-facebook avia_social_iconfont' ><a target=\"_blank\" aria-label=\"Teilen auf Facebook\" href='https:\/\/www.facebook.com\/sharer.php?u=https:\/\/www.tuicamper.com\/magazin\/schwarzwaldhochstrasse-mit-dem-wohnmobil\/&#038;t=Schwarzwaldhochstra%C3%9Fe%3A%20Mit%20dem%20Wohnmobil%20durch%20unber%C3%BChrte%20Naturlandschaften' data-av_icon='\ue8f3' data-av_iconfont='entypo-fontello'  title='' data-avia-related-tooltip='Teilen auf Facebook'><span class='avia_hidden_link_text'>Teilen auf Facebook<\/span><\/a><\/li><li class='av-share-link av-social-link-twitter avia_social_iconfont' ><a target=\"_blank\" aria-label=\"Teilen auf X\" href='https:\/\/twitter.com\/share?text=Schwarzwaldhochstra%C3%9Fe%3A%20Mit%20dem%20Wohnmobil%20durch%20unber%C3%BChrte%20Naturlandschaften&#038;url=https:\/\/www.tuicamper.com\/magazin\/schwarzwaldhochstrasse-mit-dem-wohnmobil\/' data-av_icon='\ue932' data-av_iconfont='entypo-fontello'  title='' data-avia-related-tooltip='Teilen auf X'><span class='avia_hidden_link_text'>Teilen auf X<\/span><\/a><\/li><li class='av-share-link av-social-link-whatsapp avia_social_iconfont' ><a target=\"_blank\" aria-label=\"Teilen auf WhatsApp\" href='https:\/\/api.whatsapp.com\/send?text=https:\/\/www.tuicamper.com\/magazin\/schwarzwaldhochstrasse-mit-dem-wohnmobil\/' data-av_icon='\uf232' data-av_iconfont='entypo-fontello'  title='' data-avia-related-tooltip='Teilen auf WhatsApp'><span class='avia_hidden_link_text'>Teilen auf WhatsApp<\/span><\/a><\/li><li class='av-share-link av-social-link-pinterest avia_social_iconfont' ><a target=\"_blank\" aria-label=\"Teilen auf Pinterest\" href='https:\/\/pinterest.com\/pin\/create\/button\/?url=https%3A%2F%2Fwww.tuicamper.com%2Fmagazin%2Fschwarzwaldhochstrasse-mit-dem-wohnmobil%2F&#038;description=Schwarzwaldhochstra%C3%9Fe%3A%20Mit%20dem%20Wohnmobil%20durch%20unber%C3%BChrte%20Naturlandschaften&#038;media=https%3A%2F%2Fwww.tuicamper.com%2Fwp-docker%2Fwp-content%2Fuploads%2F2025%2F03%2Fschwarzwaldhochstrasse-header-705x271.jpg' data-av_icon='\ue8f8' data-av_iconfont='entypo-fontello'  title='' data-avia-related-tooltip='Teilen auf Pinterest'><span class='avia_hidden_link_text'>Teilen auf Pinterest<\/span><\/a><\/li><li class='av-share-link av-social-link-mail avia_social_iconfont' ><a  aria-label=\"Per E-Mail teilen\" href='mailto:?subject=Schwarzwaldhochstra%C3%9Fe%3A%20Mit%20dem%20Wohnmobil%20durch%20unber%C3%BChrte%20Naturlandschaften&#038;body=https:\/\/www.tuicamper.com\/magazin\/schwarzwaldhochstrasse-mit-dem-wohnmobil\/' data-av_icon='\ue805' data-av_iconfont='entypo-fontello'  title='' data-avia-related-tooltip='Per E-Mail teilen'><span class='avia_hidden_link_text'>Per E-Mail teilen<\/span><\/a><\/li><\/ul><\/div><\/div>\n<\/div><\/div><\/div><!-- close content main div --><\/div><\/div><div id='after_section_10'  class='main_color av_default_container_wrap container_wrap sidebar_right'  ><div class='container av-section-cont-open' ><div class='template-page content  av-content-small alpha units'><div class='post-entry post-entry-type-page post-entry-100843'><div class='entry-content-wrapper clearfix'>\n","protected":false},"excerpt":{"rendered":"<p>\u00dcber 60 Kilometer f\u00fchrt Sie die Schwarzwaldhochstra\u00dfe durch die unwiderstehliche Landschaft des Schwarzwalds. Wir stellen Ihnen die Highlights einer Tour vor!<\/p>\n","protected":false},"author":5,"featured_media":100846,"comment_status":"open","ping_status":"open","sticky":false,"template":"","format":"standard","meta":{"footnotes":""},"categories":[33],"tags":[28,50],"class_list":["post-100843","post","type-post","status-publish","format-standard","has-post-thumbnail","hentry","category-reisethema","tag-deutschland","tag-natur"],"yoast_head":"<!-- This site is optimized with the Yoast SEO plugin v27.4 - https:\/\/yoast.com\/product\/yoast-seo-wordpress\/ -->\n<title>Schwarzwaldhochstra\u00dfe: Einzigartiges Erlebnis - TUI CAMPER<\/title>\n<meta name=\"description\" content=\"Von Baden-Baden nach Freudenstadt: Entdecken Sie die atemberaubenden (Natur-)Highlights der 60 km langen Ferienstra\u00dfe mit dem Wohnmobil!\" \/>\n<meta name=\"robots\" content=\"index, follow, max-snippet:-1, max-image-preview:large, max-video-preview:-1\" \/>\n<link rel=\"canonical\" href=\"https:\/\/www.tuicamper.com\/magazin\/schwarzwaldhochstrasse-mit-dem-wohnmobil\/\" \/>\n<meta property=\"og:locale\" content=\"de_DE\" \/>\n<meta property=\"og:type\" content=\"article\" \/>\n<meta property=\"og:title\" content=\"Schwarzwaldhochstra\u00dfe: Einzigartiges Erlebnis - TUI CAMPER\" \/>\n<meta property=\"og:description\" content=\"Von Baden-Baden nach Freudenstadt: Entdecken Sie die atemberaubenden (Natur-)Highlights der 60 km langen Ferienstra\u00dfe mit dem Wohnmobil!\" \/>\n<meta property=\"og:url\" content=\"https:\/\/www.tuicamper.com\/magazin\/schwarzwaldhochstrasse-mit-dem-wohnmobil\/\" \/>\n<meta property=\"og:site_name\" content=\"TUI Camper Magazin\" \/>\n<meta property=\"article:published_time\" content=\"2025-03-27T14:45:37+00:00\" \/>\n<meta property=\"og:image\" content=\"https:\/\/www.tuicamper.com\/wp-docker\/wp-content\/uploads\/2025\/03\/schwarzwaldhochstrasse-header.jpg\" \/>\n\t<meta property=\"og:image:width\" content=\"1280\" \/>\n\t<meta property=\"og:image:height\" content=\"492\" \/>\n\t<meta property=\"og:image:type\" content=\"image\/jpeg\" \/>\n<meta name=\"author\" content=\"Olli\" \/>\n<meta name=\"twitter:card\" content=\"summary_large_image\" \/>\n<meta name=\"twitter:label1\" content=\"Verfasst von\" \/>\n\t<meta name=\"twitter:data1\" content=\"Olli\" \/>\n\t<meta name=\"twitter:label2\" content=\"Gesch\u00e4tzte Lesezeit\" \/>\n\t<meta name=\"twitter:data2\" content=\"6\u00a0Minuten\" \/>\n<!-- \/ Yoast SEO plugin. -->","yoast_head_json":{"title":"Schwarzwaldhochstra\u00dfe: Einzigartiges Erlebnis - TUI CAMPER","description":"Von Baden-Baden nach Freudenstadt: Entdecken Sie die atemberaubenden (Natur-)Highlights der 60 km langen Ferienstra\u00dfe mit dem Wohnmobil!","robots":{"index":"index","follow":"follow","max-snippet":"max-snippet:-1","max-image-preview":"max-image-preview:large","max-video-preview":"max-video-preview:-1"},"canonical":"https:\/\/www.tuicamper.com\/magazin\/schwarzwaldhochstrasse-mit-dem-wohnmobil\/","og_locale":"de_DE","og_type":"article","og_title":"Schwarzwaldhochstra\u00dfe: Einzigartiges Erlebnis - TUI CAMPER","og_description":"Von Baden-Baden nach Freudenstadt: Entdecken Sie die atemberaubenden (Natur-)Highlights der 60 km langen Ferienstra\u00dfe mit dem Wohnmobil!","og_url":"https:\/\/www.tuicamper.com\/magazin\/schwarzwaldhochstrasse-mit-dem-wohnmobil\/","og_site_name":"TUI Camper Magazin","article_published_time":"2025-03-27T14:45:37+00:00","og_image":[{"width":1280,"height":492,"url":"https:\/\/www.tuicamper.com\/wp-docker\/wp-content\/uploads\/2025\/03\/schwarzwaldhochstrasse-header.jpg","type":"image\/jpeg"}],"author":"Olli","twitter_card":"summary_large_image","twitter_misc":{"Verfasst von":"Olli","Gesch\u00e4tzte Lesezeit":"6\u00a0Minuten"},"schema":{"@context":"https:\/\/schema.org","@graph":[{"@type":"Article","@id":"https:\/\/www.tuicamper.com\/magazin\/schwarzwaldhochstrasse-mit-dem-wohnmobil\/#article","isPartOf":{"@id":"https:\/\/www.tuicamper.com\/magazin\/schwarzwaldhochstrasse-mit-dem-wohnmobil\/"},"author":{"name":"Olli","@id":"https:\/\/www.tuicamper.com\/wp-docker\/#\/schema\/person\/98975e733813f701672fd75ef9df8b69"},"headline":"Schwarzwaldhochstra\u00dfe: Mit dem Wohnmobil durch unber\u00fchrte Naturlandschaften","datePublished":"2025-03-27T14:45:37+00:00","mainEntityOfPage":{"@id":"https:\/\/www.tuicamper.com\/magazin\/schwarzwaldhochstrasse-mit-dem-wohnmobil\/"},"wordCount":3887,"commentCount":0,"image":{"@id":"https:\/\/www.tuicamper.com\/magazin\/schwarzwaldhochstrasse-mit-dem-wohnmobil\/#primaryimage"},"thumbnailUrl":"https:\/\/www.tuicamper.com\/wp-docker\/wp-content\/uploads\/2025\/03\/schwarzwaldhochstrasse-header.jpg","keywords":["Deutschland","Natur"],"articleSection":["Reisethema"],"inLanguage":"de","potentialAction":[{"@type":"CommentAction","name":"Comment","target":["https:\/\/www.tuicamper.com\/magazin\/schwarzwaldhochstrasse-mit-dem-wohnmobil\/#respond"]}]},{"@type":"WebPage","@id":"https:\/\/www.tuicamper.com\/magazin\/schwarzwaldhochstrasse-mit-dem-wohnmobil\/","url":"https:\/\/www.tuicamper.com\/magazin\/schwarzwaldhochstrasse-mit-dem-wohnmobil\/","name":"Schwarzwaldhochstra\u00dfe: Einzigartiges Erlebnis - TUI CAMPER","isPartOf":{"@id":"https:\/\/www.tuicamper.com\/#website"},"primaryImageOfPage":{"@id":"https:\/\/www.tuicamper.com\/magazin\/schwarzwaldhochstrasse-mit-dem-wohnmobil\/#primaryimage"},"image":{"@id":"https:\/\/www.tuicamper.com\/magazin\/schwarzwaldhochstrasse-mit-dem-wohnmobil\/#primaryimage"},"thumbnailUrl":"https:\/\/www.tuicamper.com\/wp-content\/uploads\/2025\/03\/schwarzwaldhochstrasse-header.jpg","datePublished":"2025-03-27T14:45:37+00:00","author":{"@id":"https:\/\/www.tuicamper.com\/#\/schema\/person\/98975e733813f701672fd75ef9df8b69"},"description":"Von Baden-Baden nach Freudenstadt: Entdecken Sie die atemberaubenden (Natur-)Highlights der 60 km langen Ferienstra\u00dfe mit dem Wohnmobil!","breadcrumb":{"@id":"https:\/\/www.tuicamper.com\/magazin\/schwarzwaldhochstrasse-mit-dem-wohnmobil\/#breadcrumb"},"inLanguage":"de","potentialAction":["Array"]},{"@type":"ImageObject","inLanguage":"de","@id":"https:\/\/www.tuicamper.com\/magazin\/schwarzwaldhochstrasse-mit-dem-wohnmobil\/#primaryimage","url":"https:\/\/www.tuicamper.com\/wp-docker\/wp-content\/uploads\/2025\/03\/schwarzwaldhochstrasse-header.jpg","contentUrl":"https:\/\/www.tuicamper.com\/wp-docker\/wp-content\/uploads\/2025\/03\/schwarzwaldhochstrasse-header.jpg","width":1280,"height":492},{"@type":"BreadcrumbList","@id":"https:\/\/www.tuicamper.com\/magazin\/schwarzwaldhochstrasse-mit-dem-wohnmobil\/#breadcrumb","itemListElement":[{"@type":"ListItem","position":1,"name":"Startseite","item":"https:\/\/www.tuicamper.com\/wp-docker\/"},{"@type":"ListItem","position":2,"name":"Schwarzwaldhochstra\u00dfe: Mit dem Wohnmobil durch unber\u00fchrte Naturlandschaften"}]},{"@type":"WebSite","@id":"https:\/\/www.tuicamper.com\/#website","url":"https:\/\/www.tuicamper.com\/","name":"TUI Camper Magazin","description":"","potentialAction":["Array"],"inLanguage":"de"},{"@type":"Person","@id":"https:\/\/www.tuicamper.com\/wp-docker\/#\/schema\/person\/98975e733813f701672fd75ef9df8b69","name":"Olli","image":{"@type":"ImageObject","inLanguage":"de","@id":"https:\/\/secure.gravatar.com\/avatar\/4529b17b9a4dec34d38f705f89e1db8c906d30537b64d795d775d528c07951ff?s=96&d=mm&r=g","url":"https:\/\/secure.gravatar.com\/avatar\/4529b17b9a4dec34d38f705f89e1db8c906d30537b64d795d775d528c07951ff?s=96&d=mm&r=g","contentUrl":"https:\/\/secure.gravatar.com\/avatar\/4529b17b9a4dec34d38f705f89e1db8c906d30537b64d795d775d528c07951ff?s=96&d=mm&r=g","caption":"Olli"},"url":"https:\/\/www.tuicamper.com\/wp-docker\/magazin\/author\/olli\/"}]}},"_links":{"self":[{"href":"https:\/\/www.tuicamper.com\/wp-docker\/wp-json\/wp\/v2\/posts\/100843","targetHints":{"allow":["GET"]}}],"collection":[{"href":"https:\/\/www.tuicamper.com\/wp-docker\/wp-json\/wp\/v2\/posts"}],"about":[{"href":"https:\/\/www.tuicamper.com\/wp-docker\/wp-json\/wp\/v2\/types\/post"}],"author":[{"embeddable":true,"href":"https:\/\/www.tuicamper.com\/wp-docker\/wp-json\/wp\/v2\/users\/5"}],"replies":[{"embeddable":true,"href":"https:\/\/www.tuicamper.com\/wp-docker\/wp-json\/wp\/v2\/comments?post=100843"}],"version-history":[{"count":14,"href":"https:\/\/www.tuicamper.com\/wp-docker\/wp-json\/wp\/v2\/posts\/100843\/revisions"}],"predecessor-version":[{"id":100860,"href":"https:\/\/www.tuicamper.com\/wp-docker\/wp-json\/wp\/v2\/posts\/100843\/revisions\/100860"}],"wp:featuredmedia":[{"embeddable":true,"href":"https:\/\/www.tuicamper.com\/wp-docker\/wp-json\/wp\/v2\/media\/100846"}],"wp:attachment":[{"href":"https:\/\/www.tuicamper.com\/wp-docker\/wp-json\/wp\/v2\/media?parent=100843"}],"wp:term":[{"taxonomy":"category","embeddable":true,"href":"https:\/\/www.tuicamper.com\/wp-docker\/wp-json\/wp\/v2\/categories?post=100843"},{"taxonomy":"post_tag","embeddable":true,"href":"https:\/\/www.tuicamper.com\/wp-docker\/wp-json\/wp\/v2\/tags?post=100843"}],"curies":[{"name":"wp","href":"https:\/\/api.w.org\/{rel}","templated":true}]}}