{"id":1005,"date":"2019-05-02T15:42:58","date_gmt":"2019-05-02T13:42:58","guid":{"rendered":"https:\/\/www.tuicamper.com\/wp-docker\/?p=1005"},"modified":"2019-05-03T11:48:56","modified_gmt":"2019-05-03T09:48:56","slug":"beste-reisezeit-norwegen","status":"publish","type":"post","link":"https:\/\/www.tuicamper.com\/magazin\/beste-reisezeit-norwegen\/","title":{"rendered":"Beste Reisezeit Norwegen: Wetter &#038; Reisezeit f\u00fcr alle Regionen"},"content":{"rendered":"<div id='av_section_1'  class='avia-section av-jt5vrdgv-4386718e65b314e69682ca60ae604601 main_color avia-section-default avia-no-border-styling  avia-builder-el-0  el_before_av_textblock  avia-builder-el-first  reduced-content avia-bg-style-scroll container_wrap sidebar_right'  ><div class='container av-section-cont-open' ><main  role=\"main\" itemprop=\"mainContentOfPage\"  class='template-page content  av-content-small alpha units'><div class='post-entry post-entry-type-page post-entry-1005'><div class='entry-content-wrapper clearfix'>\n\n<style type=\"text\/css\" data-created_by=\"avia_inline_auto\" id=\"style-css-av-1g5aou-6e8505d9de1136ce38f66b0d0e5d2a36\">\n.flex_column.av-1g5aou-6e8505d9de1136ce38f66b0d0e5d2a36{\nborder-radius:0px 0px 0px 0px;\npadding:0px 0px 0px 0px;\n}\n<\/style>\n<div  class='flex_column av-1g5aou-6e8505d9de1136ce38f66b0d0e5d2a36 av_one_full  avia-builder-el-1  avia-builder-el-no-sibling  first flex_column_div av-zero-column-padding  '     ><section  class='av_textblock_section av-jt5tjyk0-1e04ddf86ca9bd8201b4b17bbb4a6491 '   itemscope=\"itemscope\" itemtype=\"https:\/\/schema.org\/BlogPosting\" itemprop=\"blogPost\" ><div class='avia_textblock'  itemprop=\"text\" ><p>Norwegen, das skandinavische Land hat Campern viel zu bieten. Traumhafte Fjorde und eine vielf\u00e4ltige Natur warten ebenso darauf, erkundet zu werden wie pulsierende Metropolen \u2013 allen voran\u00a0<a href=\"https:\/\/www.tuicamper.com\/reiseziele\/europa\/norwegen\/oslo\/\">Oslo<\/a>. Dabei schw\u00f6ren viele Wohnmobil-Urlauber auf den Sommer, wo es auch die traumwandlerisch sch\u00f6ne Mitternachtssonne zu bestaunen gibt. Doch\u00a0<a href=\"https:\/\/www.tuicamper.com\/reiseziele\/europa\/norwegen\/\">Norwegen<\/a>\u00a0lockt auch abseits der warmen Jahreszeit. Spektakul\u00e4re Naturschauspiele wie die Polarlichter lassen sich nur im Sp\u00e4therbst und Winter erleben \u2013 und das nicht im beliebten S\u00fcden, sondern hoch im Norden. So ist Norwegen in puncto beste Reisezeit ein wahrer Flickenteppich. Grund genug f\u00fcr uns, Ihnen einige n\u00fctzliche Reisezeitempfehlungen an die Hand zu geben!<\/p>\n<\/div><\/section><\/div>\n<\/div><\/div><\/main><!-- close content main element --><\/div><\/div><div id='after_section_1'  class='main_color av_default_container_wrap container_wrap sidebar_right'  ><div class='container av-section-cont-open' ><div class='template-page content  av-content-small alpha units'><div class='post-entry post-entry-type-page post-entry-1005'><div class='entry-content-wrapper clearfix'>\n<section  class='av_textblock_section av-jtpqpty6-550c066a997ebaf648fccc87d0b9ff16 '   itemscope=\"itemscope\" itemtype=\"https:\/\/schema.org\/BlogPosting\" itemprop=\"blogPost\" ><div class='avia_textblock'  itemprop=\"text\" >\n<\/div><\/section>\n<\/div><\/div><\/div><!-- close content main div --><\/div><\/div><div id='av_section_2'  class='avia-section av-jt5vrdgv-4386718e65b314e69682ca60ae604601 main_color avia-section-default avia-no-border-styling  avia-builder-el-4  el_after_av_textblock  el_before_av_section  reduced-content avia-bg-style-scroll container_wrap sidebar_right'  ><div class='container av-section-cont-open' ><div class='template-page content  av-content-small alpha units'><div class='post-entry post-entry-type-page post-entry-1005'><div class='entry-content-wrapper clearfix'>\n<section  class='av_textblock_section av-jt5tjyk0-1e04ddf86ca9bd8201b4b17bbb4a6491 '   itemscope=\"itemscope\" itemtype=\"https:\/\/schema.org\/BlogPosting\" itemprop=\"blogPost\" ><div class='avia_textblock'  itemprop=\"text\" ><div id=\"js-table-of-contents\">\r\n    <strong>Inhaltsverzeichnis<\/strong>\r\n<\/div>\n<\/div><\/section>\n\n<\/div><\/div><\/div><!-- close content main div --><\/div><\/div><div id='av_section_3'  class='avia-section av-jt5vrdgv-4386718e65b314e69682ca60ae604601 main_color avia-section-default avia-no-border-styling  avia-builder-el-6  el_after_av_section  el_before_av_section  reduced-content avia-bg-style-scroll container_wrap sidebar_right'  ><div class='container av-section-cont-open' ><div class='template-page content  av-content-small alpha units'><div class='post-entry post-entry-type-page post-entry-1005'><div class='entry-content-wrapper clearfix'>\n\n<style type=\"text\/css\" data-created_by=\"avia_inline_auto\" id=\"style-css-av-1g5aou-6e8505d9de1136ce38f66b0d0e5d2a36\">\n.flex_column.av-1g5aou-6e8505d9de1136ce38f66b0d0e5d2a36{\nborder-radius:0px 0px 0px 0px;\npadding:0px 0px 0px 0px;\n}\n<\/style>\n<div  class='flex_column av-1g5aou-6e8505d9de1136ce38f66b0d0e5d2a36 av_one_full  avia-builder-el-7  avia-builder-el-no-sibling  first flex_column_div av-zero-column-padding  '     ><section  class='av_textblock_section av-jt5tjyk0-1e04ddf86ca9bd8201b4b17bbb4a6491 '   itemscope=\"itemscope\" itemtype=\"https:\/\/schema.org\/BlogPosting\" itemprop=\"blogPost\" ><div class='avia_textblock'  itemprop=\"text\" ><h2>Allgemeine Hinweise zu Wetter und Reisezeit<\/h2>\n<p>Norwegen weist eine Reihe klimatischer Besonderheiten auf, die Camper kennen sollten. Beachten Sie im Zusammenhang mit Ihrem Wohnmobil-Urlaub insbesondere die folgenden Punkte:<\/p>\n<ul>\n<li>Trotz seiner n\u00f6rdlichen Lage ist das Klima in Norwegen vergleichsweise mild.<\/li>\n<li>In Folge der starken Nord-S\u00fcd-Ausdehnung sowie dem das Land teilende Skandinavische Gebirge, gibt es mehrere Klimazonen.<\/li>\n<li>Die K\u00fcstengebiete sind deutlich w\u00e4rmer als das Landesinnere, daf\u00fcr f\u00e4llt hier aber auch mehr Regen.<\/li>\n<li>Die norwegische Hauptsaison reicht von Juli bis August. Zu dieser Zeit sind die Preise generell am h\u00f6chsten.<\/li>\n<li>Zwischen Mai und September k\u00f6nnen nahezu alle Regionen Norwegens bereist werden.<\/li>\n<\/ul>\n<p>Zwar gilt der Sommer in ganz Norwegen als gute Reisezeit, allzu pauschale Empfehlungen zur besten Reisezeit sind f\u00fcr das langgestreckte Norwegen aber nicht m\u00f6glich. Im Folgenden geben wir Ihnen einen \u00dcberblick \u00fcber die beste Reisezeit in den unterschiedlichen Regionen und beliebtesten Reisezielen Norwegens.<\/p>\n<\/div><\/section><\/div>\n\n<\/div><\/div><\/div><!-- close content main div --><\/div><\/div><div id='av_section_4'  class='avia-section av-b7gvl-1eb57de5f7b7a94c40602e8cf977ebb0 main_color avia-section-default avia-no-border-styling  avia-builder-el-9  el_after_av_section  el_before_av_section  reduced-content avia-bg-style-scroll container_wrap sidebar_right'  ><div class='container av-section-cont-open' ><div class='template-page content  av-content-small alpha units'><div class='post-entry post-entry-type-page post-entry-1005'><div class='entry-content-wrapper clearfix'>\n\n<style type=\"text\/css\" data-created_by=\"avia_inline_auto\" id=\"style-css-av-jtplvt5k-63322854bf2ae2c8946a0aab4ec65f1c\">\n.avia-image-container.av-jtplvt5k-63322854bf2ae2c8946a0aab4ec65f1c img.avia_image{\nbox-shadow:none;\n}\n.avia-image-container.av-jtplvt5k-63322854bf2ae2c8946a0aab4ec65f1c .av-caption-image-overlay-bg{\nopacity:0.4;\nbackground-color:#000000;\n}\n.avia-image-container.av-jtplvt5k-63322854bf2ae2c8946a0aab4ec65f1c .av-image-caption-overlay-center{\ncolor:#ffffff;\n}\n<\/style>\n<div  class='avia-image-container av-jtplvt5k-63322854bf2ae2c8946a0aab4ec65f1c av-styling- av-img-linked avia_animated_image av-animated-when-visible-95 fade-in avia-align-center  avia-builder-el-10  avia-builder-el-no-sibling  noHover av-overlay-on-hover'   itemprop=\"image\" itemscope=\"itemscope\" itemtype=\"https:\/\/schema.org\/ImageObject\" ><div class=\"avia-image-container-inner\"><div class=\"avia-image-overlay-wrap\"><a href=\"https:\/\/www.tuicamper.com\/wp-docker\/wp-content\/uploads\/2019\/04\/fjord-in-norwegen-1030x686.jpg\" data-srcset=\"https:\/\/www.tuicamper.com\/wp-docker\/wp-content\/uploads\/2019\/04\/fjord-in-norwegen-1030x686.jpg 1030w, https:\/\/www.tuicamper.com\/wp-docker\/wp-content\/uploads\/2019\/04\/fjord-in-norwegen-300x200.jpg 300w, https:\/\/www.tuicamper.com\/wp-docker\/wp-content\/uploads\/2019\/04\/fjord-in-norwegen-768x512.jpg 768w, https:\/\/www.tuicamper.com\/wp-docker\/wp-content\/uploads\/2019\/04\/fjord-in-norwegen-705x470.jpg 705w, https:\/\/www.tuicamper.com\/wp-docker\/wp-content\/uploads\/2019\/04\/fjord-in-norwegen-450x300.jpg 450w, https:\/\/www.tuicamper.com\/wp-docker\/wp-content\/uploads\/2019\/04\/fjord-in-norwegen.jpg 1280w\" data-sizes=\"(max-width: 1030px) 100vw, 1030px\" class='avia_image '  aria-label='Der Lysefjord bei bestem Wetter'><div class=\"av-image-caption-overlay\"><div class=\"av-caption-image-overlay-bg\"><\/div><div class=\"av-image-caption-overlay-position\"><div class=\"av-image-caption-overlay-center\"><p>Der Lysefjord bei bestem Wetter<\/p>\n<\/div><\/div><\/div><img decoding=\"async\" fetchpriority=\"high\" class='wp-image-1922 avia-img-lazy-loading-not-1922 avia_image ' src=\"https:\/\/www.tuicamper.com\/wp-docker\/wp-content\/uploads\/2019\/04\/fjord-in-norwegen-1280x630.jpg\" alt='Der Lysefjord bei bestem Wetter' title='Der Lysefjord bei bestem Wetter'  height=\"630\" width=\"1280\"  itemprop=\"thumbnailUrl\"  \/><\/a><\/div><\/div><\/div>\n\n<\/div><\/div><\/div><!-- close content main div --><\/div><\/div><div id='av_section_5'  class='avia-section av-jt5vrdgv-4386718e65b314e69682ca60ae604601 main_color avia-section-default avia-no-border-styling  avia-builder-el-11  el_after_av_section  el_before_av_section  reduced-content avia-bg-style-scroll container_wrap sidebar_right'  ><div class='container av-section-cont-open' ><div class='template-page content  av-content-small alpha units'><div class='post-entry post-entry-type-page post-entry-1005'><div class='entry-content-wrapper clearfix'>\n<section  class='av_textblock_section av-jt5tjyk0-1e04ddf86ca9bd8201b4b17bbb4a6491 '   itemscope=\"itemscope\" itemtype=\"https:\/\/schema.org\/BlogPosting\" itemprop=\"blogPost\" ><div class='avia_textblock'  itemprop=\"text\" ><h2>Beste Reisezeit Norwegen: Alle Regionen im \u00dcberblick<\/h2>\n<\/div><\/section>\n<div class='avia-data-table-wrap av-a9jgj-53f71681cba0224d9b46ce797a9f78d7 avia_scrollable_table avia-table-1'><table  class='avia-table avia-data-table avia_pricing_default  avia-builder-el-13  el_after_av_textblock  avia-builder-el-last '  itemscope=\"itemscope\" itemtype=\"https:\/\/schema.org\/Table\" ><tbody><tr class='avia-heading-row'><th class='avia-highlight-col'>REGIONEN IN NORWEGEN<\/th><th class='avia-highlight-col'>GUTE REISEZEIT<\/th><th class='avia-highlight-col'>BESTE REISEZEIT<\/th><th class='avia-highlight-col'>ANMERKUNG<\/th><\/tr><tr class=''><td class='avia-highlight-col'><a href=\"#norwegens-sden\">S\u00fcden<\/a><\/td><td class='avia-highlight-col'>April \u2013 Oktober<\/td><td class='avia-highlight-col'>Mai \u2013 Juni, September<\/td><td class='avia-highlight-col'>\u2022 Hochsaison im Juli und August<\/td><\/tr><tr class=''><td class='avia-highlight-col'>Oslo<\/td><td class='avia-highlight-col'>Ganzj\u00e4hrig<\/td><td class='avia-highlight-col'>Mai \u2013 September<\/td><td class='avia-highlight-col'>\u2022 Im Winter kann es auch in Oslo empfindlich kalt werden<\/td><\/tr><tr class=''><td class='avia-highlight-col'><a href=\"#norwegens-osten\">Osten<\/a><\/td><td class='avia-highlight-col'>September<\/td><td class='avia-highlight-col'>Juni \u2013 August<\/td><td class='avia-highlight-col'>\u2022 Warme Sommer, sehr kalte Winter<br \/>\n\u2022 Temperaturen an der K\u00fcste milder<\/td><\/tr><tr class=''><td class='avia-highlight-col'><a href=\"#norwegens-westen\">Westen<\/a><\/td><td class='avia-highlight-col'>Mai, Oktober<\/td><td class='avia-highlight-col'>Juni \u2013 September<\/td><td class='avia-highlight-col'>\u2022 Mildere Temperaturen an der K\u00fcste<br \/>\n\u2022 Mehr Niederschl\u00e4ge als in anderen Landesteilen<\/td><\/tr><tr class=''><td class='avia-highlight-col'>Bergen<\/td><td class='avia-highlight-col'>Mai, Oktober<\/td><td class='avia-highlight-col'>Juni \u2013 September<\/td><td class='avia-highlight-col'>\u2022 Extrem regenreich<\/td><\/tr><tr class=''><td class='avia-highlight-col'><a href=\"#norwegens-norden\">Norden<\/a><\/td><td class='avia-highlight-col'>Oktober \u2013 M\u00e4rz<\/td><td class='avia-highlight-col'>Juni \u2013 August<\/td><td class='avia-highlight-col'>\u2022 Polarlichter von Oktober bis M\u00e4rz, beste Chancen im Oktober, Februar und M\u00e4rz<br \/>\n\u2022 Mitternachtssonne je nach Region Mitte Mai bis Ende Juli<br \/>\n<\/td><\/tr><tr class=''><td class='avia-highlight-col'>Bod\u00f8<\/td><td class='avia-highlight-col'>Oktober \u2013 M\u00e4rz<\/td><td class='avia-highlight-col'>Juni \u2013 September<\/td><td class='avia-highlight-col'>\u2022 Polarlichter im Sp\u00e4therbst und Winter<br \/>\n\u2022 Mitternachtssonne: 4. Juni \u2013 8. Juli<\/td><\/tr><tr class=''><td class='avia-highlight-col'>Vard\u00f8<\/td><td class='avia-highlight-col'>Oktober \u2013 M\u00e4rz<\/td><td class='avia-highlight-col'>Juni \u2013 September<\/td><td class='avia-highlight-col'>\u2022 Polarlichter im Sp\u00e4therbst und Winter<br \/>\n\u2022 Mitternachtssonne: 17. Mai \u2013 26. Juli<\/td><\/tr><\/tbody><\/table><\/div>\n\n<\/div><\/div><\/div><!-- close content main div --><\/div><\/div><div id='av_section_6'  class='avia-section av-jt5vrdgv-4386718e65b314e69682ca60ae604601 main_color avia-section-default avia-no-border-styling  avia-builder-el-14  el_after_av_section  el_before_av_section  reduced-content avia-bg-style-scroll container_wrap sidebar_right'  ><div class='container av-section-cont-open' ><div class='template-page content  av-content-small alpha units'><div class='post-entry post-entry-type-page post-entry-1005'><div class='entry-content-wrapper clearfix'>\n\n<style type=\"text\/css\" data-created_by=\"avia_inline_auto\" id=\"style-css-av-1g5aou-6e8505d9de1136ce38f66b0d0e5d2a36\">\n.flex_column.av-1g5aou-6e8505d9de1136ce38f66b0d0e5d2a36{\nborder-radius:0px 0px 0px 0px;\npadding:0px 0px 0px 0px;\n}\n<\/style>\n<div  class='flex_column av-1g5aou-6e8505d9de1136ce38f66b0d0e5d2a36 av_one_full  avia-builder-el-15  avia-builder-el-no-sibling  first flex_column_div av-zero-column-padding  '     ><section  class='av_textblock_section av-jt5tjyk0-1e04ddf86ca9bd8201b4b17bbb4a6491 '   itemscope=\"itemscope\" itemtype=\"https:\/\/schema.org\/BlogPosting\" itemprop=\"blogPost\" ><div class='avia_textblock'  itemprop=\"text\" ><h2>Die einzelnen Regionen im Detail<\/h2>\n<p>Fjorde bestaunen, Metropolen erkunden oder Polarlichter sehen? Die beste Reisezeit f\u00fcr Norwegen h\u00e4ngt von den pers\u00f6nlichen Vorlieben und der konkreten Region ab. Wir nehmen die verschiedenen Regionen Norwegens unter die Lupe und geben Ihnen Tipps f\u00fcr die jeweils beste Reisezeit an die Hand.<\/p>\n<\/div><\/section><\/div>\n\n<\/div><\/div><\/div><!-- close content main div --><\/div><\/div><div id='av_section_7'  class='avia-section av-jt5vrdgv-4386718e65b314e69682ca60ae604601 main_color avia-section-default avia-no-border-styling  avia-builder-el-17  el_after_av_section  el_before_av_section  reduced-content avia-bg-style-scroll container_wrap sidebar_right'  ><div class='container av-section-cont-open' ><div class='template-page content  av-content-small alpha units'><div class='post-entry post-entry-type-page post-entry-1005'><div class='entry-content-wrapper clearfix'>\n\n<style type=\"text\/css\" data-created_by=\"avia_inline_auto\" id=\"style-css-av-1g5aou-6e8505d9de1136ce38f66b0d0e5d2a36\">\n.flex_column.av-1g5aou-6e8505d9de1136ce38f66b0d0e5d2a36{\nborder-radius:0px 0px 0px 0px;\npadding:0px 0px 0px 0px;\n}\n<\/style>\n<div  class='flex_column av-1g5aou-6e8505d9de1136ce38f66b0d0e5d2a36 av_one_full  avia-builder-el-18  avia-builder-el-no-sibling  first flex_column_div av-zero-column-padding  '     ><section  class='av_textblock_section av-jt5tjyk0-1e04ddf86ca9bd8201b4b17bbb4a6491 '   itemscope=\"itemscope\" itemtype=\"https:\/\/schema.org\/BlogPosting\" itemprop=\"blogPost\" ><div class='avia_textblock'  itemprop=\"text\" ><h3>Norwegens S\u00fcden<\/h3>\n<p>Der S\u00fcden Norwegens gilt als die mit Abstand w\u00e4rmste und trockenste Region des Landes. F\u00fcr Camper, die die malerischen Fjorde und Natursch\u00f6nheiten Norwegens bei warmen Temperaturen erkunden m\u00f6chten, ist der Wohnmobil-Urlaub hier geradezu pr\u00e4destiniert. Praktisch: Auch die Monate Mai, Juni und September zeichnen sich im Regelfall durch viele Sonnenstunden aus. Wer die Camper-Tour durch S\u00fcdnorwegen in diesen Zeitraum legt, entgeht dem gr\u00f6\u00dften Touristenansturm der Hauptsaison \u2013 und spart kr\u00e4ftig Geld.<\/p>\n<\/div><\/section><\/div>\n\n<\/div><\/div><\/div><!-- close content main div --><\/div><\/div><div id='av_section_8'  class='avia-section av-b7gvl-1eb57de5f7b7a94c40602e8cf977ebb0 main_color avia-section-default avia-no-border-styling  avia-builder-el-20  el_after_av_section  el_before_av_section  reduced-content avia-bg-style-scroll container_wrap sidebar_right'  ><div class='container av-section-cont-open' ><div class='template-page content  av-content-small alpha units'><div class='post-entry post-entry-type-page post-entry-1005'><div class='entry-content-wrapper clearfix'>\n\n<style type=\"text\/css\" data-created_by=\"avia_inline_auto\" id=\"style-css-av-jtplvt5k-5e01d17be9cde2735b31bcfe6c9c28e3\">\n.avia-image-container.av-jtplvt5k-5e01d17be9cde2735b31bcfe6c9c28e3 img.avia_image{\nbox-shadow:none;\n}\n.avia-image-container.av-jtplvt5k-5e01d17be9cde2735b31bcfe6c9c28e3 .av-caption-image-overlay-bg{\nopacity:0.4;\nbackground-color:#000000;\n}\n.avia-image-container.av-jtplvt5k-5e01d17be9cde2735b31bcfe6c9c28e3 .av-image-caption-overlay-center{\ncolor:#ffffff;\n}\n<\/style>\n<div  class='avia-image-container av-jtplvt5k-5e01d17be9cde2735b31bcfe6c9c28e3 av-styling- av-img-linked avia_animated_image av-animated-when-visible-95 fade-in avia-align-center  avia-builder-el-21  avia-builder-el-no-sibling  noHover av-overlay-on-hover'   itemprop=\"image\" itemscope=\"itemscope\" itemtype=\"https:\/\/schema.org\/ImageObject\" ><div class=\"avia-image-container-inner\"><div class=\"avia-image-overlay-wrap\"><a href=\"https:\/\/www.tuicamper.com\/wp-docker\/wp-content\/uploads\/2019\/05\/preikestolen-1030x687.jpg\" data-srcset=\"https:\/\/www.tuicamper.com\/wp-docker\/wp-content\/uploads\/2019\/05\/preikestolen-1030x687.jpg 1030w, https:\/\/www.tuicamper.com\/wp-docker\/wp-content\/uploads\/2019\/05\/preikestolen-300x200.jpg 300w, https:\/\/www.tuicamper.com\/wp-docker\/wp-content\/uploads\/2019\/05\/preikestolen-768x512.jpg 768w, https:\/\/www.tuicamper.com\/wp-docker\/wp-content\/uploads\/2019\/05\/preikestolen-705x470.jpg 705w, https:\/\/www.tuicamper.com\/wp-docker\/wp-content\/uploads\/2019\/05\/preikestolen-450x300.jpg 450w, https:\/\/www.tuicamper.com\/wp-docker\/wp-content\/uploads\/2019\/05\/preikestolen.jpg 1280w\" data-sizes=\"(max-width: 1030px) 100vw, 1030px\" class='avia_image '  aria-label='Blick auf den Preikestolen'><div class=\"av-image-caption-overlay\"><div class=\"av-caption-image-overlay-bg\"><\/div><div class=\"av-image-caption-overlay-position\"><div class=\"av-image-caption-overlay-center\"><p>Blick auf den Preikestolen<\/p>\n<\/div><\/div><\/div><img decoding=\"async\" fetchpriority=\"high\" class='wp-image-2549 avia-img-lazy-loading-not-2549 avia_image ' src=\"https:\/\/www.tuicamper.com\/wp-docker\/wp-content\/uploads\/2019\/05\/preikestolen-1280x630.jpg\" alt='Blick auf den Preikestolen' title='Blick auf den Preikestolen'  height=\"630\" width=\"1280\"  itemprop=\"thumbnailUrl\"  \/><\/a><\/div><\/div><\/div>\n\n<\/div><\/div><\/div><!-- close content main div --><\/div><\/div><div id='av_section_9'  class='avia-section av-jt5vrdgv-4386718e65b314e69682ca60ae604601 main_color avia-section-default avia-no-border-styling  avia-builder-el-22  el_after_av_section  el_before_av_section  reduced-content avia-bg-style-scroll container_wrap sidebar_right'  ><div class='container av-section-cont-open' ><div class='template-page content  av-content-small alpha units'><div class='post-entry post-entry-type-page post-entry-1005'><div class='entry-content-wrapper clearfix'>\n\n<style type=\"text\/css\" data-created_by=\"avia_inline_auto\" id=\"style-css-av-1g5aou-6e8505d9de1136ce38f66b0d0e5d2a36\">\n.flex_column.av-1g5aou-6e8505d9de1136ce38f66b0d0e5d2a36{\nborder-radius:0px 0px 0px 0px;\npadding:0px 0px 0px 0px;\n}\n<\/style>\n<div  class='flex_column av-1g5aou-6e8505d9de1136ce38f66b0d0e5d2a36 av_one_full  avia-builder-el-23  avia-builder-el-no-sibling  first flex_column_div av-zero-column-padding  '     ><section  class='av_textblock_section av-jt5tjyk0-1e04ddf86ca9bd8201b4b17bbb4a6491 '   itemscope=\"itemscope\" itemtype=\"https:\/\/schema.org\/BlogPosting\" itemprop=\"blogPost\" ><div class='avia_textblock'  itemprop=\"text\" ><h3>Norwegens Osten<\/h3>\n<p>Der Osten Norwegens ist durch ein kontinentales Klima gepr\u00e4gt. Die Sommer sind zwar warm, im Winter kann es aber extrem kalt werden. Nicht umsonst sind die Sommermonate die bevorzugte Reisezeit f\u00fcr die Region. Wer prim\u00e4r die Ostk\u00fcste erkunden m\u00f6chte, findet aber auch noch im Fr\u00fchling und Herbst ein angenehmes Klima vor.<\/p>\n<\/div><\/section><\/div>\n\n<\/div><\/div><\/div><!-- close content main div --><\/div><\/div><div id='av_section_10'  class='avia-section av-jt5vrdgv-4386718e65b314e69682ca60ae604601 main_color avia-section-default avia-no-border-styling  avia-builder-el-25  el_after_av_section  el_before_av_textblock  reduced-content avia-bg-style-scroll container_wrap sidebar_right'  ><div class='container av-section-cont-open' ><div class='template-page content  av-content-small alpha units'><div class='post-entry post-entry-type-page post-entry-1005'><div class='entry-content-wrapper clearfix'>\n\n<style type=\"text\/css\" data-created_by=\"avia_inline_auto\" id=\"style-css-av-1g5aou-6e8505d9de1136ce38f66b0d0e5d2a36\">\n.flex_column.av-1g5aou-6e8505d9de1136ce38f66b0d0e5d2a36{\nborder-radius:0px 0px 0px 0px;\npadding:0px 0px 0px 0px;\n}\n<\/style>\n<div  class='flex_column av-1g5aou-6e8505d9de1136ce38f66b0d0e5d2a36 av_one_full  avia-builder-el-26  avia-builder-el-no-sibling  first flex_column_div av-zero-column-padding  '     ><section  class='av_textblock_section av-jt5tjyk0-1e04ddf86ca9bd8201b4b17bbb4a6491 '   itemscope=\"itemscope\" itemtype=\"https:\/\/schema.org\/BlogPosting\" itemprop=\"blogPost\" ><div class='avia_textblock'  itemprop=\"text\" ><h3>Norwegens Westen<\/h3>\n<p>Im Vergleich zum Osten ist der Westen Norwegens deutlich w\u00e4rmer. Im Regelfall sind die Temperaturen schon im Mai mild genug f\u00fcr ausgedehnte Erkundungstrips. Norwegens Westen birgt aber auch einen Nachteil: Nirgendwo sonst im Land kommt es h\u00e4ufiger zu Niederschl\u00e4gen. Bergen ist gar als regenreichste Stadt Europas verschrien. Regenklamotten geh\u00f6ren daher in jedem Fall an Bord.<\/p>\n<\/div><\/section><\/div>\n<\/div><\/div><\/div><!-- close content main div --><\/div><\/div><div id='after_section_10'  class='main_color av_default_container_wrap container_wrap sidebar_right'  ><div class='container av-section-cont-open' ><div class='template-page content  av-content-small alpha units'><div class='post-entry post-entry-type-page post-entry-1005'><div class='entry-content-wrapper clearfix'>\n<section  class='av_textblock_section av-jtpqpty6-550c066a997ebaf648fccc87d0b9ff16 '   itemscope=\"itemscope\" itemtype=\"https:\/\/schema.org\/BlogPosting\" itemprop=\"blogPost\" ><div class='avia_textblock'  itemprop=\"text\" >\r\n<div style=\"clear: both;\"><\/div>\r\n<div class=\"post-breaker-item breaker-type-default\">\r\n    <div class=\"post-breaker-item-inner\">\r\n                    \n<style type=\"text\/css\" data-created_by=\"avia_inline_auto\" id=\"style-css-av-jtpksizx-4b352f2a2752c01e58a4c67632af1aa6\">\n#top .av_textblock_section.av-jtpksizx-4b352f2a2752c01e58a4c67632af1aa6 .avia_textblock{\nfont-size:28px;\n}\n<\/style>\n<section  class='av_textblock_section av-jtpksizx-4b352f2a2752c01e58a4c67632af1aa6 '   itemscope=\"itemscope\" itemtype=\"https:\/\/schema.org\/BlogPosting\" itemprop=\"blogPost\" ><div class='avia_textblock'  itemprop=\"text\" ><p><strong>\u2013 Lesen Sie auch \u2013<\/strong><\/p>\n<\/div><\/section>\n\n<style type=\"text\/css\" data-created_by=\"avia_inline_auto\" id=\"style-css-av-ehyb5-42286bbb62f5c947921c50b729609f1d\">\n.flex_column.av-ehyb5-42286bbb62f5c947921c50b729609f1d{\nborder-radius:0px 0px 0px 0px;\npadding:0px 0px 0px 0px;\n}\n<\/style>\n<div  class='flex_column av-ehyb5-42286bbb62f5c947921c50b729609f1d av_one_third first flex_column_div av-zero-column-padding  '     ><p>\n<style type=\"text\/css\" data-created_by=\"avia_inline_auto\" id=\"style-css-av-jt75ko0n-4e38ca51c6e6137e3a5823e82df09974\">\n.avia-image-container.av-jt75ko0n-4e38ca51c6e6137e3a5823e82df09974 img.avia_image{\nbox-shadow:none;\n}\n.avia-image-container.av-jt75ko0n-4e38ca51c6e6137e3a5823e82df09974 .av-image-caption-overlay-center{\ncolor:#ffffff;\n}\n<\/style>\n<div  class='avia-image-container av-jt75ko0n-4e38ca51c6e6137e3a5823e82df09974 av-styling-no-styling av-hover-grow av-hide-overflow av-img-linked avia_animated_image av-animated-when-visible-95 fade-in avia-align-left'   itemprop=\"image\" itemscope=\"itemscope\" itemtype=\"https:\/\/schema.org\/ImageObject\" ><div class=\"avia-image-container-inner\"><div class=\"avia-image-overlay-wrap\"><a href=\"https:\/\/www.tuicamper.com\/magazin\/mit-dem-wohnmobil-zum-nordkap\/\" class='avia_image '  aria-label='Wohnmobil Nordkap'><img decoding=\"async\" fetchpriority=\"high\" class='wp-image-1521 avia-img-lazy-loading-not-1521 avia_image ' src=\"https:\/\/www.tuicamper.com\/wp-docker\/wp-content\/uploads\/2019\/04\/nordkap-teaser.jpg\" alt='Wohnmobil Nordkap' title='Wohnmobil Nordkap'  height=\"200\" width=\"350\"  itemprop=\"thumbnailUrl\" srcset=\"https:\/\/www.tuicamper.com\/wp-docker\/wp-content\/uploads\/2019\/04\/nordkap-teaser.jpg 350w, https:\/\/www.tuicamper.com\/wp-docker\/wp-content\/uploads\/2019\/04\/nordkap-teaser-300x171.jpg 300w\" sizes=\"(max-width: 350px) 100vw, 350px\" \/><\/a><\/div><\/div><\/div><br \/>\n<section  class='av_textblock_section av-jt75lbqb-bba29013bb6610b0762c56b6a5ae7819 '   itemscope=\"itemscope\" itemtype=\"https:\/\/schema.org\/BlogPosting\" itemprop=\"blogPost\" ><div class='avia_textblock'  itemprop=\"text\" ><p style=\"text-align: left;\"><strong><a href=\"https:\/\/www.tuicamper.com\/magazin\/mit-dem-wohnmobil-zum-nordkap\/\">Mit dem Wohnmobil zum Nordkap \u2013 Norwegens Norden entdecken<\/a><\/strong><\/p>\n<\/div><\/section><\/p><\/div>\n\n<style type=\"text\/css\" data-created_by=\"avia_inline_auto\" id=\"style-css-av-7tzf5-0c74ac4f5c6d3099336654f757cbc09f\">\n.flex_column.av-7tzf5-0c74ac4f5c6d3099336654f757cbc09f{\nborder-radius:0px 0px 0px 0px;\npadding:0px 0px 0px 0px;\n}\n<\/style>\n<div  class='flex_column av-7tzf5-0c74ac4f5c6d3099336654f757cbc09f av_one_third flex_column_div av-zero-column-padding  '     ><p>\n<style type=\"text\/css\" data-created_by=\"avia_inline_auto\" id=\"style-css-av-jt75ko0n-bd301f9f783a332fc7feea77749afe9f\">\n.avia-image-container.av-jt75ko0n-bd301f9f783a332fc7feea77749afe9f img.avia_image{\nbox-shadow:none;\n}\n.avia-image-container.av-jt75ko0n-bd301f9f783a332fc7feea77749afe9f .av-image-caption-overlay-center{\ncolor:#ffffff;\n}\n<\/style>\n<div  class='avia-image-container av-jt75ko0n-bd301f9f783a332fc7feea77749afe9f av-styling-no-styling av-hover-grow av-hide-overflow av-img-linked avia_animated_image av-animated-when-visible-95 fade-in avia-align-left'   itemprop=\"image\" itemscope=\"itemscope\" itemtype=\"https:\/\/schema.org\/ImageObject\" ><div class=\"avia-image-container-inner\"><div class=\"avia-image-overlay-wrap\"><a href=\"https:\/\/www.tuicamper.com\/magazin\/wohnmobil-reise-lappland\/\" class='avia_image '  aria-label='Lappland Reise'><img decoding=\"async\" fetchpriority=\"high\" class='wp-image-1214 avia-img-lazy-loading-not-1214 avia_image ' src=\"https:\/\/www.tuicamper.com\/wp-docker\/wp-content\/uploads\/2019\/04\/lappland-teaser.jpg\" alt='Lappland Reise' title='Lappland Reise'  height=\"200\" width=\"350\"  itemprop=\"thumbnailUrl\" srcset=\"https:\/\/www.tuicamper.com\/wp-docker\/wp-content\/uploads\/2019\/04\/lappland-teaser.jpg 350w, https:\/\/www.tuicamper.com\/wp-docker\/wp-content\/uploads\/2019\/04\/lappland-teaser-300x171.jpg 300w\" sizes=\"(max-width: 350px) 100vw, 350px\" \/><\/a><\/div><\/div><\/div><br \/>\n<section  class='av_textblock_section av-jt75lbqb-bba29013bb6610b0762c56b6a5ae7819 '   itemscope=\"itemscope\" itemtype=\"https:\/\/schema.org\/BlogPosting\" itemprop=\"blogPost\" ><div class='avia_textblock'  itemprop=\"text\" ><p style=\"text-align: left;\"><a href=\"https:\/\/www.tuicamper.com\/magazin\/wohnmobil-reise-lappland\/\"><strong>Wohnmobil Lappland \u2013 Polarlichter, Rentiere und spektakul\u00e4re Landschaften<\/strong><\/a><\/p>\n<\/div><\/section><\/p><\/div>\n\n<style type=\"text\/css\" data-created_by=\"avia_inline_auto\" id=\"style-css-av-mjaz5-8c98367a6c18636835015f228c708a47\">\n.flex_column.av-mjaz5-8c98367a6c18636835015f228c708a47{\nborder-radius:0px 0px 0px 0px;\npadding:0px 0px 0px 0px;\n}\n<\/style>\n<div  class='flex_column av-mjaz5-8c98367a6c18636835015f228c708a47 av_one_third flex_column_div av-zero-column-padding  '     ><p>\n<style type=\"text\/css\" data-created_by=\"avia_inline_auto\" id=\"style-css-av-jt75ko0n-caa53760818ad98dc313de76c5d82db3\">\n.avia-image-container.av-jt75ko0n-caa53760818ad98dc313de76c5d82db3 img.avia_image{\nbox-shadow:none;\n}\n.avia-image-container.av-jt75ko0n-caa53760818ad98dc313de76c5d82db3 .av-image-caption-overlay-center{\ncolor:#ffffff;\n}\n<\/style>\n<div  class='avia-image-container av-jt75ko0n-caa53760818ad98dc313de76c5d82db3 av-styling-no-styling av-hover-grow av-hide-overflow av-img-linked avia_animated_image av-animated-when-visible-95 fade-in avia-align-left'   itemprop=\"image\" itemscope=\"itemscope\" itemtype=\"https:\/\/schema.org\/ImageObject\" ><div class=\"avia-image-container-inner\"><div class=\"avia-image-overlay-wrap\"><a href=\"https:\/\/www.tuicamper.com\/magazin\/lofoten-rundreise\/\" class='avia_image '  aria-label='Lofoten Rundreise'><img decoding=\"async\" fetchpriority=\"high\" class='wp-image-3239 avia-img-lazy-loading-not-3239 avia_image ' src=\"https:\/\/www.tuicamper.com\/wp-docker\/wp-content\/uploads\/2019\/04\/lofoten-rundreise-teaser.jpg\" alt='Lofoten Rundreise' title='Lofoten Rundreise'  height=\"200\" width=\"350\"  itemprop=\"thumbnailUrl\" srcset=\"https:\/\/www.tuicamper.com\/wp-docker\/wp-content\/uploads\/2019\/04\/lofoten-rundreise-teaser.jpg 350w, https:\/\/www.tuicamper.com\/wp-docker\/wp-content\/uploads\/2019\/04\/lofoten-rundreise-teaser-300x171.jpg 300w\" sizes=\"(max-width: 350px) 100vw, 350px\" \/><\/a><\/div><\/div><\/div><br \/>\n<section  class='av_textblock_section av-jt75lbqb-bba29013bb6610b0762c56b6a5ae7819 '   itemscope=\"itemscope\" itemtype=\"https:\/\/schema.org\/BlogPosting\" itemprop=\"blogPost\" ><div class='avia_textblock'  itemprop=\"text\" ><p style=\"text-align: left;\"><a href=\"https:\/\/www.tuicamper.com\/magazin\/lofoten-rundreise\/\"><strong>Lofoten-Rundreise mit dem Camper \u2013 Camping, Reisezeit &amp; Highlights<\/strong><\/a><\/p>\n<\/div><\/section><\/p><\/div>\n            <div style=\"clear: both;\"><\/div>\r\n            <\/div>\r\n<\/div>\r\n\n<\/div><\/section>\n<\/div><\/div><\/div><!-- close content main div --><\/div><\/div><div id='av_section_11'  class='avia-section av-jt5vrdgv-4386718e65b314e69682ca60ae604601 main_color avia-section-default avia-no-border-styling  avia-builder-el-29  el_after_av_textblock  el_before_av_section  reduced-content avia-bg-style-scroll container_wrap sidebar_right'  ><div class='container av-section-cont-open' ><div class='template-page content  av-content-small alpha units'><div class='post-entry post-entry-type-page post-entry-1005'><div class='entry-content-wrapper clearfix'>\n\n<style type=\"text\/css\" data-created_by=\"avia_inline_auto\" id=\"style-css-av-1g5aou-6e8505d9de1136ce38f66b0d0e5d2a36\">\n.flex_column.av-1g5aou-6e8505d9de1136ce38f66b0d0e5d2a36{\nborder-radius:0px 0px 0px 0px;\npadding:0px 0px 0px 0px;\n}\n<\/style>\n<div  class='flex_column av-1g5aou-6e8505d9de1136ce38f66b0d0e5d2a36 av_one_full  avia-builder-el-30  avia-builder-el-no-sibling  first flex_column_div av-zero-column-padding  '     ><section  class='av_textblock_section av-jt5tjyk0-1e04ddf86ca9bd8201b4b17bbb4a6491 '   itemscope=\"itemscope\" itemtype=\"https:\/\/schema.org\/BlogPosting\" itemprop=\"blogPost\" ><div class='avia_textblock'  itemprop=\"text\" ><h3>Norwegens Norden<\/h3>\n<p>Nordnorwegen ist die k\u00e4lteste Region Norwegens. Als beste Reisezeit f\u00fcr Rundreisen gilt entsprechend Juni bis August. Je nach Region l\u00e4sst sich von Mitte Mai bis Ende Juli die ber\u00fchmte Mitternachtssonne bestaunen. Wer dagegen auf verschneite Winterlandschaften aus ist oder die spektakul\u00e4ren Polarlichter beobachten m\u00f6chte, weicht am besten auf Sp\u00e4therbst und Winter aus.<\/p>\n<\/div><\/section><\/div>\n\n<\/div><\/div><\/div><!-- close content main div --><\/div><\/div><div id='av_section_12'  class='avia-section av-b7gvl-1eb57de5f7b7a94c40602e8cf977ebb0 main_color avia-section-default avia-no-border-styling  avia-builder-el-32  el_after_av_section  el_before_av_section  reduced-content avia-bg-style-scroll container_wrap sidebar_right'  ><div class='container av-section-cont-open' ><div class='template-page content  av-content-small alpha units'><div class='post-entry post-entry-type-page post-entry-1005'><div class='entry-content-wrapper clearfix'>\n\n<style type=\"text\/css\" data-created_by=\"avia_inline_auto\" id=\"style-css-av-jtplvt5k-2c4de6ca506c9ef50d7b54c97bd02e21\">\n.avia-image-container.av-jtplvt5k-2c4de6ca506c9ef50d7b54c97bd02e21 img.avia_image{\nbox-shadow:none;\n}\n.avia-image-container.av-jtplvt5k-2c4de6ca506c9ef50d7b54c97bd02e21 .av-caption-image-overlay-bg{\nopacity:0.4;\nbackground-color:#000000;\n}\n.avia-image-container.av-jtplvt5k-2c4de6ca506c9ef50d7b54c97bd02e21 .av-image-caption-overlay-center{\ncolor:#ffffff;\n}\n<\/style>\n<div  class='avia-image-container av-jtplvt5k-2c4de6ca506c9ef50d7b54c97bd02e21 av-styling- av-img-linked avia_animated_image av-animated-when-visible-95 fade-in avia-align-center  avia-builder-el-33  avia-builder-el-no-sibling  noHover av-overlay-on-hover'   itemprop=\"image\" itemscope=\"itemscope\" itemtype=\"https:\/\/schema.org\/ImageObject\" ><div class=\"avia-image-container-inner\"><div class=\"avia-image-overlay-wrap\"><a href=\"https:\/\/www.tuicamper.com\/wp-docker\/wp-content\/uploads\/2019\/05\/mitternachtssonne-nordkap-1030x687.jpg\" data-srcset=\"https:\/\/www.tuicamper.com\/wp-docker\/wp-content\/uploads\/2019\/05\/mitternachtssonne-nordkap-1030x687.jpg 1030w, https:\/\/www.tuicamper.com\/wp-docker\/wp-content\/uploads\/2019\/05\/mitternachtssonne-nordkap-300x200.jpg 300w, https:\/\/www.tuicamper.com\/wp-docker\/wp-content\/uploads\/2019\/05\/mitternachtssonne-nordkap-768x512.jpg 768w, https:\/\/www.tuicamper.com\/wp-docker\/wp-content\/uploads\/2019\/05\/mitternachtssonne-nordkap-705x470.jpg 705w, https:\/\/www.tuicamper.com\/wp-docker\/wp-content\/uploads\/2019\/05\/mitternachtssonne-nordkap-450x300.jpg 450w, https:\/\/www.tuicamper.com\/wp-docker\/wp-content\/uploads\/2019\/05\/mitternachtssonne-nordkap.jpg 1280w\" data-sizes=\"(max-width: 1030px) 100vw, 1030px\" class='avia_image '  aria-label='Mitternachtssonne Nordkap'><div class=\"av-image-caption-overlay\"><div class=\"av-caption-image-overlay-bg\"><\/div><div class=\"av-image-caption-overlay-position\"><div class=\"av-image-caption-overlay-center\"><p>Mitternachtssonne Nordkap<\/p>\n<\/div><\/div><\/div><img decoding=\"async\" fetchpriority=\"high\" class='wp-image-2550 avia-img-lazy-loading-not-2550 avia_image ' src=\"https:\/\/www.tuicamper.com\/wp-docker\/wp-content\/uploads\/2019\/05\/mitternachtssonne-nordkap-1280x630.jpg\" alt='' title='Mitternachtssonne Nordkap'  height=\"630\" width=\"1280\"  itemprop=\"thumbnailUrl\"  \/><\/a><\/div><\/div><\/div>\n\n<\/div><\/div><\/div><!-- close content main div --><\/div><\/div><div id='av_section_13'  class='avia-section av-jt5vrdgv-4386718e65b314e69682ca60ae604601 main_color avia-section-default avia-no-border-styling  avia-builder-el-34  el_after_av_section  el_before_av_section  reduced-content avia-bg-style-scroll container_wrap sidebar_right'  ><div class='container av-section-cont-open' ><div class='template-page content  av-content-small alpha units'><div class='post-entry post-entry-type-page post-entry-1005'><div class='entry-content-wrapper clearfix'>\n\n<style type=\"text\/css\" data-created_by=\"avia_inline_auto\" id=\"style-css-av-1g5aou-6e8505d9de1136ce38f66b0d0e5d2a36\">\n.flex_column.av-1g5aou-6e8505d9de1136ce38f66b0d0e5d2a36{\nborder-radius:0px 0px 0px 0px;\npadding:0px 0px 0px 0px;\n}\n<\/style>\n<div  class='flex_column av-1g5aou-6e8505d9de1136ce38f66b0d0e5d2a36 av_one_full  avia-builder-el-35  avia-builder-el-no-sibling  first flex_column_div av-zero-column-padding  '     ><section  class='av_textblock_section av-jt5tjyk0-1e04ddf86ca9bd8201b4b17bbb4a6491 '   itemscope=\"itemscope\" itemtype=\"https:\/\/schema.org\/BlogPosting\" itemprop=\"blogPost\" ><div class='avia_textblock'  itemprop=\"text\" ><h3>Die K\u00fcstenregionen<\/h3>\n<p>Rund um die K\u00fcsten Norwegens sind die Temperaturen tendenziell milder als im Landesinneren. An der S\u00fcdost- und S\u00fcdwestk\u00fcste eignen sich die Temperaturen auch im Fr\u00fchling und Herbst f\u00fcr eine Camper-Tour. K\u00fcstenst\u00e4dte wie Oslo, Bergen, Trondheim und Co. k\u00f6nnen Sie prinzipiell nat\u00fcrlich das ganze Jahr \u00fcber besuchen.<\/p>\n<\/div><\/section><\/div>\n\n<\/div><\/div><\/div><!-- close content main div --><\/div><\/div><div id='av_section_14'  class='avia-section av-jt5vrdgv-4386718e65b314e69682ca60ae604601 main_color avia-section-default avia-no-border-styling  avia-builder-el-37  el_after_av_section  avia-builder-el-last  reduced-content avia-bg-style-scroll container_wrap sidebar_right'  ><div class='container av-section-cont-open' ><div class='template-page content  av-content-small alpha units'><div class='post-entry post-entry-type-page post-entry-1005'><div class='entry-content-wrapper clearfix'>\n<div  class='avia-button-wrap av-ju2eusip-0233a614101b46dc95d8c20119c3c1aa-wrap avia-button-center  avia-builder-el-38  el_before_av_one_full  avia-builder-el-first '><a href='https:\/\/www.tuicamper.com\/reiseziele\/europa\/norwegen\/'  class='avia-button av-ju2eusip-0233a614101b46dc95d8c20119c3c1aa av-link-btn avia-icon_select-yes-right-icon avia-size-large avia-position-center avia-color-theme-color'   aria-label=\"Jetzt Wohnmobil mieten f\u00fcr Norwegen\"><span class='avia_iconbox_title' >Jetzt Wohnmobil mieten f\u00fcr Norwegen<\/span><span class='avia_button_icon avia_button_icon_right avia-iconfont avia-font-entypo-fontello' data-av_icon='\ue875' data-av_iconfont='entypo-fontello' ><\/span><\/a><\/div>\n\n<style type=\"text\/css\" data-created_by=\"avia_inline_auto\" id=\"style-css-av-1g5aou-6e8505d9de1136ce38f66b0d0e5d2a36\">\n.flex_column.av-1g5aou-6e8505d9de1136ce38f66b0d0e5d2a36{\nborder-radius:0px 0px 0px 0px;\npadding:0px 0px 0px 0px;\n}\n<\/style>\n<div  class='flex_column av-1g5aou-6e8505d9de1136ce38f66b0d0e5d2a36 av_one_full  avia-builder-el-39  el_after_av_button  el_before_av_social_share  first flex_column_div av-zero-column-padding  '     ><style type=\"text\/css\" data-created_by=\"avia_inline_auto\" id=\"style-css-av-jt5tjyk0-26a28d0242835cbba60d70517a13c769\">\n#top .av_textblock_section.av-jt5tjyk0-26a28d0242835cbba60d70517a13c769 .avia_textblock{\nfont-size:28px;\n}\n<\/style>\n<section  class='av_textblock_section av-jt5tjyk0-26a28d0242835cbba60d70517a13c769 '   itemscope=\"itemscope\" itemtype=\"https:\/\/schema.org\/BlogPosting\" itemprop=\"blogPost\" ><div class='avia_textblock'  itemprop=\"text\" ><p><strong>Ihr TUI CAMPER-Team w\u00fcnscht Ihnen einen erlebnisreichen Urlaub in Norwegen!<\/strong><\/p>\n<\/div><\/section><\/div><div  class='av-social-sharing-box av-10zg8-8676a2d54b4a15bbf6c39a1c18f0815b av-social-sharing-box-default  avia-builder-el-41  el_after_av_one_full  avia-builder-el-last  av-social-sharing-box-fullwidth'><div class=\"av-share-box\"><ul class=\"av-share-box-list noLightbox\"><li class='av-share-link av-social-link-facebook avia_social_iconfont' ><a target=\"_blank\" aria-label=\"Teilen auf Facebook\" href='https:\/\/www.facebook.com\/sharer.php?u=https:\/\/www.tuicamper.com\/magazin\/beste-reisezeit-norwegen\/&#038;t=Beste%20Reisezeit%20Norwegen%3A%20Wetter%20%26%20Reisezeit%20f%C3%BCr%20alle%20Regionen' data-av_icon='\ue8f3' data-av_iconfont='entypo-fontello'  title='' data-avia-related-tooltip='Teilen auf Facebook'><span class='avia_hidden_link_text'>Teilen auf Facebook<\/span><\/a><\/li><li class='av-share-link av-social-link-twitter avia_social_iconfont' ><a target=\"_blank\" aria-label=\"Teilen auf X\" href='https:\/\/twitter.com\/share?text=Beste%20Reisezeit%20Norwegen%3A%20Wetter%20%26%20Reisezeit%20f%C3%BCr%20alle%20Regionen&#038;url=https:\/\/www.tuicamper.com\/magazin\/beste-reisezeit-norwegen\/' data-av_icon='\ue932' data-av_iconfont='entypo-fontello'  title='' data-avia-related-tooltip='Teilen auf X'><span class='avia_hidden_link_text'>Teilen auf X<\/span><\/a><\/li><li class='av-share-link av-social-link-whatsapp avia_social_iconfont' ><a target=\"_blank\" aria-label=\"Teilen auf WhatsApp\" href='https:\/\/api.whatsapp.com\/send?text=https:\/\/www.tuicamper.com\/magazin\/beste-reisezeit-norwegen\/' data-av_icon='\uf232' data-av_iconfont='entypo-fontello'  title='' data-avia-related-tooltip='Teilen auf WhatsApp'><span class='avia_hidden_link_text'>Teilen auf WhatsApp<\/span><\/a><\/li><li class='av-share-link av-social-link-pinterest avia_social_iconfont' ><a target=\"_blank\" aria-label=\"Teilen auf Pinterest\" href='https:\/\/pinterest.com\/pin\/create\/button\/?url=https%3A%2F%2Fwww.tuicamper.com%2Fmagazin%2Fbeste-reisezeit-norwegen%2F&#038;description=Beste%20Reisezeit%20Norwegen%3A%20Wetter%20%26%20Reisezeit%20f%C3%BCr%20alle%20Regionen&#038;media=https%3A%2F%2Fwww.tuicamper.com%2Fwp-docker%2Fwp-content%2Fuploads%2F2019%2F05%2Freisezeit-norwegen-705x269.jpg' data-av_icon='\ue8f8' data-av_iconfont='entypo-fontello'  title='' data-avia-related-tooltip='Teilen auf Pinterest'><span class='avia_hidden_link_text'>Teilen auf Pinterest<\/span><\/a><\/li><li class='av-share-link av-social-link-mail avia_social_iconfont' ><a  aria-label=\"Per E-Mail teilen\" href='mailto:?subject=Beste%20Reisezeit%20Norwegen%3A%20Wetter%20%26%20Reisezeit%20f%C3%BCr%20alle%20Regionen&#038;body=https:\/\/www.tuicamper.com\/magazin\/beste-reisezeit-norwegen\/' data-av_icon='\ue805' data-av_iconfont='entypo-fontello'  title='' data-avia-related-tooltip='Per E-Mail teilen'><span class='avia_hidden_link_text'>Per E-Mail teilen<\/span><\/a><\/li><\/ul><\/div><\/div>\n<\/div><\/div><\/div><!-- close content main div --><\/div><\/div><div id='after_section_14'  class='main_color av_default_container_wrap container_wrap sidebar_right'  ><div class='container av-section-cont-open' ><div class='template-page content  av-content-small alpha units'><div class='post-entry post-entry-type-page post-entry-1005'><div class='entry-content-wrapper clearfix'>\n","protected":false},"excerpt":{"rendered":"<p>Norwegen vereint mehrere Klimazonen miteinander und ist nicht nur im Sommer einen Besuch wert. Lesen Sie hier alles, was Sie zur besten Reisezeit wissen m\u00fcssen!<\/p>\n","protected":false},"author":3,"featured_media":2543,"comment_status":"open","ping_status":"open","sticky":false,"template":"","format":"standard","meta":{"footnotes":""},"categories":[29],"tags":[48,63,19],"class_list":["post-1005","post","type-post","status-publish","format-standard","has-post-thumbnail","hentry","category-reisezeit","tag-buchungstipps","tag-norwegen","tag-sommer"],"yoast_head":"<!-- This site is optimized with the Yoast SEO plugin v27.4 - https:\/\/yoast.com\/product\/yoast-seo-wordpress\/ -->\n<title>Beste Reisezeit Norwegen: Wetter &amp; Reisezeit f\u00fcr alle Regionen<\/title>\n<meta name=\"description\" content=\"Norwegen vereint mehrere Klimazonen miteinander und ist nicht nur im Sommer einen Besuch wert. Lesen Sie hier alles, was Sie zur besten Reisezeit wissen m\u00fcssen!\" \/>\n<meta name=\"robots\" content=\"index, follow, max-snippet:-1, max-image-preview:large, max-video-preview:-1\" \/>\n<link rel=\"canonical\" href=\"https:\/\/www.tuicamper.com\/magazin\/beste-reisezeit-norwegen\/\" \/>\n<meta property=\"og:locale\" content=\"de_DE\" \/>\n<meta property=\"og:type\" content=\"article\" \/>\n<meta property=\"og:title\" content=\"Beste Reisezeit Norwegen: Wetter &amp; Reisezeit f\u00fcr alle Regionen\" \/>\n<meta property=\"og:description\" content=\"Norwegen vereint mehrere Klimazonen miteinander und ist nicht nur im Sommer einen Besuch wert. Lesen Sie hier alles, was Sie zur besten Reisezeit wissen m\u00fcssen!\" \/>\n<meta property=\"og:url\" content=\"https:\/\/www.tuicamper.com\/magazin\/beste-reisezeit-norwegen\/\" \/>\n<meta property=\"og:site_name\" content=\"TUI Camper Magazin\" \/>\n<meta property=\"article:published_time\" content=\"2019-05-02T13:42:58+00:00\" \/>\n<meta property=\"article:modified_time\" content=\"2019-05-03T09:48:56+00:00\" \/>\n<meta property=\"og:image\" content=\"https:\/\/www.tuicamper.com\/wp-docker\/wp-content\/uploads\/2019\/05\/reisezeit-norwegen.jpg\" \/>\n\t<meta property=\"og:image:width\" content=\"1310\" \/>\n\t<meta property=\"og:image:height\" content=\"500\" \/>\n\t<meta property=\"og:image:type\" content=\"image\/jpeg\" \/>\n<meta name=\"author\" content=\"S\u00f6ren Cortekar\" \/>\n<meta name=\"twitter:card\" content=\"summary_large_image\" \/>\n<meta name=\"twitter:label1\" content=\"Verfasst von\" \/>\n\t<meta name=\"twitter:data1\" content=\"S\u00f6ren Cortekar\" \/>\n\t<meta name=\"twitter:label2\" content=\"Gesch\u00e4tzte Lesezeit\" \/>\n\t<meta name=\"twitter:data2\" content=\"23\u00a0Minuten\" \/>\n<!-- \/ Yoast SEO plugin. -->","yoast_head_json":{"title":"Beste Reisezeit Norwegen: Wetter & Reisezeit f\u00fcr alle Regionen","description":"Norwegen vereint mehrere Klimazonen miteinander und ist nicht nur im Sommer einen Besuch wert. Lesen Sie hier alles, was Sie zur besten Reisezeit wissen m\u00fcssen!","robots":{"index":"index","follow":"follow","max-snippet":"max-snippet:-1","max-image-preview":"max-image-preview:large","max-video-preview":"max-video-preview:-1"},"canonical":"https:\/\/www.tuicamper.com\/magazin\/beste-reisezeit-norwegen\/","og_locale":"de_DE","og_type":"article","og_title":"Beste Reisezeit Norwegen: Wetter & Reisezeit f\u00fcr alle Regionen","og_description":"Norwegen vereint mehrere Klimazonen miteinander und ist nicht nur im Sommer einen Besuch wert. Lesen Sie hier alles, was Sie zur besten Reisezeit wissen m\u00fcssen!","og_url":"https:\/\/www.tuicamper.com\/magazin\/beste-reisezeit-norwegen\/","og_site_name":"TUI Camper Magazin","article_published_time":"2019-05-02T13:42:58+00:00","article_modified_time":"2019-05-03T09:48:56+00:00","og_image":[{"width":1310,"height":500,"url":"https:\/\/www.tuicamper.com\/wp-docker\/wp-content\/uploads\/2019\/05\/reisezeit-norwegen.jpg","type":"image\/jpeg"}],"author":"S\u00f6ren Cortekar","twitter_card":"summary_large_image","twitter_misc":{"Verfasst von":"S\u00f6ren Cortekar","Gesch\u00e4tzte Lesezeit":"23\u00a0Minuten"},"schema":{"@context":"https:\/\/schema.org","@graph":[{"@type":"Article","@id":"https:\/\/www.tuicamper.com\/magazin\/beste-reisezeit-norwegen\/#article","isPartOf":{"@id":"https:\/\/www.tuicamper.com\/magazin\/beste-reisezeit-norwegen\/"},"author":{"name":"S\u00f6ren Cortekar","@id":"https:\/\/www.tuicamper.com\/wp-docker\/#\/schema\/person\/a9ad15b73e3b6169a6c4a794a58d1ea6"},"headline":"Beste Reisezeit Norwegen: Wetter &#038; Reisezeit f\u00fcr alle Regionen","datePublished":"2019-05-02T13:42:58+00:00","dateModified":"2019-05-03T09:48:56+00:00","mainEntityOfPage":{"@id":"https:\/\/www.tuicamper.com\/magazin\/beste-reisezeit-norwegen\/"},"wordCount":3828,"commentCount":0,"image":{"@id":"https:\/\/www.tuicamper.com\/magazin\/beste-reisezeit-norwegen\/#primaryimage"},"thumbnailUrl":"https:\/\/www.tuicamper.com\/wp-docker\/wp-content\/uploads\/2019\/05\/reisezeit-norwegen.jpg","keywords":["Buchungstipps","Norwegen","Sommer"],"articleSection":["Reisezeit"],"inLanguage":"de","potentialAction":[{"@type":"CommentAction","name":"Comment","target":["https:\/\/www.tuicamper.com\/magazin\/beste-reisezeit-norwegen\/#respond"]}]},{"@type":"WebPage","@id":"https:\/\/www.tuicamper.com\/magazin\/beste-reisezeit-norwegen\/","url":"https:\/\/www.tuicamper.com\/magazin\/beste-reisezeit-norwegen\/","name":"Beste Reisezeit Norwegen: Wetter & Reisezeit f\u00fcr alle Regionen","isPartOf":{"@id":"https:\/\/www.tuicamper.com\/#website"},"primaryImageOfPage":{"@id":"https:\/\/www.tuicamper.com\/magazin\/beste-reisezeit-norwegen\/#primaryimage"},"image":{"@id":"https:\/\/www.tuicamper.com\/magazin\/beste-reisezeit-norwegen\/#primaryimage"},"thumbnailUrl":"https:\/\/www.tuicamper.com\/wp-content\/uploads\/2019\/05\/reisezeit-norwegen.jpg","datePublished":"2019-05-02T13:42:58+00:00","dateModified":"2019-05-03T09:48:56+00:00","author":{"@id":"https:\/\/www.tuicamper.com\/#\/schema\/person\/a9ad15b73e3b6169a6c4a794a58d1ea6"},"description":"Norwegen vereint mehrere Klimazonen miteinander und ist nicht nur im Sommer einen Besuch wert. Lesen Sie hier alles, was Sie zur besten Reisezeit wissen m\u00fcssen!","breadcrumb":{"@id":"https:\/\/www.tuicamper.com\/magazin\/beste-reisezeit-norwegen\/#breadcrumb"},"inLanguage":"de","potentialAction":["Array"]},{"@type":"ImageObject","inLanguage":"de","@id":"https:\/\/www.tuicamper.com\/magazin\/beste-reisezeit-norwegen\/#primaryimage","url":"https:\/\/www.tuicamper.com\/wp-docker\/wp-content\/uploads\/2019\/05\/reisezeit-norwegen.jpg","contentUrl":"https:\/\/www.tuicamper.com\/wp-docker\/wp-content\/uploads\/2019\/05\/reisezeit-norwegen.jpg","width":1310,"height":500,"caption":"Reisezeit Norwegen"},{"@type":"BreadcrumbList","@id":"https:\/\/www.tuicamper.com\/magazin\/beste-reisezeit-norwegen\/#breadcrumb","itemListElement":[{"@type":"ListItem","position":1,"name":"Startseite","item":"https:\/\/www.tuicamper.com\/wp-docker\/"},{"@type":"ListItem","position":2,"name":"Beste Reisezeit Norwegen: Wetter &#038; Reisezeit f\u00fcr alle Regionen"}]},{"@type":"WebSite","@id":"https:\/\/www.tuicamper.com\/#website","url":"https:\/\/www.tuicamper.com\/","name":"TUI Camper Magazin","description":"","potentialAction":["Array"],"inLanguage":"de"},{"@type":"Person","@id":"https:\/\/www.tuicamper.com\/wp-docker\/#\/schema\/person\/a9ad15b73e3b6169a6c4a794a58d1ea6","name":"S\u00f6ren Cortekar","image":{"@type":"ImageObject","inLanguage":"de","@id":"https:\/\/secure.gravatar.com\/avatar\/399f9c9096d84e9147b61735bfa53689fd2add8aa9c074669869e4c106f7df59?s=96&d=mm&r=g","url":"https:\/\/secure.gravatar.com\/avatar\/399f9c9096d84e9147b61735bfa53689fd2add8aa9c074669869e4c106f7df59?s=96&d=mm&r=g","contentUrl":"https:\/\/secure.gravatar.com\/avatar\/399f9c9096d84e9147b61735bfa53689fd2add8aa9c074669869e4c106f7df59?s=96&d=mm&r=g","caption":"S\u00f6ren Cortekar"},"url":"https:\/\/www.tuicamper.com\/wp-docker\/magazin\/author\/soeren-cortekar\/"}]}},"_links":{"self":[{"href":"https:\/\/www.tuicamper.com\/wp-docker\/wp-json\/wp\/v2\/posts\/1005","targetHints":{"allow":["GET"]}}],"collection":[{"href":"https:\/\/www.tuicamper.com\/wp-docker\/wp-json\/wp\/v2\/posts"}],"about":[{"href":"https:\/\/www.tuicamper.com\/wp-docker\/wp-json\/wp\/v2\/types\/post"}],"author":[{"embeddable":true,"href":"https:\/\/www.tuicamper.com\/wp-docker\/wp-json\/wp\/v2\/users\/3"}],"replies":[{"embeddable":true,"href":"https:\/\/www.tuicamper.com\/wp-docker\/wp-json\/wp\/v2\/comments?post=1005"}],"version-history":[{"count":19,"href":"https:\/\/www.tuicamper.com\/wp-docker\/wp-json\/wp\/v2\/posts\/1005\/revisions"}],"predecessor-version":[{"id":2556,"href":"https:\/\/www.tuicamper.com\/wp-docker\/wp-json\/wp\/v2\/posts\/1005\/revisions\/2556"}],"wp:featuredmedia":[{"embeddable":true,"href":"https:\/\/www.tuicamper.com\/wp-docker\/wp-json\/wp\/v2\/media\/2543"}],"wp:attachment":[{"href":"https:\/\/www.tuicamper.com\/wp-docker\/wp-json\/wp\/v2\/media?parent=1005"}],"wp:term":[{"taxonomy":"category","embeddable":true,"href":"https:\/\/www.tuicamper.com\/wp-docker\/wp-json\/wp\/v2\/categories?post=1005"},{"taxonomy":"post_tag","embeddable":true,"href":"https:\/\/www.tuicamper.com\/wp-docker\/wp-json\/wp\/v2\/tags?post=1005"}],"curies":[{"name":"wp","href":"https:\/\/api.w.org\/{rel}","templated":true}]}}